{"id":183279,"date":"2025-03-15T10:45:00","date_gmt":"2025-03-15T13:45:00","guid":{"rendered":"https:\/\/www.hoymercedes.com.ar\/principal\/?p=183279"},"modified":"2025-03-14T18:50:49","modified_gmt":"2025-03-14T21:50:49","slug":"empresas-mercedinas-participaron-de-ronda-de-negocio-en-chivilcoy","status":"publish","type":"post","link":"https:\/\/www.hoymercedes.com.ar\/principal\/2025\/03\/15\/empresas-mercedinas-participaron-de-ronda-de-negocio-en-chivilcoy\/","title":{"rendered":"Empresas mercedinas participaron de Ronda de Negocio en Chivilcoy"},"content":{"rendered":"\n<p>M\u00e1s de diez empresas socias de la C\u00e1mara Econ\u00f3mica Mercedina (CEM) participaron de la Ronda de Negocios Multisectorial 2025, que se realiz\u00f3 el viernes en Chivilcoy. El evento cont\u00f3 con la presencia de 140 empresas de distintos sectores de la regi\u00f3n.<\/p>\n\n\n<div class=\"wp-block-image\">\n<figure class=\"aligncenter size-full\"><img loading=\"lazy\" decoding=\"async\" width=\"800\" height=\"533\" data-attachment-id=\"183280\" data-permalink=\"https:\/\/www.hoymercedes.com.ar\/principal\/2025\/03\/15\/empresas-mercedinas-participaron-de-ronda-de-negocio-en-chivilcoy\/whatsapp-image-2025-03-14-at-15-48-57\/#main\" data-orig-file=\"https:\/\/www.hoymercedes.com.ar\/principal\/wp-content\/uploads\/2025\/03\/WhatsApp-Image-2025-03-14-at-15.48.57.jpg\" data-orig-size=\"800,533\" data-comments-opened=\"0\" data-image-meta=\"{&quot;aperture&quot;:&quot;0&quot;,&quot;credit&quot;:&quot;&quot;,&quot;camera&quot;:&quot;&quot;,&quot;caption&quot;:&quot;&quot;,&quot;created_timestamp&quot;:&quot;0&quot;,&quot;copyright&quot;:&quot;&quot;,&quot;focal_length&quot;:&quot;0&quot;,&quot;iso&quot;:&quot;0&quot;,&quot;shutter_speed&quot;:&quot;0&quot;,&quot;title&quot;:&quot;&quot;,&quot;orientation&quot;:&quot;0&quot;}\" data-image-title=\"WhatsApp Image 2025-03-14 at 15.48.57\" data-image-description=\"\" data-image-caption=\"\" data-large-file=\"https:\/\/www.hoymercedes.com.ar\/principal\/wp-content\/uploads\/2025\/03\/WhatsApp-Image-2025-03-14-at-15.48.57.jpg\" src=\"https:\/\/www.hoymercedes.com.ar\/principal\/wp-content\/uploads\/2025\/03\/WhatsApp-Image-2025-03-14-at-15.48.57.jpg\" alt=\"\" class=\"wp-image-183280\" srcset=\"https:\/\/www.hoymercedes.com.ar\/principal\/wp-content\/uploads\/2025\/03\/WhatsApp-Image-2025-03-14-at-15.48.57.jpg 800w, https:\/\/www.hoymercedes.com.ar\/principal\/wp-content\/uploads\/2025\/03\/WhatsApp-Image-2025-03-14-at-15.48.57-630x420.jpg 630w, https:\/\/www.hoymercedes.com.ar\/principal\/wp-content\/uploads\/2025\/03\/WhatsApp-Image-2025-03-14-at-15.48.57-150x100.jpg 150w, https:\/\/www.hoymercedes.com.ar\/principal\/wp-content\/uploads\/2025\/03\/WhatsApp-Image-2025-03-14-at-15.48.57-700x465.jpg 700w\" sizes=\"auto, (max-width: 800px) 100vw, 800px\" \/><\/figure>\n<\/div>\n\n\n<p>La delegaci\u00f3n mercedina estuvo encabezada por Carlos Garanzini (presidente de la CEM) y Ariel Pietrucha (gerente), quienes destacaron la importancia del evento para fortalecer lazos comerciales y generar nuevas oportunidades de negocio en la regi\u00f3n.<\/p>\n\n\n\n<p>Las empresas de Mercedes que formaron parte de la ronda fueron: Oxi Mercedes SA, Pallet Sirans SRL, GD Consultora, Ovodec SA, Grill Mercedes, DZ&amp;SONS SA \/ Transporte Jouve, Mecanizados La Regina, EDINA Consultora, BLM Servicios Financieros y Grupo E y P<\/p>\n\n\n\n<p>El evento, organizado por la C\u00e1mara Econ\u00f3mica de Chivilcoy (CECOINSE), cont\u00f3 con el respaldo del Municipio de Chivilcoy, adem\u00e1s de c\u00e1maras empresariales como FEBA, ADIBA, UIPBA y CAME.<\/p>\n\n\n\n<p><strong>Un espacio clave para el desarrollo empresarial<br><\/strong>La ronda reuni\u00f3 a empresas de los corredores de la Ruta Nacional 7 (Mor\u00f3n-Luj\u00e1n), Ruta Nacional 5 (Luj\u00e1n-Santa Rosa, La Pampa) y Ruta Nacional 35 (Santa Rosa-Bah\u00eda Blanca), consolidando a Chivilcoy como un punto estrat\u00e9gico para el comercio y la industria.<\/p>\n\n\n\n<p>Desde la CEM valoraron la convocatoria y destacaron que este tipo de encuentros son fundamentales para el crecimiento del sector productivo mercedino.<\/p>\n\n\n\n<p>Fuente: Prensa CEM<\/p>\n","protected":false},"excerpt":{"rendered":"<p>M\u00e1s de diez empresas socias de la C\u00e1mara Econ\u00f3mica Mercedina (CEM) participaron de la Ronda de Negocios Multisectorial 2025, que &#8230; <a title=\"Empresas mercedinas participaron de Ronda de Negocio en Chivilcoy\" class=\"read-more\" href=\"https:\/\/www.hoymercedes.com.ar\/principal\/2025\/03\/15\/empresas-mercedinas-participaron-de-ronda-de-negocio-en-chivilcoy\/\" aria-label=\"Leer m\u00e1s sobre Empresas mercedinas participaron de Ronda de Negocio en Chivilcoy\">Leer m\u00e1s<\/a><\/p>\n","protected":false},"author":1,"featured_media":183280,"comment_status":"closed","ping_status":"open","sticky":false,"template":"","format":"standard","meta":{"_monsterinsights_skip_tracking":false,"_monsterinsights_sitenote_active":false,"_monsterinsights_sitenote_note":"","_monsterinsights_sitenote_category":0,"jetpack_post_was_ever_published":false,"_jetpack_newsletter_access":"","_jetpack_dont_email_post_to_subs":false,"_jetpack_newsletter_tier_id":0,"_jetpack_memberships_contains_paywalled_content":false,"_jetpack_memberships_contains_paid_content":false,"footnotes":"","jetpack_publicize_message":"","jetpack_publicize_feature_enabled":true,"jetpack_social_post_already_shared":true,"jetpack_social_options":{"image_generator_settings":{"template":"highway","default_image_id":0,"font":"","enabled":false},"version":2},"_wpas_customize_per_network":false},"categories":[8],"tags":[],"class_list":["post-183279","post","type-post","status-publish","format-standard","has-post-thumbnail","hentry","category-sociedad","generate-columns","tablet-grid-50","mobile-grid-100","grid-parent","grid-50"],"jetpack_publicize_connections":[],"jetpack_featured_media_url":"https:\/\/www.hoymercedes.com.ar\/principal\/wp-content\/uploads\/2025\/03\/WhatsApp-Image-2025-03-14-at-15.48.57.jpg","wps_subtitle":"","jetpack_sharing_enabled":true,"_links":{"self":[{"href":"https:\/\/www.hoymercedes.com.ar\/principal\/wp-json\/wp\/v2\/posts\/183279","targetHints":{"allow":["GET"]}}],"collection":[{"href":"https:\/\/www.hoymercedes.com.ar\/principal\/wp-json\/wp\/v2\/posts"}],"about":[{"href":"https:\/\/www.hoymercedes.com.ar\/principal\/wp-json\/wp\/v2\/types\/post"}],"author":[{"embeddable":true,"href":"https:\/\/www.hoymercedes.com.ar\/principal\/wp-json\/wp\/v2\/users\/1"}],"replies":[{"embeddable":true,"href":"https:\/\/www.hoymercedes.com.ar\/principal\/wp-json\/wp\/v2\/comments?post=183279"}],"version-history":[{"count":1,"href":"https:\/\/www.hoymercedes.com.ar\/principal\/wp-json\/wp\/v2\/posts\/183279\/revisions"}],"predecessor-version":[{"id":183281,"href":"https:\/\/www.hoymercedes.com.ar\/principal\/wp-json\/wp\/v2\/posts\/183279\/revisions\/183281"}],"wp:featuredmedia":[{"embeddable":true,"href":"https:\/\/www.hoymercedes.com.ar\/principal\/wp-json\/wp\/v2\/media\/183280"}],"wp:attachment":[{"href":"https:\/\/www.hoymercedes.com.ar\/principal\/wp-json\/wp\/v2\/media?parent=183279"}],"wp:term":[{"taxonomy":"category","embeddable":true,"href":"https:\/\/www.hoymercedes.com.ar\/principal\/wp-json\/wp\/v2\/categories?post=183279"},{"taxonomy":"post_tag","embeddable":true,"href":"https:\/\/www.hoymercedes.com.ar\/principal\/wp-json\/wp\/v2\/tags?post=183279"}],"curies":[{"name":"wp","href":"https:\/\/api.w.org\/{rel}","templated":true}]}}