{"id":183300,"date":"2025-03-15T12:48:46","date_gmt":"2025-03-15T15:48:46","guid":{"rendered":"https:\/\/www.hoymercedes.com.ar\/principal\/?p=183300"},"modified":"2025-03-15T12:51:09","modified_gmt":"2025-03-15T15:51:09","slug":"salo-el-primer-camion-repleto-de-solidaridad-mercedina-a-bahia-blanca","status":"publish","type":"post","link":"https:\/\/www.hoymercedes.com.ar\/principal\/2025\/03\/15\/salo-el-primer-camion-repleto-de-solidaridad-mercedina-a-bahia-blanca\/","title":{"rendered":"Sali\u00f3 el primer cami\u00f3n repleto de solidaridad mercedina a Bah\u00eda Blanca"},"content":{"rendered":"\n<figure class=\"wp-block-image size-large\"><img loading=\"lazy\" decoding=\"async\" width=\"1024\" height=\"682\" data-attachment-id=\"183301\" data-permalink=\"https:\/\/www.hoymercedes.com.ar\/principal\/2025\/03\/15\/salo-el-primer-camion-repleto-de-solidaridad-mercedina-a-bahia-blanca\/camion-bahiablanca-mercedes\/#main\" data-orig-file=\"https:\/\/www.hoymercedes.com.ar\/principal\/wp-content\/uploads\/2025\/03\/Camion-BahiaBlanca-Mercedes.jpg\" data-orig-size=\"1319,879\" data-comments-opened=\"0\" data-image-meta=\"{&quot;aperture&quot;:&quot;0&quot;,&quot;credit&quot;:&quot;&quot;,&quot;camera&quot;:&quot;&quot;,&quot;caption&quot;:&quot;&quot;,&quot;created_timestamp&quot;:&quot;0&quot;,&quot;copyright&quot;:&quot;&quot;,&quot;focal_length&quot;:&quot;0&quot;,&quot;iso&quot;:&quot;0&quot;,&quot;shutter_speed&quot;:&quot;0&quot;,&quot;title&quot;:&quot;&quot;,&quot;orientation&quot;:&quot;0&quot;}\" data-image-title=\"Camion-BahiaBlanca-Mercedes\" data-image-description=\"&lt;p&gt;Sal\u00f3 el primer cami\u00f3n repleto de solidaridad mercedina a Bah\u00eda Blanca&lt;\/p&gt;\n\" data-image-caption=\"\" data-large-file=\"https:\/\/www.hoymercedes.com.ar\/principal\/wp-content\/uploads\/2025\/03\/Camion-BahiaBlanca-Mercedes-1024x682.jpg\" src=\"https:\/\/www.hoymercedes.com.ar\/principal\/wp-content\/uploads\/2025\/03\/Camion-BahiaBlanca-Mercedes-1024x682.jpg\" alt=\"\" class=\"wp-image-183301\" srcset=\"https:\/\/www.hoymercedes.com.ar\/principal\/wp-content\/uploads\/2025\/03\/Camion-BahiaBlanca-Mercedes-1024x682.jpg 1024w, https:\/\/www.hoymercedes.com.ar\/principal\/wp-content\/uploads\/2025\/03\/Camion-BahiaBlanca-Mercedes-630x420.jpg 630w, https:\/\/www.hoymercedes.com.ar\/principal\/wp-content\/uploads\/2025\/03\/Camion-BahiaBlanca-Mercedes-150x100.jpg 150w, https:\/\/www.hoymercedes.com.ar\/principal\/wp-content\/uploads\/2025\/03\/Camion-BahiaBlanca-Mercedes-700x465.jpg 700w, https:\/\/www.hoymercedes.com.ar\/principal\/wp-content\/uploads\/2025\/03\/Camion-BahiaBlanca-Mercedes.jpg 1319w\" sizes=\"auto, (max-width: 1024px) 100vw, 1024px\" \/><\/figure>\n\n\n\n<p>Parti\u00f3 el primer cami\u00f3n repleto de donaciones de familias y empresas mercedinas para Bah\u00eda Blanca, ciudad fuertemente golpeada por una tormenta sin precedentes. Se trata de un trabajo en conjunto entre la <strong>Municipalidad y Grupo Detall, La Minucha y Transporte Puerto Argentino<\/strong> quienes adem\u00e1s de donar se encargan&nbsp; de que la ayuda llegue a destino.<\/p>\n\n\n\n<p><strong>Noelia Larrode<\/strong>, del equipo de desarrollo de la comunidad, coment\u00f3 que \u201csale el cami\u00f3n repleto\u201d y \u201cva con insumos diversos, los que hemos venido solicitando en funci\u00f3n de las necesidades que se plantearon, como ropa, agua, productos de higiene personal, de limpieza, entre otros mencion\u00f3\u201d y cont\u00f3 que \u201c<strong>Daniel Carussi<\/strong>, el chofer inicia el largo viaje hasta Bah\u00eda con la solidaridad de todas y todos\u201d<\/p>\n\n\n\n<figure class=\"wp-block-image size-large\"><img loading=\"lazy\" decoding=\"async\" width=\"1024\" height=\"682\" data-attachment-id=\"183302\" data-permalink=\"https:\/\/www.hoymercedes.com.ar\/principal\/2025\/03\/15\/salo-el-primer-camion-repleto-de-solidaridad-mercedina-a-bahia-blanca\/camion-bahiablanca-mercedes-2\/#main\" data-orig-file=\"https:\/\/www.hoymercedes.com.ar\/principal\/wp-content\/uploads\/2025\/03\/Camion-BahiaBlanca-Mercedes-2.jpg\" data-orig-size=\"1319,879\" data-comments-opened=\"0\" data-image-meta=\"{&quot;aperture&quot;:&quot;0&quot;,&quot;credit&quot;:&quot;&quot;,&quot;camera&quot;:&quot;&quot;,&quot;caption&quot;:&quot;&quot;,&quot;created_timestamp&quot;:&quot;0&quot;,&quot;copyright&quot;:&quot;&quot;,&quot;focal_length&quot;:&quot;0&quot;,&quot;iso&quot;:&quot;0&quot;,&quot;shutter_speed&quot;:&quot;0&quot;,&quot;title&quot;:&quot;&quot;,&quot;orientation&quot;:&quot;0&quot;}\" data-image-title=\"Camion-BahiaBlanca-Mercedes-2\" data-image-description=\"\" data-image-caption=\"\" data-large-file=\"https:\/\/www.hoymercedes.com.ar\/principal\/wp-content\/uploads\/2025\/03\/Camion-BahiaBlanca-Mercedes-2-1024x682.jpg\" src=\"https:\/\/www.hoymercedes.com.ar\/principal\/wp-content\/uploads\/2025\/03\/Camion-BahiaBlanca-Mercedes-2-1024x682.jpg\" alt=\"Sal\u00f3 el primer cami\u00f3n repleto de solidaridad mercedina a Bah\u00eda Blanca\" class=\"wp-image-183302\" srcset=\"https:\/\/www.hoymercedes.com.ar\/principal\/wp-content\/uploads\/2025\/03\/Camion-BahiaBlanca-Mercedes-2-1024x682.jpg 1024w, https:\/\/www.hoymercedes.com.ar\/principal\/wp-content\/uploads\/2025\/03\/Camion-BahiaBlanca-Mercedes-2-630x420.jpg 630w, https:\/\/www.hoymercedes.com.ar\/principal\/wp-content\/uploads\/2025\/03\/Camion-BahiaBlanca-Mercedes-2-150x100.jpg 150w, https:\/\/www.hoymercedes.com.ar\/principal\/wp-content\/uploads\/2025\/03\/Camion-BahiaBlanca-Mercedes-2-700x465.jpg 700w, https:\/\/www.hoymercedes.com.ar\/principal\/wp-content\/uploads\/2025\/03\/Camion-BahiaBlanca-Mercedes-2.jpg 1319w\" sizes=\"auto, (max-width: 1024px) 100vw, 1024px\" \/><\/figure>\n\n\n\n<p>Por su parte, la Lic. <strong>Jorgelina Silva<\/strong>, secretaria de desarrollo de la comunidad, expres\u00f3 que \u201cha sido una acci\u00f3n con una fuert\u00edsima presencia de nuestra comunidad, algo que sin duda nos llena de orgullo, como as\u00ed tambi\u00e9n contar con empresas locales que inmediatamente se pusieron a disposici\u00f3n de las y los damnificados y la solidaridad mercedina\u201d expres\u00f3 la funcionaria.<\/p>\n\n\n\n<p>Sobre el tema, el jefe comunal, <strong>Juani Ustarroz<\/strong>, expres\u00f3 \u201cestamos muy agradecidos y orgullosos por la respuesta de nuestro pueblo. Una vez m\u00e1s qued\u00f3 claro que somos unidos en la necesidad, en las causas justas y nobles\u201d sostuvo y agradeci\u00f3 \u201cal equipo de Detall, La Minucha y Puerto Argentino por ser parte de la acci\u00f3n\u201d.<\/p>\n\n\n\n<p>El cami\u00f3n repleto fue cargado y supervisado con un gran trabajo del equipo de Las Alba\u00f1ilas, Sonia Barrionuevo, Laura Barrionuevo, Natalia Becerra, Laura Becerra y Elisa Centuri\u00f3n que desde el mi\u00e9rcoles fueron acomodando y poniendo cada cosa como corresponde para tener m\u00e1s espacio y cuidado en lo transportado.<\/p>\n","protected":false},"excerpt":{"rendered":"<p>Parti\u00f3 el primer cami\u00f3n repleto de donaciones de familias y empresas mercedinas para Bah\u00eda Blanca, ciudad fuertemente golpeada por una &#8230; <a title=\"Sali\u00f3 el primer cami\u00f3n repleto de solidaridad mercedina a Bah\u00eda Blanca\" class=\"read-more\" href=\"https:\/\/www.hoymercedes.com.ar\/principal\/2025\/03\/15\/salo-el-primer-camion-repleto-de-solidaridad-mercedina-a-bahia-blanca\/\" aria-label=\"Leer m\u00e1s sobre Sali\u00f3 el primer cami\u00f3n repleto de solidaridad mercedina a Bah\u00eda Blanca\">Leer m\u00e1s<\/a><\/p>\n","protected":false},"author":1,"featured_media":183301,"comment_status":"closed","ping_status":"open","sticky":false,"template":"","format":"standard","meta":{"_monsterinsights_skip_tracking":false,"_monsterinsights_sitenote_active":false,"_monsterinsights_sitenote_note":"","_monsterinsights_sitenote_category":0,"jetpack_post_was_ever_published":false,"_jetpack_newsletter_access":"","_jetpack_dont_email_post_to_subs":false,"_jetpack_newsletter_tier_id":0,"_jetpack_memberships_contains_paywalled_content":false,"_jetpack_memberships_contains_paid_content":false,"footnotes":"","jetpack_publicize_message":"","jetpack_publicize_feature_enabled":true,"jetpack_social_post_already_shared":true,"jetpack_social_options":{"image_generator_settings":{"template":"highway","default_image_id":0,"font":"","enabled":false},"version":2},"_wpas_customize_per_network":false},"categories":[8],"tags":[16120,3361],"class_list":["post-183300","post","type-post","status-publish","format-standard","has-post-thumbnail","hentry","category-sociedad","tag-bahia-blanca","tag-solidaridad","generate-columns","tablet-grid-50","mobile-grid-100","grid-parent","grid-50"],"jetpack_publicize_connections":[],"jetpack_featured_media_url":"https:\/\/www.hoymercedes.com.ar\/principal\/wp-content\/uploads\/2025\/03\/Camion-BahiaBlanca-Mercedes.jpg","wps_subtitle":"Compromiso social","jetpack_sharing_enabled":true,"_links":{"self":[{"href":"https:\/\/www.hoymercedes.com.ar\/principal\/wp-json\/wp\/v2\/posts\/183300","targetHints":{"allow":["GET"]}}],"collection":[{"href":"https:\/\/www.hoymercedes.com.ar\/principal\/wp-json\/wp\/v2\/posts"}],"about":[{"href":"https:\/\/www.hoymercedes.com.ar\/principal\/wp-json\/wp\/v2\/types\/post"}],"author":[{"embeddable":true,"href":"https:\/\/www.hoymercedes.com.ar\/principal\/wp-json\/wp\/v2\/users\/1"}],"replies":[{"embeddable":true,"href":"https:\/\/www.hoymercedes.com.ar\/principal\/wp-json\/wp\/v2\/comments?post=183300"}],"version-history":[{"count":4,"href":"https:\/\/www.hoymercedes.com.ar\/principal\/wp-json\/wp\/v2\/posts\/183300\/revisions"}],"predecessor-version":[{"id":183306,"href":"https:\/\/www.hoymercedes.com.ar\/principal\/wp-json\/wp\/v2\/posts\/183300\/revisions\/183306"}],"wp:featuredmedia":[{"embeddable":true,"href":"https:\/\/www.hoymercedes.com.ar\/principal\/wp-json\/wp\/v2\/media\/183301"}],"wp:attachment":[{"href":"https:\/\/www.hoymercedes.com.ar\/principal\/wp-json\/wp\/v2\/media?parent=183300"}],"wp:term":[{"taxonomy":"category","embeddable":true,"href":"https:\/\/www.hoymercedes.com.ar\/principal\/wp-json\/wp\/v2\/categories?post=183300"},{"taxonomy":"post_tag","embeddable":true,"href":"https:\/\/www.hoymercedes.com.ar\/principal\/wp-json\/wp\/v2\/tags?post=183300"}],"curies":[{"name":"wp","href":"https:\/\/api.w.org\/{rel}","templated":true}]}}