{"id":183311,"date":"2025-03-15T18:19:00","date_gmt":"2025-03-15T21:19:00","guid":{"rendered":"https:\/\/www.hoymercedes.com.ar\/principal\/?p=183311"},"modified":"2025-03-15T16:24:38","modified_gmt":"2025-03-15T19:24:38","slug":"club-mercedes-tambien-envia-donaciones-a-bahia-blanca","status":"publish","type":"post","link":"https:\/\/www.hoymercedes.com.ar\/principal\/2025\/03\/15\/club-mercedes-tambien-envia-donaciones-a-bahia-blanca\/","title":{"rendered":"Club Mercedes tambi\u00e9n env\u00eda donaciones a Bah\u00eda Blanca"},"content":{"rendered":"\n<figure class=\"wp-block-image size-large\"><img loading=\"lazy\" decoding=\"async\" width=\"1024\" height=\"768\" data-attachment-id=\"183312\" data-permalink=\"https:\/\/www.hoymercedes.com.ar\/principal\/2025\/03\/15\/club-mercedes-tambien-envia-donaciones-a-bahia-blanca\/donaciones-clubmercedes-bahiablanca-3\/#main\" data-orig-file=\"https:\/\/www.hoymercedes.com.ar\/principal\/wp-content\/uploads\/2025\/03\/Donaciones-ClubMercedes-BahiaBlanca-3.jpg\" data-orig-size=\"1280,960\" data-comments-opened=\"0\" data-image-meta=\"{&quot;aperture&quot;:&quot;0&quot;,&quot;credit&quot;:&quot;&quot;,&quot;camera&quot;:&quot;&quot;,&quot;caption&quot;:&quot;&quot;,&quot;created_timestamp&quot;:&quot;0&quot;,&quot;copyright&quot;:&quot;&quot;,&quot;focal_length&quot;:&quot;0&quot;,&quot;iso&quot;:&quot;0&quot;,&quot;shutter_speed&quot;:&quot;0&quot;,&quot;title&quot;:&quot;&quot;,&quot;orientation&quot;:&quot;0&quot;}\" data-image-title=\"Club Mercedes tambi\u00e9n env\u00eda donaciones a Bah\u00eda Blanca\" data-image-description=\"&lt;p&gt;Club Mercedes tambi\u00e9n env\u00eda donaciones a Bah\u00eda Blanca&lt;\/p&gt;\n\" data-image-caption=\"&lt;p&gt;Club Mercedes tambi\u00e9n env\u00eda donaciones a Bah\u00eda Blanca&lt;\/p&gt;\n\" data-large-file=\"https:\/\/www.hoymercedes.com.ar\/principal\/wp-content\/uploads\/2025\/03\/Donaciones-ClubMercedes-BahiaBlanca-3-1024x768.jpg\" src=\"https:\/\/www.hoymercedes.com.ar\/principal\/wp-content\/uploads\/2025\/03\/Donaciones-ClubMercedes-BahiaBlanca-3-1024x768.jpg\" alt=\"\" class=\"wp-image-183312\" srcset=\"https:\/\/www.hoymercedes.com.ar\/principal\/wp-content\/uploads\/2025\/03\/Donaciones-ClubMercedes-BahiaBlanca-3-1024x768.jpg 1024w, https:\/\/www.hoymercedes.com.ar\/principal\/wp-content\/uploads\/2025\/03\/Donaciones-ClubMercedes-BahiaBlanca-3-630x473.jpg 630w, https:\/\/www.hoymercedes.com.ar\/principal\/wp-content\/uploads\/2025\/03\/Donaciones-ClubMercedes-BahiaBlanca-3-150x113.jpg 150w, https:\/\/www.hoymercedes.com.ar\/principal\/wp-content\/uploads\/2025\/03\/Donaciones-ClubMercedes-BahiaBlanca-3.jpg 1280w\" sizes=\"auto, (max-width: 1024px) 100vw, 1024px\" \/><\/figure>\n\n\n\n<p>En su campo de deportes se concret\u00f3 la carga de una importante donaci\u00f3n con destino a Bah\u00eda Blanca. En el marco de su 150 aniversario la solidaridad tambi\u00e9n se hace presente en la instituci\u00f3n. Ni\u00f1os, j\u00f3venes y adultos efectuaban en horas de este s\u00e1bado la carga del veh\u00edculo.<\/p>\n\n\n\n<p>Un cami\u00f3n repleto de materiales de gran utilidad, como colchones, pa\u00f1ales, ropa, alimentos no perecederos fueron cargados por los socios, ni\u00f1os y ni\u00f1as del club en el predio del campo deportivo de 60 y H\u00e9roes de Malvinas.<\/p>\n\n\n\n<figure class=\"wp-block-image size-large\"><img loading=\"lazy\" decoding=\"async\" width=\"1024\" height=\"768\" data-attachment-id=\"183313\" data-permalink=\"https:\/\/www.hoymercedes.com.ar\/principal\/2025\/03\/15\/club-mercedes-tambien-envia-donaciones-a-bahia-blanca\/donaciones-clubmercedes-bahiablanca\/#main\" data-orig-file=\"https:\/\/www.hoymercedes.com.ar\/principal\/wp-content\/uploads\/2025\/03\/Donaciones-ClubMercedes-BahiaBlanca.jpg\" data-orig-size=\"1280,960\" data-comments-opened=\"0\" data-image-meta=\"{&quot;aperture&quot;:&quot;0&quot;,&quot;credit&quot;:&quot;&quot;,&quot;camera&quot;:&quot;&quot;,&quot;caption&quot;:&quot;&quot;,&quot;created_timestamp&quot;:&quot;0&quot;,&quot;copyright&quot;:&quot;&quot;,&quot;focal_length&quot;:&quot;0&quot;,&quot;iso&quot;:&quot;0&quot;,&quot;shutter_speed&quot;:&quot;0&quot;,&quot;title&quot;:&quot;&quot;,&quot;orientation&quot;:&quot;0&quot;}\" data-image-title=\"Donaciones-ClubMercedes-BahiaBlanca\" data-image-description=\"&lt;p&gt;Club Mercedes tambi\u00e9n env\u00eda donaciones a Bah\u00eda Blanca&lt;\/p&gt;\n\" data-image-caption=\"&lt;p&gt;Club Mercedes tambi\u00e9n env\u00eda donaciones a Bah\u00eda Blanca&lt;\/p&gt;\n\" data-large-file=\"https:\/\/www.hoymercedes.com.ar\/principal\/wp-content\/uploads\/2025\/03\/Donaciones-ClubMercedes-BahiaBlanca-1024x768.jpg\" src=\"https:\/\/www.hoymercedes.com.ar\/principal\/wp-content\/uploads\/2025\/03\/Donaciones-ClubMercedes-BahiaBlanca-1024x768.jpg\" alt=\"\" class=\"wp-image-183313\" srcset=\"https:\/\/www.hoymercedes.com.ar\/principal\/wp-content\/uploads\/2025\/03\/Donaciones-ClubMercedes-BahiaBlanca-1024x768.jpg 1024w, https:\/\/www.hoymercedes.com.ar\/principal\/wp-content\/uploads\/2025\/03\/Donaciones-ClubMercedes-BahiaBlanca-630x473.jpg 630w, https:\/\/www.hoymercedes.com.ar\/principal\/wp-content\/uploads\/2025\/03\/Donaciones-ClubMercedes-BahiaBlanca-150x113.jpg 150w, https:\/\/www.hoymercedes.com.ar\/principal\/wp-content\/uploads\/2025\/03\/Donaciones-ClubMercedes-BahiaBlanca.jpg 1280w\" sizes=\"auto, (max-width: 1024px) 100vw, 1024px\" \/><\/figure>\n\n\n\n<p>Estuvieron el presidente Domingo de Paola, el vice, Lu\u00eds Ponce, tambi\u00e9n el intendente Juan Ustarroz y el senador Wado de Pedro acompa\u00f1ando la jornada y, especialmente, las familias de la instituci\u00f3n.<\/p>\n\n\n\n<p>La colecta se viene realizando desde hace varios d\u00edas y ha tenido una valiosa repercusi\u00f3n por parte de sus socios y vecinos que acercaron donaciones al predio del Club.<\/p>\n\n\n\n<figure class=\"wp-block-image size-large\"><img loading=\"lazy\" decoding=\"async\" width=\"1024\" height=\"768\" data-attachment-id=\"183314\" data-permalink=\"https:\/\/www.hoymercedes.com.ar\/principal\/2025\/03\/15\/club-mercedes-tambien-envia-donaciones-a-bahia-blanca\/donaciones-clubmercedes-bahiablanca-2\/#main\" data-orig-file=\"https:\/\/www.hoymercedes.com.ar\/principal\/wp-content\/uploads\/2025\/03\/Donaciones-ClubMercedes-BahiaBlanca-2.jpg\" data-orig-size=\"1280,960\" data-comments-opened=\"0\" data-image-meta=\"{&quot;aperture&quot;:&quot;0&quot;,&quot;credit&quot;:&quot;&quot;,&quot;camera&quot;:&quot;&quot;,&quot;caption&quot;:&quot;&quot;,&quot;created_timestamp&quot;:&quot;0&quot;,&quot;copyright&quot;:&quot;&quot;,&quot;focal_length&quot;:&quot;0&quot;,&quot;iso&quot;:&quot;0&quot;,&quot;shutter_speed&quot;:&quot;0&quot;,&quot;title&quot;:&quot;&quot;,&quot;orientation&quot;:&quot;0&quot;}\" data-image-title=\"Club Mercedes tambi\u00e9n env\u00eda donaciones a Bah\u00eda Blanca\" data-image-description=\"&lt;p&gt;Club Mercedes tambi\u00e9n env\u00eda donaciones a Bah\u00eda Blanca&lt;\/p&gt;\n\" data-image-caption=\"&lt;p&gt;Club Mercedes tambi\u00e9n env\u00eda donaciones a Bah\u00eda Blanca&lt;\/p&gt;\n\" data-large-file=\"https:\/\/www.hoymercedes.com.ar\/principal\/wp-content\/uploads\/2025\/03\/Donaciones-ClubMercedes-BahiaBlanca-2-1024x768.jpg\" src=\"https:\/\/www.hoymercedes.com.ar\/principal\/wp-content\/uploads\/2025\/03\/Donaciones-ClubMercedes-BahiaBlanca-2-1024x768.jpg\" alt=\"\" class=\"wp-image-183314\" srcset=\"https:\/\/www.hoymercedes.com.ar\/principal\/wp-content\/uploads\/2025\/03\/Donaciones-ClubMercedes-BahiaBlanca-2-1024x768.jpg 1024w, https:\/\/www.hoymercedes.com.ar\/principal\/wp-content\/uploads\/2025\/03\/Donaciones-ClubMercedes-BahiaBlanca-2-630x473.jpg 630w, https:\/\/www.hoymercedes.com.ar\/principal\/wp-content\/uploads\/2025\/03\/Donaciones-ClubMercedes-BahiaBlanca-2-150x113.jpg 150w, https:\/\/www.hoymercedes.com.ar\/principal\/wp-content\/uploads\/2025\/03\/Donaciones-ClubMercedes-BahiaBlanca-2.jpg 1280w\" sizes=\"auto, (max-width: 1024px) 100vw, 1024px\" \/><\/figure>\n","protected":false},"excerpt":{"rendered":"<p>En su campo de deportes se concret\u00f3 la carga de una importante donaci\u00f3n con destino a Bah\u00eda Blanca. En el &#8230; <a title=\"Club Mercedes tambi\u00e9n env\u00eda donaciones a Bah\u00eda Blanca\" class=\"read-more\" href=\"https:\/\/www.hoymercedes.com.ar\/principal\/2025\/03\/15\/club-mercedes-tambien-envia-donaciones-a-bahia-blanca\/\" aria-label=\"Leer m\u00e1s sobre Club Mercedes tambi\u00e9n env\u00eda donaciones a Bah\u00eda Blanca\">Leer m\u00e1s<\/a><\/p>\n","protected":false},"author":1,"featured_media":183313,"comment_status":"closed","ping_status":"open","sticky":false,"template":"","format":"standard","meta":{"_monsterinsights_skip_tracking":false,"_monsterinsights_sitenote_active":false,"_monsterinsights_sitenote_note":"","_monsterinsights_sitenote_category":0,"jetpack_post_was_ever_published":false,"_jetpack_newsletter_access":"","_jetpack_dont_email_post_to_subs":false,"_jetpack_newsletter_tier_id":0,"_jetpack_memberships_contains_paywalled_content":false,"_jetpack_memberships_contains_paid_content":false,"footnotes":"","jetpack_publicize_message":"","jetpack_publicize_feature_enabled":true,"jetpack_social_post_already_shared":true,"jetpack_social_options":{"image_generator_settings":{"template":"highway","default_image_id":0,"font":"","enabled":false},"version":2},"_wpas_customize_per_network":false},"categories":[8],"tags":[122,20326],"class_list":["post-183311","post","type-post","status-publish","format-standard","has-post-thumbnail","hentry","category-sociedad","tag-club-mercedes","tag-donaciones-bahia-blanca","generate-columns","tablet-grid-50","mobile-grid-100","grid-parent","grid-50"],"jetpack_publicize_connections":[],"jetpack_featured_media_url":"https:\/\/www.hoymercedes.com.ar\/principal\/wp-content\/uploads\/2025\/03\/Donaciones-ClubMercedes-BahiaBlanca.jpg","wps_subtitle":"Solidaridad ","jetpack_sharing_enabled":true,"_links":{"self":[{"href":"https:\/\/www.hoymercedes.com.ar\/principal\/wp-json\/wp\/v2\/posts\/183311","targetHints":{"allow":["GET"]}}],"collection":[{"href":"https:\/\/www.hoymercedes.com.ar\/principal\/wp-json\/wp\/v2\/posts"}],"about":[{"href":"https:\/\/www.hoymercedes.com.ar\/principal\/wp-json\/wp\/v2\/types\/post"}],"author":[{"embeddable":true,"href":"https:\/\/www.hoymercedes.com.ar\/principal\/wp-json\/wp\/v2\/users\/1"}],"replies":[{"embeddable":true,"href":"https:\/\/www.hoymercedes.com.ar\/principal\/wp-json\/wp\/v2\/comments?post=183311"}],"version-history":[{"count":2,"href":"https:\/\/www.hoymercedes.com.ar\/principal\/wp-json\/wp\/v2\/posts\/183311\/revisions"}],"predecessor-version":[{"id":183316,"href":"https:\/\/www.hoymercedes.com.ar\/principal\/wp-json\/wp\/v2\/posts\/183311\/revisions\/183316"}],"wp:featuredmedia":[{"embeddable":true,"href":"https:\/\/www.hoymercedes.com.ar\/principal\/wp-json\/wp\/v2\/media\/183313"}],"wp:attachment":[{"href":"https:\/\/www.hoymercedes.com.ar\/principal\/wp-json\/wp\/v2\/media?parent=183311"}],"wp:term":[{"taxonomy":"category","embeddable":true,"href":"https:\/\/www.hoymercedes.com.ar\/principal\/wp-json\/wp\/v2\/categories?post=183311"},{"taxonomy":"post_tag","embeddable":true,"href":"https:\/\/www.hoymercedes.com.ar\/principal\/wp-json\/wp\/v2\/tags?post=183311"}],"curies":[{"name":"wp","href":"https:\/\/api.w.org\/{rel}","templated":true}]}}