{"id":183351,"date":"2025-03-17T11:19:03","date_gmt":"2025-03-17T14:19:03","guid":{"rendered":"https:\/\/www.hoymercedes.com.ar\/principal\/?p=183351"},"modified":"2025-03-17T11:23:22","modified_gmt":"2025-03-17T14:23:22","slug":"realizaron-la-jornada-deportiva-jugando-es-mejor","status":"publish","type":"post","link":"https:\/\/www.hoymercedes.com.ar\/principal\/2025\/03\/17\/realizaron-la-jornada-deportiva-jugando-es-mejor\/","title":{"rendered":"Realizaron la jornada deportiva \u00abJugando es Mejor\u00bb"},"content":{"rendered":"\n<p>D\u00edas atr\u00e1s se llev\u00f3 adelante la Jornada \u00abJugando es Mejor\u00bb, un programa que lleva adelante la empresa TyCSports. En esta oportunidad, se realiz\u00f3 en el predio de la Escuela de Gendarmer\u00eda Nacional y cont\u00f3 con la participaci\u00f3n de cerca de 400 personas de todas las edades. <\/p>\n\n\n<div class=\"wp-block-image\">\n<figure class=\"aligncenter size-full\"><img loading=\"lazy\" decoding=\"async\" width=\"800\" height=\"533\" data-attachment-id=\"183354\" data-permalink=\"https:\/\/www.hoymercedes.com.ar\/principal\/2025\/03\/17\/realizaron-la-jornada-deportiva-jugando-es-mejor\/whatsapp-image-2025-03-17-at-10-45-03\/#main\" data-orig-file=\"https:\/\/www.hoymercedes.com.ar\/principal\/wp-content\/uploads\/2025\/03\/WhatsApp-Image-2025-03-17-at-10.45.03.jpg\" data-orig-size=\"800,533\" data-comments-opened=\"0\" data-image-meta=\"{&quot;aperture&quot;:&quot;0&quot;,&quot;credit&quot;:&quot;&quot;,&quot;camera&quot;:&quot;&quot;,&quot;caption&quot;:&quot;&quot;,&quot;created_timestamp&quot;:&quot;0&quot;,&quot;copyright&quot;:&quot;&quot;,&quot;focal_length&quot;:&quot;0&quot;,&quot;iso&quot;:&quot;0&quot;,&quot;shutter_speed&quot;:&quot;0&quot;,&quot;title&quot;:&quot;&quot;,&quot;orientation&quot;:&quot;0&quot;}\" data-image-title=\"WhatsApp Image 2025-03-17 at 10.45.03\" data-image-description=\"\" data-image-caption=\"\" data-large-file=\"https:\/\/www.hoymercedes.com.ar\/principal\/wp-content\/uploads\/2025\/03\/WhatsApp-Image-2025-03-17-at-10.45.03.jpg\" src=\"https:\/\/www.hoymercedes.com.ar\/principal\/wp-content\/uploads\/2025\/03\/WhatsApp-Image-2025-03-17-at-10.45.03.jpg\" alt=\"\" class=\"wp-image-183354\" srcset=\"https:\/\/www.hoymercedes.com.ar\/principal\/wp-content\/uploads\/2025\/03\/WhatsApp-Image-2025-03-17-at-10.45.03.jpg 800w, https:\/\/www.hoymercedes.com.ar\/principal\/wp-content\/uploads\/2025\/03\/WhatsApp-Image-2025-03-17-at-10.45.03-630x420.jpg 630w, https:\/\/www.hoymercedes.com.ar\/principal\/wp-content\/uploads\/2025\/03\/WhatsApp-Image-2025-03-17-at-10.45.03-150x100.jpg 150w, https:\/\/www.hoymercedes.com.ar\/principal\/wp-content\/uploads\/2025\/03\/WhatsApp-Image-2025-03-17-at-10.45.03-700x465.jpg 700w\" sizes=\"auto, (max-width: 800px) 100vw, 800px\" \/><\/figure>\n<\/div>\n\n\n<p>A lo largo del d\u00eda, los valores deportivos fueron centro de actividades de la cual participaron peque\u00f1os deportistas de distintos clubes de la regi\u00f3n, as\u00ed como profesionales deportivos y expertos en diversas \u00e1reas. Entre los invitados, estuvieron presentes el Lic Jorge Rocco, Lucas Castroman, Santiago Ladino, Julio Villa R\u00e9cord Guinness, David Moyano, la nutricionista Cecilia Cruzado y odont\u00f3logos como L . Sierra. Tambi\u00e9n particip\u00f3 Mariano Israelit, productor de \u00abLa Noche del 10\u00bb, que regal\u00f3 diez camisestas utilizadas por Diego Maradona. <\/p>\n\n\n\n<p>\u00abLa jornada comenz\u00f3 con mucha emoci\u00f3n cuando un grupo de ni\u00f1os participaron del acto de bandera. Luego en el campo de juego una serie de disertaciones por la ma\u00f1ana, seguida de actividades pr\u00e1cticas. Todos los participantes disfrutaron de la banda de m\u00fasica de Gendarmer\u00eda, los ni\u00f1os bailaron y festejaron los 112 aniversario del Club Atl\u00e9tico All Boys. Durante el evento, se entregaron presentes y agradecimientos a los participantes\u00bb, contaron los organizadores del evento. La actividad se cerr\u00f3 con juegos y con una merienda para el viaje y notas de lugares emblem\u00e1ticos de la ciudad de Mercedes. <\/p>\n\n\n\n<p>El Club All Boys agradece a la Escuela de Gendarmer\u00eda Nacional \u00abCabo Juan Adolfo Romero\u00bb como as\u00ed tambi\u00e9n a todos los participantes y colaboradores por hacer posible esta jornada tan especial. Asimismo, destacaron la participaci\u00f3n del Jefe Comunal de Mercedes Juan Ignacio Ustarroz con quien acordaron un ciclo de capacitaci\u00f3n con directores t\u00e9cnicos y profesores de futbol infantil. <\/p>\n\n\n<div class=\"wp-block-image\">\n<figure class=\"aligncenter size-full\"><img loading=\"lazy\" decoding=\"async\" width=\"800\" height=\"533\" data-attachment-id=\"183353\" data-permalink=\"https:\/\/www.hoymercedes.com.ar\/principal\/2025\/03\/17\/realizaron-la-jornada-deportiva-jugando-es-mejor\/whatsapp-image-2025-03-17-at-10-45-01\/#main\" data-orig-file=\"https:\/\/www.hoymercedes.com.ar\/principal\/wp-content\/uploads\/2025\/03\/WhatsApp-Image-2025-03-17-at-10.45.01.jpg\" data-orig-size=\"800,533\" data-comments-opened=\"0\" data-image-meta=\"{&quot;aperture&quot;:&quot;0&quot;,&quot;credit&quot;:&quot;&quot;,&quot;camera&quot;:&quot;&quot;,&quot;caption&quot;:&quot;&quot;,&quot;created_timestamp&quot;:&quot;0&quot;,&quot;copyright&quot;:&quot;&quot;,&quot;focal_length&quot;:&quot;0&quot;,&quot;iso&quot;:&quot;0&quot;,&quot;shutter_speed&quot;:&quot;0&quot;,&quot;title&quot;:&quot;&quot;,&quot;orientation&quot;:&quot;0&quot;}\" data-image-title=\"WhatsApp Image 2025-03-17 at 10.45.01\" data-image-description=\"\" data-image-caption=\"\" data-large-file=\"https:\/\/www.hoymercedes.com.ar\/principal\/wp-content\/uploads\/2025\/03\/WhatsApp-Image-2025-03-17-at-10.45.01.jpg\" src=\"https:\/\/www.hoymercedes.com.ar\/principal\/wp-content\/uploads\/2025\/03\/WhatsApp-Image-2025-03-17-at-10.45.01.jpg\" alt=\"\" class=\"wp-image-183353\" srcset=\"https:\/\/www.hoymercedes.com.ar\/principal\/wp-content\/uploads\/2025\/03\/WhatsApp-Image-2025-03-17-at-10.45.01.jpg 800w, https:\/\/www.hoymercedes.com.ar\/principal\/wp-content\/uploads\/2025\/03\/WhatsApp-Image-2025-03-17-at-10.45.01-630x420.jpg 630w, https:\/\/www.hoymercedes.com.ar\/principal\/wp-content\/uploads\/2025\/03\/WhatsApp-Image-2025-03-17-at-10.45.01-150x100.jpg 150w, https:\/\/www.hoymercedes.com.ar\/principal\/wp-content\/uploads\/2025\/03\/WhatsApp-Image-2025-03-17-at-10.45.01-700x465.jpg 700w\" sizes=\"auto, (max-width: 800px) 100vw, 800px\" \/><\/figure>\n<\/div>","protected":false},"excerpt":{"rendered":"<p>D\u00edas atr\u00e1s se llev\u00f3 adelante la Jornada \u00abJugando es Mejor\u00bb, un programa que lleva adelante la empresa TyCSports. En esta &#8230; <a title=\"Realizaron la jornada deportiva \u00abJugando es Mejor\u00bb\" class=\"read-more\" href=\"https:\/\/www.hoymercedes.com.ar\/principal\/2025\/03\/17\/realizaron-la-jornada-deportiva-jugando-es-mejor\/\" aria-label=\"Leer m\u00e1s sobre Realizaron la jornada deportiva \u00abJugando es Mejor\u00bb\">Leer m\u00e1s<\/a><\/p>\n","protected":false},"author":1,"featured_media":183353,"comment_status":"closed","ping_status":"open","sticky":false,"template":"","format":"standard","meta":{"_monsterinsights_skip_tracking":false,"_monsterinsights_sitenote_active":false,"_monsterinsights_sitenote_note":"","_monsterinsights_sitenote_category":0,"jetpack_post_was_ever_published":false,"_jetpack_newsletter_access":"","_jetpack_dont_email_post_to_subs":false,"_jetpack_newsletter_tier_id":0,"_jetpack_memberships_contains_paywalled_content":false,"_jetpack_memberships_contains_paid_content":false,"footnotes":"","jetpack_publicize_message":"","jetpack_publicize_feature_enabled":true,"jetpack_social_post_already_shared":true,"jetpack_social_options":{"image_generator_settings":{"template":"highway","default_image_id":0,"font":"","enabled":false},"version":2},"_wpas_customize_per_network":false},"categories":[8],"tags":[],"class_list":["post-183351","post","type-post","status-publish","format-standard","has-post-thumbnail","hentry","category-sociedad","generate-columns","tablet-grid-50","mobile-grid-100","grid-parent","grid-50"],"jetpack_publicize_connections":[],"jetpack_featured_media_url":"https:\/\/www.hoymercedes.com.ar\/principal\/wp-content\/uploads\/2025\/03\/WhatsApp-Image-2025-03-17-at-10.45.01.jpg","wps_subtitle":"","jetpack_sharing_enabled":true,"_links":{"self":[{"href":"https:\/\/www.hoymercedes.com.ar\/principal\/wp-json\/wp\/v2\/posts\/183351","targetHints":{"allow":["GET"]}}],"collection":[{"href":"https:\/\/www.hoymercedes.com.ar\/principal\/wp-json\/wp\/v2\/posts"}],"about":[{"href":"https:\/\/www.hoymercedes.com.ar\/principal\/wp-json\/wp\/v2\/types\/post"}],"author":[{"embeddable":true,"href":"https:\/\/www.hoymercedes.com.ar\/principal\/wp-json\/wp\/v2\/users\/1"}],"replies":[{"embeddable":true,"href":"https:\/\/www.hoymercedes.com.ar\/principal\/wp-json\/wp\/v2\/comments?post=183351"}],"version-history":[{"count":2,"href":"https:\/\/www.hoymercedes.com.ar\/principal\/wp-json\/wp\/v2\/posts\/183351\/revisions"}],"predecessor-version":[{"id":183355,"href":"https:\/\/www.hoymercedes.com.ar\/principal\/wp-json\/wp\/v2\/posts\/183351\/revisions\/183355"}],"wp:featuredmedia":[{"embeddable":true,"href":"https:\/\/www.hoymercedes.com.ar\/principal\/wp-json\/wp\/v2\/media\/183353"}],"wp:attachment":[{"href":"https:\/\/www.hoymercedes.com.ar\/principal\/wp-json\/wp\/v2\/media?parent=183351"}],"wp:term":[{"taxonomy":"category","embeddable":true,"href":"https:\/\/www.hoymercedes.com.ar\/principal\/wp-json\/wp\/v2\/categories?post=183351"},{"taxonomy":"post_tag","embeddable":true,"href":"https:\/\/www.hoymercedes.com.ar\/principal\/wp-json\/wp\/v2\/tags?post=183351"}],"curies":[{"name":"wp","href":"https:\/\/api.w.org\/{rel}","templated":true}]}}