{"id":183364,"date":"2025-03-18T09:40:26","date_gmt":"2025-03-18T12:40:26","guid":{"rendered":"https:\/\/www.hoymercedes.com.ar\/principal\/?p=183364"},"modified":"2025-03-18T09:40:29","modified_gmt":"2025-03-18T12:40:29","slug":"se-modificaron-los-plazos-para-exportadores-de-ganado-a-la-ue","status":"publish","type":"post","link":"https:\/\/www.hoymercedes.com.ar\/principal\/2025\/03\/18\/se-modificaron-los-plazos-para-exportadores-de-ganado-a-la-ue\/","title":{"rendered":"Se modificaron los plazos para exportadores de ganado a la UE"},"content":{"rendered":"\n<p>Senasa ampli\u00f3 a cuatro a\u00f1os el tiempo que los predios pueden estar sin registrar movimiento de animales antes de ser dados de baja del Registro.<\/p>\n\n\n\n<p>A partir de ahora, los <strong>campos proveedores de ganado a la Uni\u00f3n Europea<\/strong> tendr\u00e1n un <strong>plazo de hasta 4 a\u00f1os sin movimientos<\/strong>, antes de que se proceda <strong>a su baja en el Registro Nacional de Establecimientos Rurales Proveedores de Ganado para Faena de Exportaci\u00f3n con destino a la UE<\/strong>.<\/p>\n\n\n\n<p>La medida fue dispuesta por el <strong>Senasa<\/strong>, a trav\u00e9s de la <a href=\"https:\/\/www.boletinoficial.gob.ar\/detalleAviso\/primera\/322442\/20250313\" target=\"_blank\" rel=\"noopener\"><strong>Resoluci\u00f3n 165\/2025<\/strong><\/a> publicada hoy en el Bolet\u00edn Oficial, con el fin de <strong>mejorar las condiciones de producci\u00f3n, otorgar mayor libertad a los productores y facilitar las exportaciones<\/strong>.<\/p>\n\n\n\n<p>Se trata de una modificaci\u00f3n del inciso b del art\u00edculo 8 de la Resoluci\u00f3n 53\/2017, que quedar\u00e1 redactada de la siguiente manera:<\/p>\n\n\n\n<p>\u201cAnte la ausencia de movimientos con destino al circuito Uni\u00f3n Europea (UE), por el t\u00e9rmino de cuatro (4) a\u00f1os. Para solicitar la reinscripci\u00f3n y reanudar los movimientos en dicho circuito, los productores que exploten el predio deben efectuar la declaraci\u00f3n de todos los dispositivos de identificaci\u00f3n individual existentes en el predio\u201d.<\/p>\n","protected":false},"excerpt":{"rendered":"<p>Senasa ampli\u00f3 a cuatro a\u00f1os el tiempo que los predios pueden estar sin registrar movimiento de animales antes de ser &#8230; <a title=\"Se modificaron los plazos para exportadores de ganado a la UE\" class=\"read-more\" href=\"https:\/\/www.hoymercedes.com.ar\/principal\/2025\/03\/18\/se-modificaron-los-plazos-para-exportadores-de-ganado-a-la-ue\/\" aria-label=\"Leer m\u00e1s sobre Se modificaron los plazos para exportadores de ganado a la UE\">Leer m\u00e1s<\/a><\/p>\n","protected":false},"author":1,"featured_media":183365,"comment_status":"closed","ping_status":"open","sticky":false,"template":"","format":"standard","meta":{"_monsterinsights_skip_tracking":false,"_monsterinsights_sitenote_active":false,"_monsterinsights_sitenote_note":"","_monsterinsights_sitenote_category":0,"jetpack_post_was_ever_published":false,"_jetpack_newsletter_access":"","_jetpack_dont_email_post_to_subs":false,"_jetpack_newsletter_tier_id":0,"_jetpack_memberships_contains_paywalled_content":false,"_jetpack_memberships_contains_paid_content":false,"footnotes":"","jetpack_publicize_message":"","jetpack_publicize_feature_enabled":true,"jetpack_social_post_already_shared":true,"jetpack_social_options":{"image_generator_settings":{"template":"highway","default_image_id":0,"font":"","enabled":false},"version":2},"_wpas_customize_per_network":false},"categories":[8],"tags":[],"class_list":["post-183364","post","type-post","status-publish","format-standard","has-post-thumbnail","hentry","category-sociedad","generate-columns","tablet-grid-50","mobile-grid-100","grid-parent","grid-50"],"jetpack_publicize_connections":[],"jetpack_featured_media_url":"https:\/\/www.hoymercedes.com.ar\/principal\/wp-content\/uploads\/2025\/03\/Bovinos-AA.jpg","wps_subtitle":"","jetpack_sharing_enabled":true,"_links":{"self":[{"href":"https:\/\/www.hoymercedes.com.ar\/principal\/wp-json\/wp\/v2\/posts\/183364","targetHints":{"allow":["GET"]}}],"collection":[{"href":"https:\/\/www.hoymercedes.com.ar\/principal\/wp-json\/wp\/v2\/posts"}],"about":[{"href":"https:\/\/www.hoymercedes.com.ar\/principal\/wp-json\/wp\/v2\/types\/post"}],"author":[{"embeddable":true,"href":"https:\/\/www.hoymercedes.com.ar\/principal\/wp-json\/wp\/v2\/users\/1"}],"replies":[{"embeddable":true,"href":"https:\/\/www.hoymercedes.com.ar\/principal\/wp-json\/wp\/v2\/comments?post=183364"}],"version-history":[{"count":1,"href":"https:\/\/www.hoymercedes.com.ar\/principal\/wp-json\/wp\/v2\/posts\/183364\/revisions"}],"predecessor-version":[{"id":183366,"href":"https:\/\/www.hoymercedes.com.ar\/principal\/wp-json\/wp\/v2\/posts\/183364\/revisions\/183366"}],"wp:featuredmedia":[{"embeddable":true,"href":"https:\/\/www.hoymercedes.com.ar\/principal\/wp-json\/wp\/v2\/media\/183365"}],"wp:attachment":[{"href":"https:\/\/www.hoymercedes.com.ar\/principal\/wp-json\/wp\/v2\/media?parent=183364"}],"wp:term":[{"taxonomy":"category","embeddable":true,"href":"https:\/\/www.hoymercedes.com.ar\/principal\/wp-json\/wp\/v2\/categories?post=183364"},{"taxonomy":"post_tag","embeddable":true,"href":"https:\/\/www.hoymercedes.com.ar\/principal\/wp-json\/wp\/v2\/tags?post=183364"}],"curies":[{"name":"wp","href":"https:\/\/api.w.org\/{rel}","templated":true}]}}