{"id":183384,"date":"2025-03-19T10:06:25","date_gmt":"2025-03-19T13:06:25","guid":{"rendered":"https:\/\/www.hoymercedes.com.ar\/principal\/?p=183384"},"modified":"2025-03-20T18:40:17","modified_gmt":"2025-03-20T21:40:17","slug":"jubilados-se-movilizan-en-mercedes-y-capital-federal","status":"publish","type":"post","link":"https:\/\/www.hoymercedes.com.ar\/principal\/2025\/03\/19\/jubilados-se-movilizan-en-mercedes-y-capital-federal\/","title":{"rendered":"Jubilados se movilizan en Mercedes y Capital Federal"},"content":{"rendered":"\n<p>A pesar de la amenaza de represi\u00f3n por parte de un gobierno democr\u00e1tico ante la movilizaci\u00f3n en reclamo de mejores condiciones de vida habr\u00e1 movilizaci\u00f3n de mercedinos en Capital Federal y tambi\u00e9n en Plaza San Mart\u00edn.<\/p>\n\n\n\n<p>\u201cLos j\u00f3venes que nos acompa\u00f1an son conscientes de que ellos tambi\u00e9n se jubilar\u00e1n alguna vez y su futuro es p\u00e9simo, pero tambi\u00e9n ven a sus abuelos, abuelas, padres padecer los recortes brutales que se padecen\u201d narraron desde el sector de jubilados y pensionados convocantes.<\/p>\n\n\n\n<p>La invitaci\u00f3n es para que la ciudadan\u00eda se sume y comparta la causa noble de esta lucha.<\/p>\n\n\n\n<p>La reuni\u00f3n a nivel local ser\u00e1 desde 17hs.<\/p>\n","protected":false},"excerpt":{"rendered":"<p>A pesar de la amenaza de represi\u00f3n por parte de un gobierno democr\u00e1tico ante la movilizaci\u00f3n en reclamo de mejores &#8230; <a title=\"Jubilados se movilizan en Mercedes y Capital Federal\" class=\"read-more\" href=\"https:\/\/www.hoymercedes.com.ar\/principal\/2025\/03\/19\/jubilados-se-movilizan-en-mercedes-y-capital-federal\/\" aria-label=\"Leer m\u00e1s sobre Jubilados se movilizan en Mercedes y Capital Federal\">Leer m\u00e1s<\/a><\/p>\n","protected":false},"author":1,"featured_media":183287,"comment_status":"closed","ping_status":"open","sticky":false,"template":"","format":"standard","meta":{"_monsterinsights_skip_tracking":false,"_monsterinsights_sitenote_active":false,"_monsterinsights_sitenote_note":"","_monsterinsights_sitenote_category":0,"jetpack_post_was_ever_published":false,"_jetpack_newsletter_access":"","_jetpack_dont_email_post_to_subs":false,"_jetpack_newsletter_tier_id":0,"_jetpack_memberships_contains_paywalled_content":false,"_jetpack_memberships_contains_paid_content":false,"footnotes":"","jetpack_publicize_message":"","jetpack_publicize_feature_enabled":true,"jetpack_social_post_already_shared":true,"jetpack_social_options":{"image_generator_settings":{"template":"highway","default_image_id":0,"font":"","enabled":false},"version":2},"_wpas_customize_per_network":false},"categories":[8],"tags":[],"class_list":["post-183384","post","type-post","status-publish","format-standard","has-post-thumbnail","hentry","category-sociedad","generate-columns","tablet-grid-50","mobile-grid-100","grid-parent","grid-50"],"jetpack_publicize_connections":[],"jetpack_featured_media_url":"https:\/\/www.hoymercedes.com.ar\/principal\/wp-content\/uploads\/2025\/03\/Captura-de-pantalla-2025-03-14-212501.png","wps_subtitle":"Preocupante","jetpack_sharing_enabled":true,"_links":{"self":[{"href":"https:\/\/www.hoymercedes.com.ar\/principal\/wp-json\/wp\/v2\/posts\/183384","targetHints":{"allow":["GET"]}}],"collection":[{"href":"https:\/\/www.hoymercedes.com.ar\/principal\/wp-json\/wp\/v2\/posts"}],"about":[{"href":"https:\/\/www.hoymercedes.com.ar\/principal\/wp-json\/wp\/v2\/types\/post"}],"author":[{"embeddable":true,"href":"https:\/\/www.hoymercedes.com.ar\/principal\/wp-json\/wp\/v2\/users\/1"}],"replies":[{"embeddable":true,"href":"https:\/\/www.hoymercedes.com.ar\/principal\/wp-json\/wp\/v2\/comments?post=183384"}],"version-history":[{"count":4,"href":"https:\/\/www.hoymercedes.com.ar\/principal\/wp-json\/wp\/v2\/posts\/183384\/revisions"}],"predecessor-version":[{"id":183388,"href":"https:\/\/www.hoymercedes.com.ar\/principal\/wp-json\/wp\/v2\/posts\/183384\/revisions\/183388"}],"wp:featuredmedia":[{"embeddable":true,"href":"https:\/\/www.hoymercedes.com.ar\/principal\/wp-json\/wp\/v2\/media\/183287"}],"wp:attachment":[{"href":"https:\/\/www.hoymercedes.com.ar\/principal\/wp-json\/wp\/v2\/media?parent=183384"}],"wp:term":[{"taxonomy":"category","embeddable":true,"href":"https:\/\/www.hoymercedes.com.ar\/principal\/wp-json\/wp\/v2\/categories?post=183384"},{"taxonomy":"post_tag","embeddable":true,"href":"https:\/\/www.hoymercedes.com.ar\/principal\/wp-json\/wp\/v2\/tags?post=183384"}],"curies":[{"name":"wp","href":"https:\/\/api.w.org\/{rel}","templated":true}]}}