{"id":183393,"date":"2025-03-19T20:48:00","date_gmt":"2025-03-19T23:48:00","guid":{"rendered":"https:\/\/www.hoymercedes.com.ar\/principal\/?p=183393"},"modified":"2025-03-19T20:48:01","modified_gmt":"2025-03-19T23:48:01","slug":"santiago-motorizado-actuara-gratis-en-lujan","status":"publish","type":"post","link":"https:\/\/www.hoymercedes.com.ar\/principal\/2025\/03\/19\/santiago-motorizado-actuara-gratis-en-lujan\/","title":{"rendered":"Santiago Motorizado actuar\u00e1 gratis en Luj\u00e1n"},"content":{"rendered":"\n<figure class=\"wp-block-image size-full is-resized\"><img loading=\"lazy\" decoding=\"async\" width=\"800\" height=\"519\" data-attachment-id=\"183394\" data-permalink=\"https:\/\/www.hoymercedes.com.ar\/principal\/2025\/03\/19\/santiago-motorizado-actuara-gratis-en-lujan\/santiagomotorizado\/#main\" data-orig-file=\"https:\/\/www.hoymercedes.com.ar\/principal\/wp-content\/uploads\/2025\/03\/SantiagoMotorizado.jpg\" data-orig-size=\"800,519\" data-comments-opened=\"0\" data-image-meta=\"{&quot;aperture&quot;:&quot;0&quot;,&quot;credit&quot;:&quot;&quot;,&quot;camera&quot;:&quot;&quot;,&quot;caption&quot;:&quot;&quot;,&quot;created_timestamp&quot;:&quot;0&quot;,&quot;copyright&quot;:&quot;&quot;,&quot;focal_length&quot;:&quot;0&quot;,&quot;iso&quot;:&quot;0&quot;,&quot;shutter_speed&quot;:&quot;0&quot;,&quot;title&quot;:&quot;&quot;,&quot;orientation&quot;:&quot;0&quot;}\" data-image-title=\"SantiagoMotorizado\" data-image-description=\"&lt;p&gt;Santiago Motorizado actuar\u00e1 gratis en Luj\u00e1n&lt;\/p&gt;\n\" data-image-caption=\"\" data-large-file=\"https:\/\/www.hoymercedes.com.ar\/principal\/wp-content\/uploads\/2025\/03\/SantiagoMotorizado.jpg\" src=\"https:\/\/www.hoymercedes.com.ar\/principal\/wp-content\/uploads\/2025\/03\/SantiagoMotorizado.jpg\" alt=\"\" class=\"wp-image-183394\" style=\"width:960px;height:auto\" srcset=\"https:\/\/www.hoymercedes.com.ar\/principal\/wp-content\/uploads\/2025\/03\/SantiagoMotorizado.jpg 800w, https:\/\/www.hoymercedes.com.ar\/principal\/wp-content\/uploads\/2025\/03\/SantiagoMotorizado-630x409.jpg 630w, https:\/\/www.hoymercedes.com.ar\/principal\/wp-content\/uploads\/2025\/03\/SantiagoMotorizado-150x97.jpg 150w\" sizes=\"auto, (max-width: 800px) 100vw, 800px\" \/><\/figure>\n\n\n\n<p>Ser\u00e1 en el marco de la inauguraci\u00f3n de un Centro Cultural sobre la rivera del R\u00edo Luj\u00e1n.<\/p>\n\n\n\n<p>El d\u00eda s\u00e1bado 22 de marzo, la comunidad de Luj\u00e1n celebrar\u00e1 la apertura del Centro Cultural Municipal Do\u00f1a Ana de Matos, un espacio renovado que promete convertirse en un faro de la actividad cultural del distrito.<\/p>\n\n\n\n<p>Gracias a una importante inversi\u00f3n del Municipio y la Provincia, el hist\u00f3rico edificio El Colonial ha sido restaurado y puesto en valor.<\/p>\n\n\n\n<p>Para celebrar este acontecimiento, la gran apertura contar\u00e1 con la presencia de Santiago Motorizado, quien brindar\u00e1 un espect\u00e1culo libre y gratuito a las 21 horas en la rivera, frente al Centro Cultural (calle San Jos\u00e9, junto a la bajada del puente Dr. Mu\u00f1iz).<\/p>\n\n\n\n<p>La jornada de celebraci\u00f3n se extender\u00e1 durante la noche del s\u00e1bado, y ofrecer\u00e1 mucho m\u00e1s que m\u00fasica: habr\u00e1 un patio gastron\u00f3mico con food trucks, una feria de artesanos y una gran sorpresa al cierre del evento.<\/p>\n","protected":false},"excerpt":{"rendered":"<p>Ser\u00e1 en el marco de la inauguraci\u00f3n de un Centro Cultural sobre la rivera del R\u00edo Luj\u00e1n. El d\u00eda s\u00e1bado &#8230; <a title=\"Santiago Motorizado actuar\u00e1 gratis en Luj\u00e1n\" class=\"read-more\" href=\"https:\/\/www.hoymercedes.com.ar\/principal\/2025\/03\/19\/santiago-motorizado-actuara-gratis-en-lujan\/\" aria-label=\"Leer m\u00e1s sobre Santiago Motorizado actuar\u00e1 gratis en Luj\u00e1n\">Leer m\u00e1s<\/a><\/p>\n","protected":false},"author":1,"featured_media":183394,"comment_status":"closed","ping_status":"open","sticky":false,"template":"","format":"standard","meta":{"_monsterinsights_skip_tracking":false,"_monsterinsights_sitenote_active":false,"_monsterinsights_sitenote_note":"","_monsterinsights_sitenote_category":0,"jetpack_post_was_ever_published":false,"_jetpack_newsletter_access":"","_jetpack_dont_email_post_to_subs":false,"_jetpack_newsletter_tier_id":0,"_jetpack_memberships_contains_paywalled_content":false,"_jetpack_memberships_contains_paid_content":false,"footnotes":"","jetpack_publicize_message":"","jetpack_publicize_feature_enabled":true,"jetpack_social_post_already_shared":true,"jetpack_social_options":{"image_generator_settings":{"template":"highway","default_image_id":0,"font":"","enabled":false},"version":2},"_wpas_customize_per_network":false},"categories":[5501],"tags":[20337,86,20336],"class_list":["post-183393","post","type-post","status-publish","format-standard","has-post-thumbnail","hentry","category-region","tag-centro-cultural-lujan","tag-lujan","tag-santiago-motorizado","generate-columns","tablet-grid-50","mobile-grid-100","grid-parent","grid-50"],"jetpack_publicize_connections":[],"jetpack_featured_media_url":"https:\/\/www.hoymercedes.com.ar\/principal\/wp-content\/uploads\/2025\/03\/SantiagoMotorizado.jpg","wps_subtitle":"Fiestas populares","jetpack_sharing_enabled":true,"_links":{"self":[{"href":"https:\/\/www.hoymercedes.com.ar\/principal\/wp-json\/wp\/v2\/posts\/183393","targetHints":{"allow":["GET"]}}],"collection":[{"href":"https:\/\/www.hoymercedes.com.ar\/principal\/wp-json\/wp\/v2\/posts"}],"about":[{"href":"https:\/\/www.hoymercedes.com.ar\/principal\/wp-json\/wp\/v2\/types\/post"}],"author":[{"embeddable":true,"href":"https:\/\/www.hoymercedes.com.ar\/principal\/wp-json\/wp\/v2\/users\/1"}],"replies":[{"embeddable":true,"href":"https:\/\/www.hoymercedes.com.ar\/principal\/wp-json\/wp\/v2\/comments?post=183393"}],"version-history":[{"count":2,"href":"https:\/\/www.hoymercedes.com.ar\/principal\/wp-json\/wp\/v2\/posts\/183393\/revisions"}],"predecessor-version":[{"id":183396,"href":"https:\/\/www.hoymercedes.com.ar\/principal\/wp-json\/wp\/v2\/posts\/183393\/revisions\/183396"}],"wp:featuredmedia":[{"embeddable":true,"href":"https:\/\/www.hoymercedes.com.ar\/principal\/wp-json\/wp\/v2\/media\/183394"}],"wp:attachment":[{"href":"https:\/\/www.hoymercedes.com.ar\/principal\/wp-json\/wp\/v2\/media?parent=183393"}],"wp:term":[{"taxonomy":"category","embeddable":true,"href":"https:\/\/www.hoymercedes.com.ar\/principal\/wp-json\/wp\/v2\/categories?post=183393"},{"taxonomy":"post_tag","embeddable":true,"href":"https:\/\/www.hoymercedes.com.ar\/principal\/wp-json\/wp\/v2\/tags?post=183393"}],"curies":[{"name":"wp","href":"https:\/\/api.w.org\/{rel}","templated":true}]}}