{"id":183403,"date":"2025-03-19T23:49:11","date_gmt":"2025-03-20T02:49:11","guid":{"rendered":"https:\/\/www.hoymercedes.com.ar\/principal\/?p=183403"},"modified":"2025-03-19T23:49:13","modified_gmt":"2025-03-20T02:49:13","slug":"importante-movilizacion-en-mercedes-en-defensa-de-los-jubilados","status":"publish","type":"post","link":"https:\/\/www.hoymercedes.com.ar\/principal\/2025\/03\/19\/importante-movilizacion-en-mercedes-en-defensa-de-los-jubilados\/","title":{"rendered":"Importante movilizaci\u00f3n en Mercedes en defensa de los jubilados"},"content":{"rendered":"\n<figure class=\"wp-block-image size-large\"><img loading=\"lazy\" decoding=\"async\" width=\"1024\" height=\"683\" data-attachment-id=\"183404\" data-permalink=\"https:\/\/www.hoymercedes.com.ar\/principal\/2025\/03\/19\/importante-movilizacion-en-mercedes-en-defensa-de-los-jubilados\/marchajubilados\/#main\" data-orig-file=\"https:\/\/www.hoymercedes.com.ar\/principal\/wp-content\/uploads\/2025\/03\/MarchaJubilados.jpg\" data-orig-size=\"1599,1066\" data-comments-opened=\"0\" data-image-meta=\"{&quot;aperture&quot;:&quot;0&quot;,&quot;credit&quot;:&quot;&quot;,&quot;camera&quot;:&quot;&quot;,&quot;caption&quot;:&quot;&quot;,&quot;created_timestamp&quot;:&quot;0&quot;,&quot;copyright&quot;:&quot;&quot;,&quot;focal_length&quot;:&quot;0&quot;,&quot;iso&quot;:&quot;0&quot;,&quot;shutter_speed&quot;:&quot;0&quot;,&quot;title&quot;:&quot;&quot;,&quot;orientation&quot;:&quot;0&quot;}\" data-image-title=\"Importante movilizaci\u00f3n en Mercedes en defensa de los jubilados\" data-image-description=\"&lt;p&gt;Importante movilizaci\u00f3n en Mercedes en defensa de los jubilados&lt;\/p&gt;\n\" data-image-caption=\"&lt;p&gt;Importante movilizaci\u00f3n en Mercedes en defensa de los jubilados&lt;\/p&gt;\n\" data-large-file=\"https:\/\/www.hoymercedes.com.ar\/principal\/wp-content\/uploads\/2025\/03\/MarchaJubilados-1024x683.jpg\" src=\"https:\/\/www.hoymercedes.com.ar\/principal\/wp-content\/uploads\/2025\/03\/MarchaJubilados-1024x683.jpg\" alt=\"\" class=\"wp-image-183404\" srcset=\"https:\/\/www.hoymercedes.com.ar\/principal\/wp-content\/uploads\/2025\/03\/MarchaJubilados-1024x683.jpg 1024w, https:\/\/www.hoymercedes.com.ar\/principal\/wp-content\/uploads\/2025\/03\/MarchaJubilados-630x420.jpg 630w, https:\/\/www.hoymercedes.com.ar\/principal\/wp-content\/uploads\/2025\/03\/MarchaJubilados-150x100.jpg 150w, https:\/\/www.hoymercedes.com.ar\/principal\/wp-content\/uploads\/2025\/03\/MarchaJubilados-1536x1024.jpg 1536w, https:\/\/www.hoymercedes.com.ar\/principal\/wp-content\/uploads\/2025\/03\/MarchaJubilados.jpg 1599w\" sizes=\"auto, (max-width: 1024px) 100vw, 1024px\" \/><\/figure>\n\n\n\n<p>Una vez m\u00e1s nuestra ciudad tuvo su marcha y encuentro en Plaza San Mart\u00edn en defensa de los derechos y calidad de vida de los jubilados. Fue un correlato de lo que se vivi\u00f3 en Capital Federal, donde tambi\u00e9n hubo presencia mercedina.<\/p>\n\n\n\n<p>Con oradores provenientes principalmente de los espacios que nuclean a jubilados y pensionados de la ciudad, pero con apoyo de vecinos, vecinas y representantes de agrupaciones e instituciones que se manifestaron en Plaza San Mart\u00edn para luego movilizarse por distintas calles del casco hist\u00f3rico, principalmente por avenida 29.<\/p>\n\n\n\n<figure class=\"wp-block-image size-large\"><img loading=\"lazy\" decoding=\"async\" width=\"1024\" height=\"683\" data-attachment-id=\"183407\" data-permalink=\"https:\/\/www.hoymercedes.com.ar\/principal\/2025\/03\/19\/importante-movilizacion-en-mercedes-en-defensa-de-los-jubilados\/marchajubilados-2\/#main\" data-orig-file=\"https:\/\/www.hoymercedes.com.ar\/principal\/wp-content\/uploads\/2025\/03\/MarchaJubilados.2.jpg\" data-orig-size=\"1599,1066\" data-comments-opened=\"0\" data-image-meta=\"{&quot;aperture&quot;:&quot;0&quot;,&quot;credit&quot;:&quot;&quot;,&quot;camera&quot;:&quot;&quot;,&quot;caption&quot;:&quot;&quot;,&quot;created_timestamp&quot;:&quot;0&quot;,&quot;copyright&quot;:&quot;&quot;,&quot;focal_length&quot;:&quot;0&quot;,&quot;iso&quot;:&quot;0&quot;,&quot;shutter_speed&quot;:&quot;0&quot;,&quot;title&quot;:&quot;&quot;,&quot;orientation&quot;:&quot;0&quot;}\" data-image-title=\"MarchaJubilados.2\" data-image-description=\"&lt;p&gt;Importante movilizaci\u00f3n en Mercedes en defensa de los jubilados&lt;\/p&gt;\n\" data-image-caption=\"&lt;p&gt;Importante movilizaci\u00f3n en Mercedes en defensa de los jubilados&lt;\/p&gt;\n\" data-large-file=\"https:\/\/www.hoymercedes.com.ar\/principal\/wp-content\/uploads\/2025\/03\/MarchaJubilados.2-1024x683.jpg\" src=\"https:\/\/www.hoymercedes.com.ar\/principal\/wp-content\/uploads\/2025\/03\/MarchaJubilados.2-1024x683.jpg\" alt=\"\" class=\"wp-image-183407\" srcset=\"https:\/\/www.hoymercedes.com.ar\/principal\/wp-content\/uploads\/2025\/03\/MarchaJubilados.2-1024x683.jpg 1024w, https:\/\/www.hoymercedes.com.ar\/principal\/wp-content\/uploads\/2025\/03\/MarchaJubilados.2-630x420.jpg 630w, https:\/\/www.hoymercedes.com.ar\/principal\/wp-content\/uploads\/2025\/03\/MarchaJubilados.2-150x100.jpg 150w, https:\/\/www.hoymercedes.com.ar\/principal\/wp-content\/uploads\/2025\/03\/MarchaJubilados.2-1536x1024.jpg 1536w, https:\/\/www.hoymercedes.com.ar\/principal\/wp-content\/uploads\/2025\/03\/MarchaJubilados.2.jpg 1599w\" sizes=\"auto, (max-width: 1024px) 100vw, 1024px\" \/><\/figure>\n\n\n\n<p>Entre los distintos reclamos est\u00e1 la falta de incremento de haberes, quedando muy por debajo de la fuerte inflaci\u00f3n a\u00fan persistente, sobre todo en servicios y medicamento, la quita de coberturas m\u00e9dicas y remedios y el mal funcionamiento del PAMI, entre otras cuestiones, que afectan gravemente la calidad de vida de los adultos mayores.<\/p>\n","protected":false},"excerpt":{"rendered":"<p>Una vez m\u00e1s nuestra ciudad tuvo su marcha y encuentro en Plaza San Mart\u00edn en defensa de los derechos y &#8230; <a title=\"Importante movilizaci\u00f3n en Mercedes en defensa de los jubilados\" class=\"read-more\" href=\"https:\/\/www.hoymercedes.com.ar\/principal\/2025\/03\/19\/importante-movilizacion-en-mercedes-en-defensa-de-los-jubilados\/\" aria-label=\"Leer m\u00e1s sobre Importante movilizaci\u00f3n en Mercedes en defensa de los jubilados\">Leer m\u00e1s<\/a><\/p>\n","protected":false},"author":1,"featured_media":183407,"comment_status":"closed","ping_status":"open","sticky":false,"template":"","format":"standard","meta":{"_monsterinsights_skip_tracking":false,"_monsterinsights_sitenote_active":false,"_monsterinsights_sitenote_note":"","_monsterinsights_sitenote_category":0,"jetpack_post_was_ever_published":false,"_jetpack_newsletter_access":"","_jetpack_dont_email_post_to_subs":false,"_jetpack_newsletter_tier_id":0,"_jetpack_memberships_contains_paywalled_content":false,"_jetpack_memberships_contains_paid_content":false,"footnotes":"","jetpack_publicize_message":"","jetpack_publicize_feature_enabled":true,"jetpack_social_post_already_shared":true,"jetpack_social_options":{"image_generator_settings":{"template":"highway","default_image_id":0,"font":"","enabled":false},"version":2},"_wpas_customize_per_network":false},"categories":[8],"tags":[],"class_list":["post-183403","post","type-post","status-publish","format-standard","has-post-thumbnail","hentry","category-sociedad","generate-columns","tablet-grid-50","mobile-grid-100","grid-parent","grid-50"],"jetpack_publicize_connections":[],"jetpack_featured_media_url":"https:\/\/www.hoymercedes.com.ar\/principal\/wp-content\/uploads\/2025\/03\/MarchaJubilados.2.jpg","wps_subtitle":"Reclamo social","jetpack_sharing_enabled":true,"_links":{"self":[{"href":"https:\/\/www.hoymercedes.com.ar\/principal\/wp-json\/wp\/v2\/posts\/183403","targetHints":{"allow":["GET"]}}],"collection":[{"href":"https:\/\/www.hoymercedes.com.ar\/principal\/wp-json\/wp\/v2\/posts"}],"about":[{"href":"https:\/\/www.hoymercedes.com.ar\/principal\/wp-json\/wp\/v2\/types\/post"}],"author":[{"embeddable":true,"href":"https:\/\/www.hoymercedes.com.ar\/principal\/wp-json\/wp\/v2\/users\/1"}],"replies":[{"embeddable":true,"href":"https:\/\/www.hoymercedes.com.ar\/principal\/wp-json\/wp\/v2\/comments?post=183403"}],"version-history":[{"count":2,"href":"https:\/\/www.hoymercedes.com.ar\/principal\/wp-json\/wp\/v2\/posts\/183403\/revisions"}],"predecessor-version":[{"id":183409,"href":"https:\/\/www.hoymercedes.com.ar\/principal\/wp-json\/wp\/v2\/posts\/183403\/revisions\/183409"}],"wp:featuredmedia":[{"embeddable":true,"href":"https:\/\/www.hoymercedes.com.ar\/principal\/wp-json\/wp\/v2\/media\/183407"}],"wp:attachment":[{"href":"https:\/\/www.hoymercedes.com.ar\/principal\/wp-json\/wp\/v2\/media?parent=183403"}],"wp:term":[{"taxonomy":"category","embeddable":true,"href":"https:\/\/www.hoymercedes.com.ar\/principal\/wp-json\/wp\/v2\/categories?post=183403"},{"taxonomy":"post_tag","embeddable":true,"href":"https:\/\/www.hoymercedes.com.ar\/principal\/wp-json\/wp\/v2\/tags?post=183403"}],"curies":[{"name":"wp","href":"https:\/\/api.w.org\/{rel}","templated":true}]}}