{"id":183410,"date":"2025-03-20T12:28:10","date_gmt":"2025-03-20T15:28:10","guid":{"rendered":"https:\/\/www.hoymercedes.com.ar\/principal\/?p=183410"},"modified":"2025-03-20T12:28:12","modified_gmt":"2025-03-20T15:28:12","slug":"nuevos-matriculados-en-el-colegio-de-abogados-3","status":"publish","type":"post","link":"https:\/\/www.hoymercedes.com.ar\/principal\/2025\/03\/20\/nuevos-matriculados-en-el-colegio-de-abogados-3\/","title":{"rendered":"Nuevos matriculados en el Colegio de Abogados"},"content":{"rendered":"\n<p>El Colegio de Abogados del Departamento Judicial Mercedes tom\u00f3 juramento a veintitr\u00e9s nuevos profesionales se sumaron a la instituci\u00f3n departamental. El titular del Colegio, el Dr. Hern\u00e1n Alberto Salaverri encabez\u00f3 la ceremonia para los nuevos matriculados.<\/p>\n\n\n<div class=\"wp-block-image\">\n<figure class=\"aligncenter size-full\"><img loading=\"lazy\" decoding=\"async\" width=\"798\" height=\"381\" data-attachment-id=\"183412\" data-permalink=\"https:\/\/www.hoymercedes.com.ar\/principal\/2025\/03\/20\/nuevos-matriculados-en-el-colegio-de-abogados-3\/attachment\/1000185752\/#main\" data-orig-file=\"https:\/\/www.hoymercedes.com.ar\/principal\/wp-content\/uploads\/2025\/03\/1000185752.jpg\" data-orig-size=\"798,381\" data-comments-opened=\"0\" data-image-meta=\"{&quot;aperture&quot;:&quot;0&quot;,&quot;credit&quot;:&quot;&quot;,&quot;camera&quot;:&quot;&quot;,&quot;caption&quot;:&quot;&quot;,&quot;created_timestamp&quot;:&quot;0&quot;,&quot;copyright&quot;:&quot;&quot;,&quot;focal_length&quot;:&quot;0&quot;,&quot;iso&quot;:&quot;0&quot;,&quot;shutter_speed&quot;:&quot;0&quot;,&quot;title&quot;:&quot;&quot;,&quot;orientation&quot;:&quot;0&quot;}\" data-image-title=\"1000185752\" data-image-description=\"\" data-image-caption=\"\" data-large-file=\"https:\/\/www.hoymercedes.com.ar\/principal\/wp-content\/uploads\/2025\/03\/1000185752.jpg\" src=\"https:\/\/www.hoymercedes.com.ar\/principal\/wp-content\/uploads\/2025\/03\/1000185752.jpg\" alt=\"\" class=\"wp-image-183412\" srcset=\"https:\/\/www.hoymercedes.com.ar\/principal\/wp-content\/uploads\/2025\/03\/1000185752.jpg 798w, https:\/\/www.hoymercedes.com.ar\/principal\/wp-content\/uploads\/2025\/03\/1000185752-630x301.jpg 630w, https:\/\/www.hoymercedes.com.ar\/principal\/wp-content\/uploads\/2025\/03\/1000185752-150x72.jpg 150w\" sizes=\"auto, (max-width: 798px) 100vw, 798px\" \/><\/figure>\n<\/div>\n\n\n<p>D\u00edas atr\u00e1s,\u00a0los abogados\u00a0<strong>Ana Clara Borsini, Carla Casella, Alberto Daniel Duran, Mauro Hernan Dutto, Mauro Ezequiel Echeverry, Tania Elizabeth Lemme, Romina Fedra Ramona Lencina, Agustin Lertora, Carolina Daniela Navarro, Yanina Noemi Salduberes, Lucia Soljacich, Luis Mateo Torcoletti, Natalia Isabel Vergara, Maria Jos\u00e9 Cagnone, Jos\u00e9 L\u00f3pez L\u00e1strico, Mariano Cesar Villone, Florencia Nair Arena, Ulises Alberto Bruschi, Miguel Etcheverry, Federico Martin Irrazabal, Nicolas Andres Paniagua, Gaston Alejandro Zusman y Augusto Linares<\/strong>\u00a0prestaron juramento para obtener la matr\u00edcula habilitante para trabajar en el departamento judicial. <\/p>\n\n\n\n<p>El Presidente del Colegio, Dr. Salaverri brind\u00f3 unas breves y c\u00e1lidas palabras de bienvenida, destacando el valor de que estos profesionales hayan elegido integrarse a la jurisdicci\u00f3n. A medida que eran convocados, los flamantes matriculados se acercaron al estrado para firmar y recibir diplomas y obsequios como parte de su incorporaci\u00f3n formal al Colegio departamental.<\/p>\n\n\n\n<p>El evento, que se realiz\u00f3 el 19 de marzo en un colmado Sal\u00f3n de Actos \u00abDr. Arturo Acu\u00f1a Anzorena\u00bb y cont\u00f3 con la asistencia de familiares y amigos de los nuevos matriculados. <\/p>\n\n\n\n<p><\/p>\n\n\n\n<p><em>Fuente: Prensa CADJMercedes<\/em><\/p>\n","protected":false},"excerpt":{"rendered":"<p>El Colegio de Abogados del Departamento Judicial Mercedes tom\u00f3 juramento a veintitr\u00e9s nuevos profesionales se sumaron a la instituci\u00f3n departamental. &#8230; <a title=\"Nuevos matriculados en el Colegio de Abogados\" class=\"read-more\" href=\"https:\/\/www.hoymercedes.com.ar\/principal\/2025\/03\/20\/nuevos-matriculados-en-el-colegio-de-abogados-3\/\" aria-label=\"Leer m\u00e1s sobre Nuevos matriculados en el Colegio de Abogados\">Leer m\u00e1s<\/a><\/p>\n","protected":false},"author":1,"featured_media":183412,"comment_status":"closed","ping_status":"open","sticky":false,"template":"","format":"standard","meta":{"_monsterinsights_skip_tracking":false,"_monsterinsights_sitenote_active":false,"_monsterinsights_sitenote_note":"","_monsterinsights_sitenote_category":0,"jetpack_post_was_ever_published":false,"_jetpack_newsletter_access":"","_jetpack_dont_email_post_to_subs":false,"_jetpack_newsletter_tier_id":0,"_jetpack_memberships_contains_paywalled_content":false,"_jetpack_memberships_contains_paid_content":false,"footnotes":"","jetpack_publicize_message":"","jetpack_publicize_feature_enabled":true,"jetpack_social_post_already_shared":true,"jetpack_social_options":{"image_generator_settings":{"template":"highway","default_image_id":0,"font":"","enabled":false},"version":2},"_wpas_customize_per_network":false},"categories":[8],"tags":[],"class_list":["post-183410","post","type-post","status-publish","format-standard","has-post-thumbnail","hentry","category-sociedad","generate-columns","tablet-grid-50","mobile-grid-100","grid-parent","grid-50"],"jetpack_publicize_connections":[],"jetpack_featured_media_url":"https:\/\/www.hoymercedes.com.ar\/principal\/wp-content\/uploads\/2025\/03\/1000185752.jpg","wps_subtitle":"","jetpack_sharing_enabled":true,"_links":{"self":[{"href":"https:\/\/www.hoymercedes.com.ar\/principal\/wp-json\/wp\/v2\/posts\/183410","targetHints":{"allow":["GET"]}}],"collection":[{"href":"https:\/\/www.hoymercedes.com.ar\/principal\/wp-json\/wp\/v2\/posts"}],"about":[{"href":"https:\/\/www.hoymercedes.com.ar\/principal\/wp-json\/wp\/v2\/types\/post"}],"author":[{"embeddable":true,"href":"https:\/\/www.hoymercedes.com.ar\/principal\/wp-json\/wp\/v2\/users\/1"}],"replies":[{"embeddable":true,"href":"https:\/\/www.hoymercedes.com.ar\/principal\/wp-json\/wp\/v2\/comments?post=183410"}],"version-history":[{"count":3,"href":"https:\/\/www.hoymercedes.com.ar\/principal\/wp-json\/wp\/v2\/posts\/183410\/revisions"}],"predecessor-version":[{"id":183414,"href":"https:\/\/www.hoymercedes.com.ar\/principal\/wp-json\/wp\/v2\/posts\/183410\/revisions\/183414"}],"wp:featuredmedia":[{"embeddable":true,"href":"https:\/\/www.hoymercedes.com.ar\/principal\/wp-json\/wp\/v2\/media\/183412"}],"wp:attachment":[{"href":"https:\/\/www.hoymercedes.com.ar\/principal\/wp-json\/wp\/v2\/media?parent=183410"}],"wp:term":[{"taxonomy":"category","embeddable":true,"href":"https:\/\/www.hoymercedes.com.ar\/principal\/wp-json\/wp\/v2\/categories?post=183410"},{"taxonomy":"post_tag","embeddable":true,"href":"https:\/\/www.hoymercedes.com.ar\/principal\/wp-json\/wp\/v2\/tags?post=183410"}],"curies":[{"name":"wp","href":"https:\/\/api.w.org\/{rel}","templated":true}]}}