{"id":183444,"date":"2025-03-20T22:13:41","date_gmt":"2025-03-21T01:13:41","guid":{"rendered":"https:\/\/www.hoymercedes.com.ar\/principal\/?p=183444"},"modified":"2025-03-20T22:13:43","modified_gmt":"2025-03-21T01:13:43","slug":"invitan-a-la-vigilia-del-24-de-marzo-en-plaza-san-martin","status":"publish","type":"post","link":"https:\/\/www.hoymercedes.com.ar\/principal\/2025\/03\/20\/invitan-a-la-vigilia-del-24-de-marzo-en-plaza-san-martin\/","title":{"rendered":"Invitan a la vigilia del 24 de marzo en Plaza San Mart\u00edn"},"content":{"rendered":"\n<figure class=\"wp-block-image size-large\"><img loading=\"lazy\" decoding=\"async\" width=\"1024\" height=\"682\" data-attachment-id=\"183445\" data-permalink=\"https:\/\/www.hoymercedes.com.ar\/principal\/2025\/03\/20\/invitan-a-la-vigilia-del-24-de-marzo-en-plaza-san-martin\/vigilia-24-3\/#main\" data-orig-file=\"https:\/\/www.hoymercedes.com.ar\/principal\/wp-content\/uploads\/2025\/03\/Vigilia-24.3.jpg\" data-orig-size=\"1319,879\" data-comments-opened=\"0\" data-image-meta=\"{&quot;aperture&quot;:&quot;0&quot;,&quot;credit&quot;:&quot;&quot;,&quot;camera&quot;:&quot;&quot;,&quot;caption&quot;:&quot;&quot;,&quot;created_timestamp&quot;:&quot;0&quot;,&quot;copyright&quot;:&quot;&quot;,&quot;focal_length&quot;:&quot;0&quot;,&quot;iso&quot;:&quot;0&quot;,&quot;shutter_speed&quot;:&quot;0&quot;,&quot;title&quot;:&quot;&quot;,&quot;orientation&quot;:&quot;0&quot;}\" data-image-title=\"Invitan a la vigilia del 24 de marzo en Plaza San Mart\u00edn\" data-image-description=\"&lt;p&gt;Invitan a la vigilia del 24 de marzo en Plaza San Mart\u00edn&lt;\/p&gt;\n\" data-image-caption=\"&lt;p&gt;Invitan a la vigilia del 24 de marzo en Plaza San Mart\u00edn&lt;\/p&gt;\n\" data-large-file=\"https:\/\/www.hoymercedes.com.ar\/principal\/wp-content\/uploads\/2025\/03\/Vigilia-24.3-1024x682.jpg\" src=\"https:\/\/www.hoymercedes.com.ar\/principal\/wp-content\/uploads\/2025\/03\/Vigilia-24.3-1024x682.jpg\" alt=\"\" class=\"wp-image-183445\" srcset=\"https:\/\/www.hoymercedes.com.ar\/principal\/wp-content\/uploads\/2025\/03\/Vigilia-24.3-1024x682.jpg 1024w, https:\/\/www.hoymercedes.com.ar\/principal\/wp-content\/uploads\/2025\/03\/Vigilia-24.3-630x420.jpg 630w, https:\/\/www.hoymercedes.com.ar\/principal\/wp-content\/uploads\/2025\/03\/Vigilia-24.3-150x100.jpg 150w, https:\/\/www.hoymercedes.com.ar\/principal\/wp-content\/uploads\/2025\/03\/Vigilia-24.3-700x465.jpg 700w, https:\/\/www.hoymercedes.com.ar\/principal\/wp-content\/uploads\/2025\/03\/Vigilia-24.3.jpg 1319w\" sizes=\"auto, (max-width: 1024px) 100vw, 1024px\" \/><\/figure>\n\n\n\n<p>El pr\u00f3ximo domingo 23 de marzo se llevar\u00e1 a cabo la \u201cVigilia del 24 de marzo\u201d donde habr\u00e1 exposiciones y m\u00fasica en vivo, siempre en el marco de la defensa de los derechos humanos, respetos institucionales y memoria.<\/p>\n\n\n\n<p>La propuesta impulsada por Derechos Humanos, Cultura y la Comisi\u00f3n de Familiares y Amigos de Detenidos y Desaparecidos tendr\u00e1 distintos atractivos, entre ellos el musical<\/p>\n\n\n\n<p>Se invita a las y los vecinos a sumarse a la actividad que se inicia a las 18hs con un mural en 29 y 26, a las 19hs actuar\u00e1 La Revoltosa, luego lectura de cuentos a cargo de Alejandra Marroqu\u00edn para continuar con Naci\u00f3n Wiphala y cerrar con murgas de la ciudad.<\/p>\n\n\n\n<figure class=\"wp-block-image size-large\"><img loading=\"lazy\" decoding=\"async\" width=\"1024\" height=\"682\" data-attachment-id=\"183446\" data-permalink=\"https:\/\/www.hoymercedes.com.ar\/principal\/2025\/03\/20\/invitan-a-la-vigilia-del-24-de-marzo-en-plaza-san-martin\/vigilia-24\/#main\" data-orig-file=\"https:\/\/www.hoymercedes.com.ar\/principal\/wp-content\/uploads\/2025\/03\/Vigilia-24.jpg\" data-orig-size=\"1319,879\" data-comments-opened=\"0\" data-image-meta=\"{&quot;aperture&quot;:&quot;0&quot;,&quot;credit&quot;:&quot;&quot;,&quot;camera&quot;:&quot;&quot;,&quot;caption&quot;:&quot;&quot;,&quot;created_timestamp&quot;:&quot;0&quot;,&quot;copyright&quot;:&quot;&quot;,&quot;focal_length&quot;:&quot;0&quot;,&quot;iso&quot;:&quot;0&quot;,&quot;shutter_speed&quot;:&quot;0&quot;,&quot;title&quot;:&quot;&quot;,&quot;orientation&quot;:&quot;0&quot;}\" data-image-title=\"VigiInvitan a la vigilia del 24 de marzo en Plaza San Mart\u00edn\" data-image-description=\"&lt;p&gt;Invitan a la vigilia del 24 de marzo en Plaza San Mart\u00edn&lt;\/p&gt;\n\" data-image-caption=\"&lt;p&gt;Invitan a la vigilia del 24 de marzo en Plaza San Mart\u00edn&lt;\/p&gt;\n\" data-large-file=\"https:\/\/www.hoymercedes.com.ar\/principal\/wp-content\/uploads\/2025\/03\/Vigilia-24-1024x682.jpg\" src=\"https:\/\/www.hoymercedes.com.ar\/principal\/wp-content\/uploads\/2025\/03\/Vigilia-24-1024x682.jpg\" alt=\"\" class=\"wp-image-183446\" srcset=\"https:\/\/www.hoymercedes.com.ar\/principal\/wp-content\/uploads\/2025\/03\/Vigilia-24-1024x682.jpg 1024w, https:\/\/www.hoymercedes.com.ar\/principal\/wp-content\/uploads\/2025\/03\/Vigilia-24-630x420.jpg 630w, https:\/\/www.hoymercedes.com.ar\/principal\/wp-content\/uploads\/2025\/03\/Vigilia-24-150x100.jpg 150w, https:\/\/www.hoymercedes.com.ar\/principal\/wp-content\/uploads\/2025\/03\/Vigilia-24-700x465.jpg 700w, https:\/\/www.hoymercedes.com.ar\/principal\/wp-content\/uploads\/2025\/03\/Vigilia-24.jpg 1319w\" sizes=\"auto, (max-width: 1024px) 100vw, 1024px\" \/><\/figure>\n\n\n\n<p>Habr\u00e1 Adem\u00e1s, exposiciones, productores, emprendedores, artesanos, sumando tambi\u00e9n la presencia de institutos de formaci\u00f3n docente, reafirmando el compromiso con la ense\u00f1anza de nuestra historia reciente.<\/p>\n\n\n\n<p>En caso de lluvia, se traslada al Teatro Argentino Julio C\u00e9sar Gioscio.<\/p>\n","protected":false},"excerpt":{"rendered":"<p>El pr\u00f3ximo domingo 23 de marzo se llevar\u00e1 a cabo la \u201cVigilia del 24 de marzo\u201d donde habr\u00e1 exposiciones y &#8230; <a title=\"Invitan a la vigilia del 24 de marzo en Plaza San Mart\u00edn\" class=\"read-more\" href=\"https:\/\/www.hoymercedes.com.ar\/principal\/2025\/03\/20\/invitan-a-la-vigilia-del-24-de-marzo-en-plaza-san-martin\/\" aria-label=\"Leer m\u00e1s sobre Invitan a la vigilia del 24 de marzo en Plaza San Mart\u00edn\">Leer m\u00e1s<\/a><\/p>\n","protected":false},"author":1,"featured_media":183445,"comment_status":"closed","ping_status":"open","sticky":false,"template":"","format":"standard","meta":{"_monsterinsights_skip_tracking":false,"_monsterinsights_sitenote_active":false,"_monsterinsights_sitenote_note":"","_monsterinsights_sitenote_category":0,"jetpack_post_was_ever_published":false,"_jetpack_newsletter_access":"","_jetpack_dont_email_post_to_subs":false,"_jetpack_newsletter_tier_id":0,"_jetpack_memberships_contains_paywalled_content":false,"_jetpack_memberships_contains_paid_content":false,"footnotes":"","jetpack_publicize_message":"","jetpack_publicize_feature_enabled":true,"jetpack_social_post_already_shared":true,"jetpack_social_options":{"image_generator_settings":{"template":"highway","default_image_id":0,"font":"","enabled":false},"version":2},"_wpas_customize_per_network":false},"categories":[8],"tags":[7086,20341,14693,20340],"class_list":["post-183444","post","type-post","status-publish","format-standard","has-post-thumbnail","hentry","category-sociedad","tag-24-de-marzo-mercedes","tag-comision-familiares-mercedes","tag-dictadura-mercedes","tag-vigilia-derechos-humanos","generate-columns","tablet-grid-50","mobile-grid-100","grid-parent","grid-50"],"jetpack_publicize_connections":[],"jetpack_featured_media_url":"https:\/\/www.hoymercedes.com.ar\/principal\/wp-content\/uploads\/2025\/03\/Vigilia-24.3.jpg","wps_subtitle":"Derechos Humanos","jetpack_sharing_enabled":true,"_links":{"self":[{"href":"https:\/\/www.hoymercedes.com.ar\/principal\/wp-json\/wp\/v2\/posts\/183444","targetHints":{"allow":["GET"]}}],"collection":[{"href":"https:\/\/www.hoymercedes.com.ar\/principal\/wp-json\/wp\/v2\/posts"}],"about":[{"href":"https:\/\/www.hoymercedes.com.ar\/principal\/wp-json\/wp\/v2\/types\/post"}],"author":[{"embeddable":true,"href":"https:\/\/www.hoymercedes.com.ar\/principal\/wp-json\/wp\/v2\/users\/1"}],"replies":[{"embeddable":true,"href":"https:\/\/www.hoymercedes.com.ar\/principal\/wp-json\/wp\/v2\/comments?post=183444"}],"version-history":[{"count":2,"href":"https:\/\/www.hoymercedes.com.ar\/principal\/wp-json\/wp\/v2\/posts\/183444\/revisions"}],"predecessor-version":[{"id":183448,"href":"https:\/\/www.hoymercedes.com.ar\/principal\/wp-json\/wp\/v2\/posts\/183444\/revisions\/183448"}],"wp:featuredmedia":[{"embeddable":true,"href":"https:\/\/www.hoymercedes.com.ar\/principal\/wp-json\/wp\/v2\/media\/183445"}],"wp:attachment":[{"href":"https:\/\/www.hoymercedes.com.ar\/principal\/wp-json\/wp\/v2\/media?parent=183444"}],"wp:term":[{"taxonomy":"category","embeddable":true,"href":"https:\/\/www.hoymercedes.com.ar\/principal\/wp-json\/wp\/v2\/categories?post=183444"},{"taxonomy":"post_tag","embeddable":true,"href":"https:\/\/www.hoymercedes.com.ar\/principal\/wp-json\/wp\/v2\/tags?post=183444"}],"curies":[{"name":"wp","href":"https:\/\/api.w.org\/{rel}","templated":true}]}}