{"id":183524,"date":"2025-03-24T21:19:01","date_gmt":"2025-03-25T00:19:01","guid":{"rendered":"https:\/\/www.hoymercedes.com.ar\/principal\/?p=183524"},"modified":"2025-03-24T21:19:03","modified_gmt":"2025-03-25T00:19:03","slug":"comision-de-familiares-encabezo-acto-del-24-de-marzo","status":"publish","type":"post","link":"https:\/\/www.hoymercedes.com.ar\/principal\/2025\/03\/24\/comision-de-familiares-encabezo-acto-del-24-de-marzo\/","title":{"rendered":"Comisi\u00f3n de Familiares encabez\u00f3 acto del 24 de marzo"},"content":{"rendered":"\n<figure class=\"wp-block-image size-large\"><img loading=\"lazy\" decoding=\"async\" width=\"1024\" height=\"682\" data-attachment-id=\"183525\" data-permalink=\"https:\/\/www.hoymercedes.com.ar\/principal\/2025\/03\/24\/comision-de-familiares-encabezo-acto-del-24-de-marzo\/dsc07682-2\/#main\" data-orig-file=\"https:\/\/www.hoymercedes.com.ar\/principal\/wp-content\/uploads\/2025\/03\/DSC07682.jpg\" data-orig-size=\"1319,879\" data-comments-opened=\"0\" data-image-meta=\"{&quot;aperture&quot;:&quot;0&quot;,&quot;credit&quot;:&quot;&quot;,&quot;camera&quot;:&quot;&quot;,&quot;caption&quot;:&quot;&quot;,&quot;created_timestamp&quot;:&quot;0&quot;,&quot;copyright&quot;:&quot;&quot;,&quot;focal_length&quot;:&quot;0&quot;,&quot;iso&quot;:&quot;0&quot;,&quot;shutter_speed&quot;:&quot;0&quot;,&quot;title&quot;:&quot;&quot;,&quot;orientation&quot;:&quot;0&quot;}\" data-image-title=\"Comisi\u00f3n de Familiares encabez\u00f3 acto del 24 de marzo\" data-image-description=\"&lt;p&gt;Comisi\u00f3n de Familiares encabez\u00f3 acto del 24 de marzo&lt;\/p&gt;\n\" data-image-caption=\"&lt;p&gt;Comisi\u00f3n de Familiares encabez\u00f3 acto del 24 de marzo&lt;\/p&gt;\n\" data-large-file=\"https:\/\/www.hoymercedes.com.ar\/principal\/wp-content\/uploads\/2025\/03\/DSC07682-1024x682.jpg\" src=\"https:\/\/www.hoymercedes.com.ar\/principal\/wp-content\/uploads\/2025\/03\/DSC07682-1024x682.jpg\" alt=\"\" class=\"wp-image-183525\" srcset=\"https:\/\/www.hoymercedes.com.ar\/principal\/wp-content\/uploads\/2025\/03\/DSC07682-1024x682.jpg 1024w, https:\/\/www.hoymercedes.com.ar\/principal\/wp-content\/uploads\/2025\/03\/DSC07682-630x420.jpg 630w, https:\/\/www.hoymercedes.com.ar\/principal\/wp-content\/uploads\/2025\/03\/DSC07682-150x100.jpg 150w, https:\/\/www.hoymercedes.com.ar\/principal\/wp-content\/uploads\/2025\/03\/DSC07682-700x465.jpg 700w, https:\/\/www.hoymercedes.com.ar\/principal\/wp-content\/uploads\/2025\/03\/DSC07682.jpg 1319w\" sizes=\"auto, (max-width: 1024px) 100vw, 1024px\" \/><\/figure>\n\n\n\n<p>Una muy nutrida asistencia acompa\u00f1\u00f3 a la Comisi\u00f3n de Familiares y Amigos de Detenidos, Desaparecidos y Asesinados de Mercedes en un nuevo acto por el 24 de Marzo. Fue en plaza San Mart\u00edn. Se ley\u00f3 el documento oficial y se convoc\u00f3 al intendente a que diga unas palabras. Tambi\u00e9n hubo una amplia participaci\u00f3n de instituciones educativas.<\/p>\n\n\n\n<p><strong>Documento<\/strong><\/p>\n\n\n\n<p>El documento oficial, extenso y s\u00f3lido en t\u00e9rminos hist\u00f3ricos, sociales y contextuales fue le\u00eddo en representaci\u00f3n de la Comisi\u00f3n por <strong>Patricia Bojorge<\/strong>. Entre otros conceptos expres\u00f3:<\/p>\n\n\n\n<p><em>(\u2026) \u201cDurante los a\u00f1os de dictadura, familiares de las personas desaparecidas y sectores de la sociedad civil desafiaron el terror dictatorial y se organizaron para denunciar los cr\u00edmenes. Con el retorno a la democracia, estas luchas sostenidas en lemas como \u201cJuicio y Castigo a los culpables\u201d, se articularon con el Estado y se tradujeron en logros colectivos emblem\u00e1ticos a nivel nacional e internacional. El Nunca M\u00e1s y el Juicio a las Juntas constituyeron as\u00ed un piso \u00e9tico fundamental para la reconstrucci\u00f3n de la vida democr\u00e1tica<\/em><\/p>\n\n\n\n<p><em>(\u2026)La historia y la realidad nos interpelan una vez m\u00e1s y nos empujan a reflexionar sobre nuestro pasado, nuestro presente y nuestro futuro\u2026.<\/em><\/p>\n\n\n\n<p><em>(\u2026)Por eso se\u00f1alamos que, otra vez m\u00e1s, hoy y aqu\u00ed, representantes gubernamentales&nbsp; medi\u00e1ticos y agentes funcionales al&nbsp; gobierno nacional, enmascarados de redentores pol\u00edticos, alzan sus discursos negacionistas y&nbsp; divisionistas buscando instalar en el imaginario social un sustento favorable que les permita profundizar y&nbsp; avanzar con el cercenamiento de las pol\u00edticas p\u00fablicas de memoria, verdad y justicia,&nbsp; e impulsar el desguace y el desmantelamiento de las \u00e1reas claves del Estado dependientes de la Secretar\u00eda de Derechos Humanos de la Naci\u00f3n y de varias dependencias vinculadas a la administraci\u00f3n p\u00fablica nacional, con acciones de vaciamiento que se materializan en&nbsp; despidos masivos de trabajadores, archivistas&nbsp; e investigadores de los Espacios de la Memoria, en el cierre de programas y en el desfinanciamiento de Archivos, Museos y Centros Culturales.<\/em><\/p>\n\n\n\n<p><em>(\u2026)Estas medidas arbitrarias, son decisiones dirigidas a desarticular las pol\u00edticas de verdad, justicia y memoria, que son un deber ineludible del Estado en materia de reparaci\u00f3n p\u00fablica, ya que fue el propio Estado, el responsable directo de miles de cr\u00edmenes de lesa humanidad en nuestro pa\u00eds.<\/em><\/p>\n\n\n\n<p><em>(\u2026)Los despidos progresivos son una estrategia sostenida de negaci\u00f3n de los deberes b\u00e1sicos del estado de derecho. El gobierno nacional incumple as\u00ed con la Constituci\u00f3n Nacional y con las leyes vigentes.<\/em><\/p>\n\n\n\n<p><em>(\u2026)Los sitios de memoria, son garant\u00eda de no repetici\u00f3n de esos hechos atroces, son prueba material de lo ocurrido, son una reparaci\u00f3n simb\u00f3lica para las v\u00edctimas y son tambi\u00e9n lugares de reflexi\u00f3n y formaci\u00f3n de una ciudadan\u00eda consciente del valor de los derechos humanos y de la democracia.<\/em><\/p>\n\n\n\n<p><em>La ley nacional 26.691\/11 obliga al Estado a preservar \u201clos lugares que funcionaron como centros clandestinos de detenci\u00f3n, tortura y exterminio o donde sucedieron hechos emblem\u00e1ticos del accionar de la represi\u00f3n ilegal, desarrollada durante el terrorismo de Estado en la Argentina\u201d.<\/em><\/p>\n\n\n\n<p><em>(\u2026)Los Espacios para la Memoria en Argentina constituyen un pilar de la pol\u00edtica p\u00fablica democr\u00e1tica, son reconocidos internacionalmente, por la idoneidad y la experiencia de sus equipos de trabajo, siendo convocados para integrar encuentros internacionales, charlas y cursos de formaci\u00f3n.<\/em><\/p>\n\n\n\n<p><em>(\u2026)\u00a1Defendemos nuestros Espacios de la Memoria, que constituyen el Acervo Hist\u00f3rico de la Naci\u00f3n Argentina y exigimimos la preservaci\u00f3n y conservaci\u00f3n de los Sitios de la Memoria y de los Archivos, que contienen testimonios y pruebas de los Cr\u00edmenes de Lesa Humanidad perpetrados por el Terrorismo de Estado durante la \u00daltima Dictadura C\u00edvico \u2013Militar!<\/em><\/p>\n\n\n\n<p><em>(\u2026)Advertimos tambi\u00e9n a la ciudadan\u00eda, lo peligroso que es para la democracia argentina empatizar y tolerar&nbsp; acciones y&nbsp; discursos de intimidaci\u00f3n y&nbsp; provocaci\u00f3n, provenientes de actuales&nbsp; funcionarios del Estado Nacional.<\/em><\/p>\n\n\n\n<p><em>(\u2026)El gobierno nacional acompa\u00f1a todas estas pol\u00edticas de avasallamiento de derechos y de conquistas y promueve&nbsp; condiciones para el desarrollo de una situaci\u00f3n econ\u00f3mica y social de extrema vulnerabilidad,&nbsp; que afecta a una parte importante de la poblaci\u00f3n argentina: se niega a aportar alimentos a los comedores barriales, cierra \u00e1mbitos que se ocupaban de la asistencia a personas en estado de extremo riesgo y con necesidad de tratamientos m\u00e9dicos de elevado costo, despide a trabajadores, desfinancia \u00e1mbitos de la salud, de la educaci\u00f3n y de la investigaci\u00f3n cient\u00edfica, deja a familias enteras en situaci\u00f3n de precariedad econ\u00f3mica&nbsp; e implementa un plan de hambre generalizado que no es otra cosa que \u201cla miseria planificada\u201d .<\/em><\/p>\n\n\n\n<figure class=\"wp-block-image size-large\"><img loading=\"lazy\" decoding=\"async\" width=\"1024\" height=\"682\" data-attachment-id=\"183526\" data-permalink=\"https:\/\/www.hoymercedes.com.ar\/principal\/2025\/03\/24\/comision-de-familiares-encabezo-acto-del-24-de-marzo\/dsc07722\/#main\" data-orig-file=\"https:\/\/www.hoymercedes.com.ar\/principal\/wp-content\/uploads\/2025\/03\/DSC07722.jpg\" data-orig-size=\"1319,879\" data-comments-opened=\"0\" data-image-meta=\"{&quot;aperture&quot;:&quot;0&quot;,&quot;credit&quot;:&quot;&quot;,&quot;camera&quot;:&quot;&quot;,&quot;caption&quot;:&quot;&quot;,&quot;created_timestamp&quot;:&quot;0&quot;,&quot;copyright&quot;:&quot;&quot;,&quot;focal_length&quot;:&quot;0&quot;,&quot;iso&quot;:&quot;0&quot;,&quot;shutter_speed&quot;:&quot;0&quot;,&quot;title&quot;:&quot;&quot;,&quot;orientation&quot;:&quot;0&quot;}\" data-image-title=\"DSC07722\" data-image-description=\"\" data-image-caption=\"\" data-large-file=\"https:\/\/www.hoymercedes.com.ar\/principal\/wp-content\/uploads\/2025\/03\/DSC07722-1024x682.jpg\" src=\"https:\/\/www.hoymercedes.com.ar\/principal\/wp-content\/uploads\/2025\/03\/DSC07722-1024x682.jpg\" alt=\"\" class=\"wp-image-183526\" srcset=\"https:\/\/www.hoymercedes.com.ar\/principal\/wp-content\/uploads\/2025\/03\/DSC07722-1024x682.jpg 1024w, https:\/\/www.hoymercedes.com.ar\/principal\/wp-content\/uploads\/2025\/03\/DSC07722-630x420.jpg 630w, https:\/\/www.hoymercedes.com.ar\/principal\/wp-content\/uploads\/2025\/03\/DSC07722-150x100.jpg 150w, https:\/\/www.hoymercedes.com.ar\/principal\/wp-content\/uploads\/2025\/03\/DSC07722-700x465.jpg 700w, https:\/\/www.hoymercedes.com.ar\/principal\/wp-content\/uploads\/2025\/03\/DSC07722.jpg 1319w\" sizes=\"auto, (max-width: 1024px) 100vw, 1024px\" \/><\/figure>\n\n\n\n<p><strong>Palabras<\/strong><\/p>\n\n\n\n<p>El intendente <strong>Juan Ustarroz<\/strong> al ser convocado expres\u00f3 la importancia de la educaci\u00f3n en t\u00e9rminos de historia, memoria y valores democr\u00e1ticos. Remarc\u00f3 que se construye d\u00eda a d\u00eda y lo valioso de tener tantas escuelas presentes. A su vez que \u201ccuando Patricia hac\u00eda referencia a la cultura del odio, no es ning\u00fan dato menor: todas las dictaduras, los genocidios empezaron desde la palabra, empezaron negando al otro, trat\u00e1ndolo como una cosa, como algo que no serv\u00eda para nadie, por lo tanto hay que eliminarlo. Y despu\u00e9s de tanto tiempo de decir esto, y con gente que est\u00e1 dispuesta a hacerlo\u201d por eso lo fundamental de construir sin agresi\u00f3n, sin violencia, respetando al otro, respetando el descenso y respetando.<\/p>\n\n\n\n<p>(\u2026) \u201cLa democracia tampoco es la ausencia de golpes de Estado. No hay que llegar a un golpe de Estado para decir, bueno, perdimos la democracia. Realmente en los procesos se van perdiendo de a poco las cosas y no nos damos cuenta. \u00bfY por qu\u00e9 no nos damos cuenta? Porque estamos distra\u00eddos. Estamos pensando en t\u00e9rminos solamente individuales, porque estamos pensando que nuestro problema es el problema del mundo. Pero, por suerte, la sociedad no es esto\u201d y record\u00f3 la reciente solidaridad con Bah\u00eda Blanca.<\/p>\n\n\n\n<p>(\u2026) \u201cEntonces, en esto de fortalecer la democracia, creo que tenemos una ciudad que tiene instituciones, que tiene personas que la habitan, que le dan sentido, que trabajan. Y tenemos que, a trav\u00e9s de la palabra, ser capaces de encontrarnos m\u00e1s y apostar m\u00e1s a la educaci\u00f3n. Pero la educaci\u00f3n no es la escuela solamente. La educaci\u00f3n es la familia, las instituciones, los medios de comunicaci\u00f3n que nosotros tenemos, el espacio p\u00fablico, y &nbsp;creo que desde ah\u00ed tenemos que hacer un buen diagn\u00f3stico de c\u00f3mo estamos como sociedad. Y con esto finalizo, que tal vez no tenga mucho que ver directamente con el d\u00eda de hoy, pero para m\u00ed s\u00ed.<\/p>\n\n\n\n<p>(\u2026) Los derechos humanos no son solamente el juicio y castigo (\u2026) los derechos humanos tambi\u00e9n son el derecho a la educaci\u00f3n y son todos los derechos que conocemos y que a veces porque no se ejercen pierden sentido y pierden valor y se deval\u00faan. As\u00ed que, como siempre, para m\u00ed es un orgullo estar ac\u00e1 (\u2026) Porque un funcionario est\u00e1 un tiempo en sus funciones, pero lo que un pueblo logra construir, lo que un pueblo logra hacer, es lo que queda, y es lo que podemos dejar como legado a las nuevas generaciones. Un mundo mejor, no un mundo oscuro, de dolor, de miseria, de hambre. Uno mejor para todas y todos\u201d sostuvo entre otros conceptos.<\/p>\n\n\n\n<figure class=\"wp-block-image size-large\"><img loading=\"lazy\" decoding=\"async\" width=\"1024\" height=\"682\" data-attachment-id=\"183527\" data-permalink=\"https:\/\/www.hoymercedes.com.ar\/principal\/2025\/03\/24\/comision-de-familiares-encabezo-acto-del-24-de-marzo\/dsc07669\/#main\" data-orig-file=\"https:\/\/www.hoymercedes.com.ar\/principal\/wp-content\/uploads\/2025\/03\/DSC07669.jpg\" data-orig-size=\"1319,879\" data-comments-opened=\"0\" data-image-meta=\"{&quot;aperture&quot;:&quot;0&quot;,&quot;credit&quot;:&quot;&quot;,&quot;camera&quot;:&quot;&quot;,&quot;caption&quot;:&quot;&quot;,&quot;created_timestamp&quot;:&quot;0&quot;,&quot;copyright&quot;:&quot;&quot;,&quot;focal_length&quot;:&quot;0&quot;,&quot;iso&quot;:&quot;0&quot;,&quot;shutter_speed&quot;:&quot;0&quot;,&quot;title&quot;:&quot;&quot;,&quot;orientation&quot;:&quot;0&quot;}\" data-image-title=\"DSC07669\" data-image-description=\"\" data-image-caption=\"\" data-large-file=\"https:\/\/www.hoymercedes.com.ar\/principal\/wp-content\/uploads\/2025\/03\/DSC07669-1024x682.jpg\" src=\"https:\/\/www.hoymercedes.com.ar\/principal\/wp-content\/uploads\/2025\/03\/DSC07669-1024x682.jpg\" alt=\"\" class=\"wp-image-183527\" srcset=\"https:\/\/www.hoymercedes.com.ar\/principal\/wp-content\/uploads\/2025\/03\/DSC07669-1024x682.jpg 1024w, https:\/\/www.hoymercedes.com.ar\/principal\/wp-content\/uploads\/2025\/03\/DSC07669-630x420.jpg 630w, https:\/\/www.hoymercedes.com.ar\/principal\/wp-content\/uploads\/2025\/03\/DSC07669-150x100.jpg 150w, https:\/\/www.hoymercedes.com.ar\/principal\/wp-content\/uploads\/2025\/03\/DSC07669-700x465.jpg 700w, https:\/\/www.hoymercedes.com.ar\/principal\/wp-content\/uploads\/2025\/03\/DSC07669.jpg 1319w\" sizes=\"auto, (max-width: 1024px) 100vw, 1024px\" \/><\/figure>\n\n\n\n<p><strong>Participaci\u00f3n<\/strong><\/p>\n\n\n\n<p>Este a\u00f1o la conducci\u00f3n del acto estuvo a cargo de <strong>Mabel Riveiro<\/strong>, la lectura de los nombres de cada v\u00edctima a cargo de <strong>Silvia Fasce <\/strong>y el acompa\u00f1amiento musical del <strong>Santiago Respuesta.<\/strong><\/p>\n\n\n\n<p>Como se dijo, hubo una muy amplia participaci\u00f3n ciudadana e institucional.<\/p>\n\n\n\n<figure class=\"wp-block-gallery has-nested-images columns-default is-cropped wp-block-gallery-1 is-layout-flex wp-block-gallery-is-layout-flex\">\n<figure class=\"wp-block-image size-large\"><img loading=\"lazy\" decoding=\"async\" width=\"1024\" height=\"682\" data-attachment-id=\"183528\" data-permalink=\"https:\/\/www.hoymercedes.com.ar\/principal\/2025\/03\/24\/comision-de-familiares-encabezo-acto-del-24-de-marzo\/dsc07774\/#main\" data-orig-file=\"https:\/\/www.hoymercedes.com.ar\/principal\/wp-content\/uploads\/2025\/03\/DSC07774.jpg\" data-orig-size=\"1319,879\" data-comments-opened=\"0\" data-image-meta=\"{&quot;aperture&quot;:&quot;0&quot;,&quot;credit&quot;:&quot;&quot;,&quot;camera&quot;:&quot;&quot;,&quot;caption&quot;:&quot;&quot;,&quot;created_timestamp&quot;:&quot;0&quot;,&quot;copyright&quot;:&quot;&quot;,&quot;focal_length&quot;:&quot;0&quot;,&quot;iso&quot;:&quot;0&quot;,&quot;shutter_speed&quot;:&quot;0&quot;,&quot;title&quot;:&quot;&quot;,&quot;orientation&quot;:&quot;0&quot;}\" data-image-title=\"DSC07774\" data-image-description=\"\" data-image-caption=\"\" data-large-file=\"https:\/\/www.hoymercedes.com.ar\/principal\/wp-content\/uploads\/2025\/03\/DSC07774-1024x682.jpg\" data-id=\"183528\" src=\"https:\/\/www.hoymercedes.com.ar\/principal\/wp-content\/uploads\/2025\/03\/DSC07774-1024x682.jpg\" alt=\"\" class=\"wp-image-183528\" srcset=\"https:\/\/www.hoymercedes.com.ar\/principal\/wp-content\/uploads\/2025\/03\/DSC07774-1024x682.jpg 1024w, https:\/\/www.hoymercedes.com.ar\/principal\/wp-content\/uploads\/2025\/03\/DSC07774-630x420.jpg 630w, https:\/\/www.hoymercedes.com.ar\/principal\/wp-content\/uploads\/2025\/03\/DSC07774-150x100.jpg 150w, https:\/\/www.hoymercedes.com.ar\/principal\/wp-content\/uploads\/2025\/03\/DSC07774-700x465.jpg 700w, https:\/\/www.hoymercedes.com.ar\/principal\/wp-content\/uploads\/2025\/03\/DSC07774.jpg 1319w\" sizes=\"auto, (max-width: 1024px) 100vw, 1024px\" \/><\/figure>\n\n\n\n<figure class=\"wp-block-image size-large\"><img loading=\"lazy\" decoding=\"async\" width=\"1024\" height=\"682\" data-attachment-id=\"183530\" data-permalink=\"https:\/\/www.hoymercedes.com.ar\/principal\/2025\/03\/24\/comision-de-familiares-encabezo-acto-del-24-de-marzo\/dsc08441\/#main\" data-orig-file=\"https:\/\/www.hoymercedes.com.ar\/principal\/wp-content\/uploads\/2025\/03\/DSC08441.jpg\" data-orig-size=\"1319,879\" data-comments-opened=\"0\" data-image-meta=\"{&quot;aperture&quot;:&quot;0&quot;,&quot;credit&quot;:&quot;&quot;,&quot;camera&quot;:&quot;&quot;,&quot;caption&quot;:&quot;&quot;,&quot;created_timestamp&quot;:&quot;0&quot;,&quot;copyright&quot;:&quot;&quot;,&quot;focal_length&quot;:&quot;0&quot;,&quot;iso&quot;:&quot;0&quot;,&quot;shutter_speed&quot;:&quot;0&quot;,&quot;title&quot;:&quot;&quot;,&quot;orientation&quot;:&quot;0&quot;}\" data-image-title=\"DSC08441\" data-image-description=\"\" data-image-caption=\"\" data-large-file=\"https:\/\/www.hoymercedes.com.ar\/principal\/wp-content\/uploads\/2025\/03\/DSC08441-1024x682.jpg\" data-id=\"183530\" src=\"https:\/\/www.hoymercedes.com.ar\/principal\/wp-content\/uploads\/2025\/03\/DSC08441-1024x682.jpg\" alt=\"\" class=\"wp-image-183530\" srcset=\"https:\/\/www.hoymercedes.com.ar\/principal\/wp-content\/uploads\/2025\/03\/DSC08441-1024x682.jpg 1024w, https:\/\/www.hoymercedes.com.ar\/principal\/wp-content\/uploads\/2025\/03\/DSC08441-630x420.jpg 630w, https:\/\/www.hoymercedes.com.ar\/principal\/wp-content\/uploads\/2025\/03\/DSC08441-150x100.jpg 150w, https:\/\/www.hoymercedes.com.ar\/principal\/wp-content\/uploads\/2025\/03\/DSC08441-700x465.jpg 700w, https:\/\/www.hoymercedes.com.ar\/principal\/wp-content\/uploads\/2025\/03\/DSC08441.jpg 1319w\" sizes=\"auto, (max-width: 1024px) 100vw, 1024px\" \/><\/figure>\n\n\n\n<figure class=\"wp-block-image size-large\"><img loading=\"lazy\" decoding=\"async\" width=\"1024\" height=\"682\" data-attachment-id=\"183533\" data-permalink=\"https:\/\/www.hoymercedes.com.ar\/principal\/2025\/03\/24\/comision-de-familiares-encabezo-acto-del-24-de-marzo\/dsc08445\/#main\" data-orig-file=\"https:\/\/www.hoymercedes.com.ar\/principal\/wp-content\/uploads\/2025\/03\/DSC08445.jpg\" data-orig-size=\"1319,879\" data-comments-opened=\"0\" data-image-meta=\"{&quot;aperture&quot;:&quot;0&quot;,&quot;credit&quot;:&quot;&quot;,&quot;camera&quot;:&quot;&quot;,&quot;caption&quot;:&quot;&quot;,&quot;created_timestamp&quot;:&quot;0&quot;,&quot;copyright&quot;:&quot;&quot;,&quot;focal_length&quot;:&quot;0&quot;,&quot;iso&quot;:&quot;0&quot;,&quot;shutter_speed&quot;:&quot;0&quot;,&quot;title&quot;:&quot;&quot;,&quot;orientation&quot;:&quot;0&quot;}\" data-image-title=\"DSC08445\" data-image-description=\"\" data-image-caption=\"\" data-large-file=\"https:\/\/www.hoymercedes.com.ar\/principal\/wp-content\/uploads\/2025\/03\/DSC08445-1024x682.jpg\" data-id=\"183533\" src=\"https:\/\/www.hoymercedes.com.ar\/principal\/wp-content\/uploads\/2025\/03\/DSC08445-1024x682.jpg\" alt=\"\" class=\"wp-image-183533\" srcset=\"https:\/\/www.hoymercedes.com.ar\/principal\/wp-content\/uploads\/2025\/03\/DSC08445-1024x682.jpg 1024w, https:\/\/www.hoymercedes.com.ar\/principal\/wp-content\/uploads\/2025\/03\/DSC08445-630x420.jpg 630w, https:\/\/www.hoymercedes.com.ar\/principal\/wp-content\/uploads\/2025\/03\/DSC08445-150x100.jpg 150w, https:\/\/www.hoymercedes.com.ar\/principal\/wp-content\/uploads\/2025\/03\/DSC08445-700x465.jpg 700w, https:\/\/www.hoymercedes.com.ar\/principal\/wp-content\/uploads\/2025\/03\/DSC08445.jpg 1319w\" sizes=\"auto, (max-width: 1024px) 100vw, 1024px\" \/><\/figure>\n\n\n\n<figure class=\"wp-block-image size-large\"><img loading=\"lazy\" decoding=\"async\" width=\"1024\" height=\"682\" data-attachment-id=\"183532\" data-permalink=\"https:\/\/www.hoymercedes.com.ar\/principal\/2025\/03\/24\/comision-de-familiares-encabezo-acto-del-24-de-marzo\/dsc08449\/#main\" data-orig-file=\"https:\/\/www.hoymercedes.com.ar\/principal\/wp-content\/uploads\/2025\/03\/DSC08449.jpg\" data-orig-size=\"1319,879\" data-comments-opened=\"0\" data-image-meta=\"{&quot;aperture&quot;:&quot;0&quot;,&quot;credit&quot;:&quot;&quot;,&quot;camera&quot;:&quot;&quot;,&quot;caption&quot;:&quot;&quot;,&quot;created_timestamp&quot;:&quot;0&quot;,&quot;copyright&quot;:&quot;&quot;,&quot;focal_length&quot;:&quot;0&quot;,&quot;iso&quot;:&quot;0&quot;,&quot;shutter_speed&quot;:&quot;0&quot;,&quot;title&quot;:&quot;&quot;,&quot;orientation&quot;:&quot;0&quot;}\" data-image-title=\"DSC08449\" data-image-description=\"\" data-image-caption=\"\" data-large-file=\"https:\/\/www.hoymercedes.com.ar\/principal\/wp-content\/uploads\/2025\/03\/DSC08449-1024x682.jpg\" data-id=\"183532\" src=\"https:\/\/www.hoymercedes.com.ar\/principal\/wp-content\/uploads\/2025\/03\/DSC08449-1024x682.jpg\" alt=\"\" class=\"wp-image-183532\" srcset=\"https:\/\/www.hoymercedes.com.ar\/principal\/wp-content\/uploads\/2025\/03\/DSC08449-1024x682.jpg 1024w, https:\/\/www.hoymercedes.com.ar\/principal\/wp-content\/uploads\/2025\/03\/DSC08449-630x420.jpg 630w, https:\/\/www.hoymercedes.com.ar\/principal\/wp-content\/uploads\/2025\/03\/DSC08449-150x100.jpg 150w, https:\/\/www.hoymercedes.com.ar\/principal\/wp-content\/uploads\/2025\/03\/DSC08449-700x465.jpg 700w, https:\/\/www.hoymercedes.com.ar\/principal\/wp-content\/uploads\/2025\/03\/DSC08449.jpg 1319w\" sizes=\"auto, (max-width: 1024px) 100vw, 1024px\" \/><\/figure>\n\n\n\n<figure class=\"wp-block-image size-large\"><img loading=\"lazy\" decoding=\"async\" width=\"1024\" height=\"682\" data-attachment-id=\"183536\" data-permalink=\"https:\/\/www.hoymercedes.com.ar\/principal\/2025\/03\/24\/comision-de-familiares-encabezo-acto-del-24-de-marzo\/dsc08481\/#main\" data-orig-file=\"https:\/\/www.hoymercedes.com.ar\/principal\/wp-content\/uploads\/2025\/03\/DSC08481.jpg\" data-orig-size=\"1319,879\" data-comments-opened=\"0\" data-image-meta=\"{&quot;aperture&quot;:&quot;0&quot;,&quot;credit&quot;:&quot;&quot;,&quot;camera&quot;:&quot;&quot;,&quot;caption&quot;:&quot;&quot;,&quot;created_timestamp&quot;:&quot;0&quot;,&quot;copyright&quot;:&quot;&quot;,&quot;focal_length&quot;:&quot;0&quot;,&quot;iso&quot;:&quot;0&quot;,&quot;shutter_speed&quot;:&quot;0&quot;,&quot;title&quot;:&quot;&quot;,&quot;orientation&quot;:&quot;0&quot;}\" data-image-title=\"DSC08481\" data-image-description=\"\" data-image-caption=\"\" data-large-file=\"https:\/\/www.hoymercedes.com.ar\/principal\/wp-content\/uploads\/2025\/03\/DSC08481-1024x682.jpg\" data-id=\"183536\" src=\"https:\/\/www.hoymercedes.com.ar\/principal\/wp-content\/uploads\/2025\/03\/DSC08481-1024x682.jpg\" alt=\"\" class=\"wp-image-183536\" srcset=\"https:\/\/www.hoymercedes.com.ar\/principal\/wp-content\/uploads\/2025\/03\/DSC08481-1024x682.jpg 1024w, https:\/\/www.hoymercedes.com.ar\/principal\/wp-content\/uploads\/2025\/03\/DSC08481-630x420.jpg 630w, https:\/\/www.hoymercedes.com.ar\/principal\/wp-content\/uploads\/2025\/03\/DSC08481-150x100.jpg 150w, https:\/\/www.hoymercedes.com.ar\/principal\/wp-content\/uploads\/2025\/03\/DSC08481-700x465.jpg 700w, https:\/\/www.hoymercedes.com.ar\/principal\/wp-content\/uploads\/2025\/03\/DSC08481.jpg 1319w\" sizes=\"auto, (max-width: 1024px) 100vw, 1024px\" \/><\/figure>\n\n\n\n<figure class=\"wp-block-image size-large\"><img loading=\"lazy\" decoding=\"async\" width=\"1024\" height=\"682\" data-attachment-id=\"183535\" data-permalink=\"https:\/\/www.hoymercedes.com.ar\/principal\/2025\/03\/24\/comision-de-familiares-encabezo-acto-del-24-de-marzo\/dsc08491\/#main\" data-orig-file=\"https:\/\/www.hoymercedes.com.ar\/principal\/wp-content\/uploads\/2025\/03\/DSC08491.jpg\" data-orig-size=\"1319,879\" data-comments-opened=\"0\" data-image-meta=\"{&quot;aperture&quot;:&quot;0&quot;,&quot;credit&quot;:&quot;&quot;,&quot;camera&quot;:&quot;&quot;,&quot;caption&quot;:&quot;&quot;,&quot;created_timestamp&quot;:&quot;0&quot;,&quot;copyright&quot;:&quot;&quot;,&quot;focal_length&quot;:&quot;0&quot;,&quot;iso&quot;:&quot;0&quot;,&quot;shutter_speed&quot;:&quot;0&quot;,&quot;title&quot;:&quot;&quot;,&quot;orientation&quot;:&quot;0&quot;}\" data-image-title=\"DSC08491\" data-image-description=\"\" data-image-caption=\"\" data-large-file=\"https:\/\/www.hoymercedes.com.ar\/principal\/wp-content\/uploads\/2025\/03\/DSC08491-1024x682.jpg\" data-id=\"183535\" src=\"https:\/\/www.hoymercedes.com.ar\/principal\/wp-content\/uploads\/2025\/03\/DSC08491-1024x682.jpg\" alt=\"\" class=\"wp-image-183535\" srcset=\"https:\/\/www.hoymercedes.com.ar\/principal\/wp-content\/uploads\/2025\/03\/DSC08491-1024x682.jpg 1024w, https:\/\/www.hoymercedes.com.ar\/principal\/wp-content\/uploads\/2025\/03\/DSC08491-630x420.jpg 630w, https:\/\/www.hoymercedes.com.ar\/principal\/wp-content\/uploads\/2025\/03\/DSC08491-150x100.jpg 150w, https:\/\/www.hoymercedes.com.ar\/principal\/wp-content\/uploads\/2025\/03\/DSC08491-700x465.jpg 700w, https:\/\/www.hoymercedes.com.ar\/principal\/wp-content\/uploads\/2025\/03\/DSC08491.jpg 1319w\" sizes=\"auto, (max-width: 1024px) 100vw, 1024px\" \/><\/figure>\n\n\n\n<figure class=\"wp-block-image size-large\"><img loading=\"lazy\" decoding=\"async\" width=\"1024\" height=\"682\" data-attachment-id=\"183529\" data-permalink=\"https:\/\/www.hoymercedes.com.ar\/principal\/2025\/03\/24\/comision-de-familiares-encabezo-acto-del-24-de-marzo\/dsc08503\/#main\" data-orig-file=\"https:\/\/www.hoymercedes.com.ar\/principal\/wp-content\/uploads\/2025\/03\/DSC08503.jpg\" data-orig-size=\"1319,879\" data-comments-opened=\"0\" data-image-meta=\"{&quot;aperture&quot;:&quot;0&quot;,&quot;credit&quot;:&quot;&quot;,&quot;camera&quot;:&quot;&quot;,&quot;caption&quot;:&quot;&quot;,&quot;created_timestamp&quot;:&quot;0&quot;,&quot;copyright&quot;:&quot;&quot;,&quot;focal_length&quot;:&quot;0&quot;,&quot;iso&quot;:&quot;0&quot;,&quot;shutter_speed&quot;:&quot;0&quot;,&quot;title&quot;:&quot;&quot;,&quot;orientation&quot;:&quot;0&quot;}\" data-image-title=\"DSC08503\" data-image-description=\"\" data-image-caption=\"\" data-large-file=\"https:\/\/www.hoymercedes.com.ar\/principal\/wp-content\/uploads\/2025\/03\/DSC08503-1024x682.jpg\" data-id=\"183529\" src=\"https:\/\/www.hoymercedes.com.ar\/principal\/wp-content\/uploads\/2025\/03\/DSC08503-1024x682.jpg\" alt=\"\" class=\"wp-image-183529\" srcset=\"https:\/\/www.hoymercedes.com.ar\/principal\/wp-content\/uploads\/2025\/03\/DSC08503-1024x682.jpg 1024w, https:\/\/www.hoymercedes.com.ar\/principal\/wp-content\/uploads\/2025\/03\/DSC08503-630x420.jpg 630w, https:\/\/www.hoymercedes.com.ar\/principal\/wp-content\/uploads\/2025\/03\/DSC08503-150x100.jpg 150w, https:\/\/www.hoymercedes.com.ar\/principal\/wp-content\/uploads\/2025\/03\/DSC08503-700x465.jpg 700w, https:\/\/www.hoymercedes.com.ar\/principal\/wp-content\/uploads\/2025\/03\/DSC08503.jpg 1319w\" sizes=\"auto, (max-width: 1024px) 100vw, 1024px\" \/><\/figure>\n\n\n\n<figure class=\"wp-block-image size-large\"><img loading=\"lazy\" decoding=\"async\" width=\"1024\" height=\"682\" data-attachment-id=\"183531\" data-permalink=\"https:\/\/www.hoymercedes.com.ar\/principal\/2025\/03\/24\/comision-de-familiares-encabezo-acto-del-24-de-marzo\/dsc08510\/#main\" data-orig-file=\"https:\/\/www.hoymercedes.com.ar\/principal\/wp-content\/uploads\/2025\/03\/DSC08510.jpg\" data-orig-size=\"1319,879\" data-comments-opened=\"0\" data-image-meta=\"{&quot;aperture&quot;:&quot;0&quot;,&quot;credit&quot;:&quot;&quot;,&quot;camera&quot;:&quot;&quot;,&quot;caption&quot;:&quot;&quot;,&quot;created_timestamp&quot;:&quot;0&quot;,&quot;copyright&quot;:&quot;&quot;,&quot;focal_length&quot;:&quot;0&quot;,&quot;iso&quot;:&quot;0&quot;,&quot;shutter_speed&quot;:&quot;0&quot;,&quot;title&quot;:&quot;&quot;,&quot;orientation&quot;:&quot;0&quot;}\" data-image-title=\"DSC08510\" data-image-description=\"\" data-image-caption=\"\" data-large-file=\"https:\/\/www.hoymercedes.com.ar\/principal\/wp-content\/uploads\/2025\/03\/DSC08510-1024x682.jpg\" data-id=\"183531\" src=\"https:\/\/www.hoymercedes.com.ar\/principal\/wp-content\/uploads\/2025\/03\/DSC08510-1024x682.jpg\" alt=\"\" class=\"wp-image-183531\" srcset=\"https:\/\/www.hoymercedes.com.ar\/principal\/wp-content\/uploads\/2025\/03\/DSC08510-1024x682.jpg 1024w, https:\/\/www.hoymercedes.com.ar\/principal\/wp-content\/uploads\/2025\/03\/DSC08510-630x420.jpg 630w, https:\/\/www.hoymercedes.com.ar\/principal\/wp-content\/uploads\/2025\/03\/DSC08510-150x100.jpg 150w, https:\/\/www.hoymercedes.com.ar\/principal\/wp-content\/uploads\/2025\/03\/DSC08510-700x465.jpg 700w, https:\/\/www.hoymercedes.com.ar\/principal\/wp-content\/uploads\/2025\/03\/DSC08510.jpg 1319w\" sizes=\"auto, (max-width: 1024px) 100vw, 1024px\" \/><\/figure>\n\n\n\n<figure class=\"wp-block-image size-large\"><img loading=\"lazy\" decoding=\"async\" width=\"1024\" height=\"682\" data-attachment-id=\"183534\" data-permalink=\"https:\/\/www.hoymercedes.com.ar\/principal\/2025\/03\/24\/comision-de-familiares-encabezo-acto-del-24-de-marzo\/dsc08612\/#main\" data-orig-file=\"https:\/\/www.hoymercedes.com.ar\/principal\/wp-content\/uploads\/2025\/03\/DSC08612.jpg\" data-orig-size=\"1319,879\" data-comments-opened=\"0\" data-image-meta=\"{&quot;aperture&quot;:&quot;0&quot;,&quot;credit&quot;:&quot;&quot;,&quot;camera&quot;:&quot;&quot;,&quot;caption&quot;:&quot;&quot;,&quot;created_timestamp&quot;:&quot;0&quot;,&quot;copyright&quot;:&quot;&quot;,&quot;focal_length&quot;:&quot;0&quot;,&quot;iso&quot;:&quot;0&quot;,&quot;shutter_speed&quot;:&quot;0&quot;,&quot;title&quot;:&quot;&quot;,&quot;orientation&quot;:&quot;0&quot;}\" data-image-title=\"DSC08612\" data-image-description=\"\" data-image-caption=\"\" data-large-file=\"https:\/\/www.hoymercedes.com.ar\/principal\/wp-content\/uploads\/2025\/03\/DSC08612-1024x682.jpg\" data-id=\"183534\" src=\"https:\/\/www.hoymercedes.com.ar\/principal\/wp-content\/uploads\/2025\/03\/DSC08612-1024x682.jpg\" alt=\"\" class=\"wp-image-183534\" srcset=\"https:\/\/www.hoymercedes.com.ar\/principal\/wp-content\/uploads\/2025\/03\/DSC08612-1024x682.jpg 1024w, https:\/\/www.hoymercedes.com.ar\/principal\/wp-content\/uploads\/2025\/03\/DSC08612-630x420.jpg 630w, https:\/\/www.hoymercedes.com.ar\/principal\/wp-content\/uploads\/2025\/03\/DSC08612-150x100.jpg 150w, https:\/\/www.hoymercedes.com.ar\/principal\/wp-content\/uploads\/2025\/03\/DSC08612-700x465.jpg 700w, https:\/\/www.hoymercedes.com.ar\/principal\/wp-content\/uploads\/2025\/03\/DSC08612.jpg 1319w\" sizes=\"auto, (max-width: 1024px) 100vw, 1024px\" \/><\/figure>\n<\/figure>\n","protected":false},"excerpt":{"rendered":"<p>Una muy nutrida asistencia acompa\u00f1\u00f3 a la Comisi\u00f3n de Familiares y Amigos de Detenidos, Desaparecidos y Asesinados de Mercedes en &#8230; <a title=\"Comisi\u00f3n de Familiares encabez\u00f3 acto del 24 de marzo\" class=\"read-more\" href=\"https:\/\/www.hoymercedes.com.ar\/principal\/2025\/03\/24\/comision-de-familiares-encabezo-acto-del-24-de-marzo\/\" aria-label=\"Leer m\u00e1s sobre Comisi\u00f3n de Familiares encabez\u00f3 acto del 24 de marzo\">Leer m\u00e1s<\/a><\/p>\n","protected":false},"author":1,"featured_media":183525,"comment_status":"closed","ping_status":"open","sticky":false,"template":"","format":"standard","meta":{"_monsterinsights_skip_tracking":false,"_monsterinsights_sitenote_active":false,"_monsterinsights_sitenote_note":"","_monsterinsights_sitenote_category":0,"jetpack_post_was_ever_published":false,"_jetpack_newsletter_access":"","_jetpack_dont_email_post_to_subs":false,"_jetpack_newsletter_tier_id":0,"_jetpack_memberships_contains_paywalled_content":false,"_jetpack_memberships_contains_paid_content":false,"footnotes":"","jetpack_publicize_message":"","jetpack_publicize_feature_enabled":true,"jetpack_social_post_already_shared":true,"jetpack_social_options":{"image_generator_settings":{"template":"highway","default_image_id":0,"font":"","enabled":false},"version":2},"_wpas_customize_per_network":false},"categories":[8],"tags":[20350,615,14693,20351,3574,3675],"class_list":["post-183524","post","type-post","status-publish","format-standard","has-post-thumbnail","hentry","category-sociedad","tag-comision-de-famliares-victimas-de-la-dictadura-mercedes","tag-derechos-humanos","tag-dictadura-mercedes","tag-mabel-ribeiro","tag-patricia-bojorge","tag-silvia-fasce","generate-columns","tablet-grid-50","mobile-grid-100","grid-parent","grid-50"],"jetpack_publicize_connections":[],"jetpack_featured_media_url":"https:\/\/www.hoymercedes.com.ar\/principal\/wp-content\/uploads\/2025\/03\/DSC07682.jpg","wps_subtitle":"Nunca M\u00e1s","jetpack_sharing_enabled":true,"_links":{"self":[{"href":"https:\/\/www.hoymercedes.com.ar\/principal\/wp-json\/wp\/v2\/posts\/183524","targetHints":{"allow":["GET"]}}],"collection":[{"href":"https:\/\/www.hoymercedes.com.ar\/principal\/wp-json\/wp\/v2\/posts"}],"about":[{"href":"https:\/\/www.hoymercedes.com.ar\/principal\/wp-json\/wp\/v2\/types\/post"}],"author":[{"embeddable":true,"href":"https:\/\/www.hoymercedes.com.ar\/principal\/wp-json\/wp\/v2\/users\/1"}],"replies":[{"embeddable":true,"href":"https:\/\/www.hoymercedes.com.ar\/principal\/wp-json\/wp\/v2\/comments?post=183524"}],"version-history":[{"count":2,"href":"https:\/\/www.hoymercedes.com.ar\/principal\/wp-json\/wp\/v2\/posts\/183524\/revisions"}],"predecessor-version":[{"id":183538,"href":"https:\/\/www.hoymercedes.com.ar\/principal\/wp-json\/wp\/v2\/posts\/183524\/revisions\/183538"}],"wp:featuredmedia":[{"embeddable":true,"href":"https:\/\/www.hoymercedes.com.ar\/principal\/wp-json\/wp\/v2\/media\/183525"}],"wp:attachment":[{"href":"https:\/\/www.hoymercedes.com.ar\/principal\/wp-json\/wp\/v2\/media?parent=183524"}],"wp:term":[{"taxonomy":"category","embeddable":true,"href":"https:\/\/www.hoymercedes.com.ar\/principal\/wp-json\/wp\/v2\/categories?post=183524"},{"taxonomy":"post_tag","embeddable":true,"href":"https:\/\/www.hoymercedes.com.ar\/principal\/wp-json\/wp\/v2\/tags?post=183524"}],"curies":[{"name":"wp","href":"https:\/\/api.w.org\/{rel}","templated":true}]}}