{"id":183548,"date":"2025-03-25T10:12:53","date_gmt":"2025-03-25T13:12:53","guid":{"rendered":"https:\/\/www.hoymercedes.com.ar\/principal\/?p=183548"},"modified":"2025-03-25T10:12:56","modified_gmt":"2025-03-25T13:12:56","slug":"hospital-comenzo-campana-de-vacuncacion-antigripal","status":"publish","type":"post","link":"https:\/\/www.hoymercedes.com.ar\/principal\/2025\/03\/25\/hospital-comenzo-campana-de-vacuncacion-antigripal\/","title":{"rendered":"Hospital comenz\u00f3 campa\u00f1a de vacuncaci\u00f3n antigripal"},"content":{"rendered":"\n<p>Desde el Hospital Blas L. Dubarry anunciaron que a partir de este 25 de marzo comienza la primera etapa de la campa\u00f1a de vacunaci\u00f3n contra la gripe. En esta instancia podr\u00e1n vacunarse personal de salud y mayores de 65 a\u00f1os.<\/p>\n\n\n\n<p>El 7 de abril, comienza la etapa de vacunaci\u00f3n para los grupos de riesgos restantes como embarazadas, pu\u00e9rperas menores de 2 a\u00f1os, personas con factores de riesgo y personal estrat\u00e9gico. <\/p>\n\n\n<div class=\"wp-block-image\">\n<figure class=\"aligncenter size-large\"><img loading=\"lazy\" decoding=\"async\" width=\"819\" height=\"1024\" data-attachment-id=\"183549\" data-permalink=\"https:\/\/www.hoymercedes.com.ar\/principal\/2025\/03\/25\/hospital-comenzo-campana-de-vacuncacion-antigripal\/image-104\/#main\" data-orig-file=\"https:\/\/www.hoymercedes.com.ar\/principal\/wp-content\/uploads\/2025\/03\/image-5.png\" data-orig-size=\"1638,2048\" data-comments-opened=\"0\" data-image-meta=\"{&quot;aperture&quot;:&quot;0&quot;,&quot;credit&quot;:&quot;&quot;,&quot;camera&quot;:&quot;&quot;,&quot;caption&quot;:&quot;&quot;,&quot;created_timestamp&quot;:&quot;0&quot;,&quot;copyright&quot;:&quot;&quot;,&quot;focal_length&quot;:&quot;0&quot;,&quot;iso&quot;:&quot;0&quot;,&quot;shutter_speed&quot;:&quot;0&quot;,&quot;title&quot;:&quot;&quot;,&quot;orientation&quot;:&quot;0&quot;}\" data-image-title=\"image\" data-image-description=\"\" data-image-caption=\"\" data-large-file=\"https:\/\/www.hoymercedes.com.ar\/principal\/wp-content\/uploads\/2025\/03\/image-5-819x1024.png\" src=\"https:\/\/www.hoymercedes.com.ar\/principal\/wp-content\/uploads\/2025\/03\/image-5-819x1024.png\" alt=\"\" class=\"wp-image-183549\" srcset=\"https:\/\/www.hoymercedes.com.ar\/principal\/wp-content\/uploads\/2025\/03\/image-5-819x1024.png 819w, https:\/\/www.hoymercedes.com.ar\/principal\/wp-content\/uploads\/2025\/03\/image-5-496x620.png 496w, https:\/\/www.hoymercedes.com.ar\/principal\/wp-content\/uploads\/2025\/03\/image-5-120x150.png 120w, https:\/\/www.hoymercedes.com.ar\/principal\/wp-content\/uploads\/2025\/03\/image-5-1229x1536.png 1229w, https:\/\/www.hoymercedes.com.ar\/principal\/wp-content\/uploads\/2025\/03\/image-5.png 1638w\" sizes=\"auto, (max-width: 819px) 100vw, 819px\" \/><\/figure>\n<\/div>\n\n\n<p>La gripe puede causar complicaciones graves en algunos grupos poblaciones que se pueden evitar con la vacunaci\u00f3n.<\/p>\n\n\n\n<p>Busc\u00e1 los vacunatorios ac\u00e1: <a href=\"https:\/\/www.gba.gob.ar\/vacunacion\/#muni\" target=\"_blank\" rel=\"noopener\">www.gba.gob.ar\/vacunacion\/#muni <\/a>o acercate a la salita de tu barrio (CAPS) o al Hospital Dubarry. <\/p>\n","protected":false},"excerpt":{"rendered":"<p>Desde el Hospital Blas L. Dubarry anunciaron que a partir de este 25 de marzo comienza la primera etapa de &#8230; <a title=\"Hospital comenz\u00f3 campa\u00f1a de vacuncaci\u00f3n antigripal\" class=\"read-more\" href=\"https:\/\/www.hoymercedes.com.ar\/principal\/2025\/03\/25\/hospital-comenzo-campana-de-vacuncacion-antigripal\/\" aria-label=\"Leer m\u00e1s sobre Hospital comenz\u00f3 campa\u00f1a de vacuncaci\u00f3n antigripal\">Leer m\u00e1s<\/a><\/p>\n","protected":false},"author":1,"featured_media":183550,"comment_status":"closed","ping_status":"open","sticky":false,"template":"","format":"standard","meta":{"_monsterinsights_skip_tracking":false,"_monsterinsights_sitenote_active":false,"_monsterinsights_sitenote_note":"","_monsterinsights_sitenote_category":0,"jetpack_post_was_ever_published":false,"_jetpack_newsletter_access":"","_jetpack_dont_email_post_to_subs":false,"_jetpack_newsletter_tier_id":0,"_jetpack_memberships_contains_paywalled_content":false,"_jetpack_memberships_contains_paid_content":false,"footnotes":"","jetpack_publicize_message":"","jetpack_publicize_feature_enabled":true,"jetpack_social_post_already_shared":true,"jetpack_social_options":{"image_generator_settings":{"template":"highway","default_image_id":0,"font":"","enabled":false},"version":2},"_wpas_customize_per_network":false},"categories":[8],"tags":[],"class_list":["post-183548","post","type-post","status-publish","format-standard","has-post-thumbnail","hentry","category-sociedad","generate-columns","tablet-grid-50","mobile-grid-100","grid-parent","grid-50"],"jetpack_publicize_connections":[],"jetpack_featured_media_url":"https:\/\/www.hoymercedes.com.ar\/principal\/wp-content\/uploads\/2025\/03\/image-6.png","wps_subtitle":"","jetpack_sharing_enabled":true,"_links":{"self":[{"href":"https:\/\/www.hoymercedes.com.ar\/principal\/wp-json\/wp\/v2\/posts\/183548","targetHints":{"allow":["GET"]}}],"collection":[{"href":"https:\/\/www.hoymercedes.com.ar\/principal\/wp-json\/wp\/v2\/posts"}],"about":[{"href":"https:\/\/www.hoymercedes.com.ar\/principal\/wp-json\/wp\/v2\/types\/post"}],"author":[{"embeddable":true,"href":"https:\/\/www.hoymercedes.com.ar\/principal\/wp-json\/wp\/v2\/users\/1"}],"replies":[{"embeddable":true,"href":"https:\/\/www.hoymercedes.com.ar\/principal\/wp-json\/wp\/v2\/comments?post=183548"}],"version-history":[{"count":1,"href":"https:\/\/www.hoymercedes.com.ar\/principal\/wp-json\/wp\/v2\/posts\/183548\/revisions"}],"predecessor-version":[{"id":183551,"href":"https:\/\/www.hoymercedes.com.ar\/principal\/wp-json\/wp\/v2\/posts\/183548\/revisions\/183551"}],"wp:featuredmedia":[{"embeddable":true,"href":"https:\/\/www.hoymercedes.com.ar\/principal\/wp-json\/wp\/v2\/media\/183550"}],"wp:attachment":[{"href":"https:\/\/www.hoymercedes.com.ar\/principal\/wp-json\/wp\/v2\/media?parent=183548"}],"wp:term":[{"taxonomy":"category","embeddable":true,"href":"https:\/\/www.hoymercedes.com.ar\/principal\/wp-json\/wp\/v2\/categories?post=183548"},{"taxonomy":"post_tag","embeddable":true,"href":"https:\/\/www.hoymercedes.com.ar\/principal\/wp-json\/wp\/v2\/tags?post=183548"}],"curies":[{"name":"wp","href":"https:\/\/api.w.org\/{rel}","templated":true}]}}