{"id":183561,"date":"2025-03-26T00:16:22","date_gmt":"2025-03-26T03:16:22","guid":{"rendered":"https:\/\/www.hoymercedes.com.ar\/principal\/?p=183561"},"modified":"2025-03-26T00:16:24","modified_gmt":"2025-03-26T03:16:24","slug":"peajes-en-alerta-por-500-despidos-en-vialidad-nacional","status":"publish","type":"post","link":"https:\/\/www.hoymercedes.com.ar\/principal\/2025\/03\/26\/peajes-en-alerta-por-500-despidos-en-vialidad-nacional\/","title":{"rendered":"Peajes en alerta por 500 despidos en\u00a0 Vialidad Nacional"},"content":{"rendered":"\n<figure class=\"wp-block-image size-large\"><img loading=\"lazy\" decoding=\"async\" width=\"1024\" height=\"768\" data-attachment-id=\"183562\" data-permalink=\"https:\/\/www.hoymercedes.com.ar\/principal\/2025\/03\/26\/peajes-en-alerta-por-500-despidos-en-vialidad-nacional\/peaje-reclamo-despidosvialidad\/#main\" data-orig-file=\"https:\/\/www.hoymercedes.com.ar\/principal\/wp-content\/uploads\/2025\/03\/Peaje-Reclamo-DespidosVialidad.jpg\" data-orig-size=\"1280,960\" data-comments-opened=\"0\" data-image-meta=\"{&quot;aperture&quot;:&quot;0&quot;,&quot;credit&quot;:&quot;&quot;,&quot;camera&quot;:&quot;&quot;,&quot;caption&quot;:&quot;&quot;,&quot;created_timestamp&quot;:&quot;0&quot;,&quot;copyright&quot;:&quot;&quot;,&quot;focal_length&quot;:&quot;0&quot;,&quot;iso&quot;:&quot;0&quot;,&quot;shutter_speed&quot;:&quot;0&quot;,&quot;title&quot;:&quot;&quot;,&quot;orientation&quot;:&quot;0&quot;}\" data-image-title=\"Peaje-Reclamo-DespidosVialidad\" data-image-description=\"&lt;p&gt;Peajes en alerta por 500 despidos en\u00a0 Vialidad Nacional&lt;\/p&gt;\n\" data-image-caption=\"&lt;p&gt;Peajes en alerta por 500 despidos en\u00a0 Vialidad Nacional&lt;\/p&gt;\n\" data-large-file=\"https:\/\/www.hoymercedes.com.ar\/principal\/wp-content\/uploads\/2025\/03\/Peaje-Reclamo-DespidosVialidad-1024x768.jpg\" src=\"https:\/\/www.hoymercedes.com.ar\/principal\/wp-content\/uploads\/2025\/03\/Peaje-Reclamo-DespidosVialidad-1024x768.jpg\" alt=\"\" class=\"wp-image-183562\" srcset=\"https:\/\/www.hoymercedes.com.ar\/principal\/wp-content\/uploads\/2025\/03\/Peaje-Reclamo-DespidosVialidad-1024x768.jpg 1024w, https:\/\/www.hoymercedes.com.ar\/principal\/wp-content\/uploads\/2025\/03\/Peaje-Reclamo-DespidosVialidad-630x473.jpg 630w, https:\/\/www.hoymercedes.com.ar\/principal\/wp-content\/uploads\/2025\/03\/Peaje-Reclamo-DespidosVialidad-150x113.jpg 150w, https:\/\/www.hoymercedes.com.ar\/principal\/wp-content\/uploads\/2025\/03\/Peaje-Reclamo-DespidosVialidad.jpg 1280w\" sizes=\"auto, (max-width: 1024px) 100vw, 1024px\" \/><\/figure>\n\n\n\n<p>En el Peaje de Olivera tambi\u00e9n se leyeron las consignas contra los despidos y alertas de que se est\u00e1 poniendo en riesgo la vida de los argentinos dado que se contin\u00faa de esta manera la desinversi\u00f3n, a pesar de los altos valores de los peajes, de las rutas nacionales.<\/p>\n\n\n\n<p>El Sindicato \u00danico de Trabajadores de Peajes y Afines (SUTPA), que tiene como principales est\u00e1 en estado de alerta ante el posible despido de trabajadores, iniciando por las rutas 12, 14 y 174, para luego continuar con el resto.<\/p>\n\n\n\n<p>Es as\u00ed que se est\u00e1 en situaci\u00f3n de alerta y posible movilizaci\u00f3n.<\/p>\n","protected":false},"excerpt":{"rendered":"<p>En el Peaje de Olivera tambi\u00e9n se leyeron las consignas contra los despidos y alertas de que se est\u00e1 poniendo &#8230; <a title=\"Peajes en alerta por 500 despidos en\u00a0 Vialidad Nacional\" class=\"read-more\" href=\"https:\/\/www.hoymercedes.com.ar\/principal\/2025\/03\/26\/peajes-en-alerta-por-500-despidos-en-vialidad-nacional\/\" aria-label=\"Leer m\u00e1s sobre Peajes en alerta por 500 despidos en\u00a0 Vialidad Nacional\">Leer m\u00e1s<\/a><\/p>\n","protected":false},"author":1,"featured_media":183562,"comment_status":"closed","ping_status":"open","sticky":false,"template":"","format":"standard","meta":{"_monsterinsights_skip_tracking":false,"_monsterinsights_sitenote_active":false,"_monsterinsights_sitenote_note":"","_monsterinsights_sitenote_category":0,"jetpack_post_was_ever_published":false,"_jetpack_newsletter_access":"","_jetpack_dont_email_post_to_subs":false,"_jetpack_newsletter_tier_id":0,"_jetpack_memberships_contains_paywalled_content":false,"_jetpack_memberships_contains_paid_content":false,"footnotes":"","jetpack_publicize_message":"","jetpack_publicize_feature_enabled":true,"jetpack_social_post_already_shared":true,"jetpack_social_options":{"image_generator_settings":{"template":"highway","default_image_id":0,"font":"","enabled":false},"version":2},"_wpas_customize_per_network":false},"categories":[8],"tags":[20354,3064,20355],"class_list":["post-183561","post","type-post","status-publish","format-standard","has-post-thumbnail","hentry","category-sociedad","tag-despidos-vialidad","tag-peaje-de-olivera","tag-sindicato-de-peaje","generate-columns","tablet-grid-50","mobile-grid-100","grid-parent","grid-50"],"jetpack_publicize_connections":[],"jetpack_featured_media_url":"https:\/\/www.hoymercedes.com.ar\/principal\/wp-content\/uploads\/2025\/03\/Peaje-Reclamo-DespidosVialidad.jpg","wps_subtitle":"Preocupante","jetpack_sharing_enabled":true,"_links":{"self":[{"href":"https:\/\/www.hoymercedes.com.ar\/principal\/wp-json\/wp\/v2\/posts\/183561","targetHints":{"allow":["GET"]}}],"collection":[{"href":"https:\/\/www.hoymercedes.com.ar\/principal\/wp-json\/wp\/v2\/posts"}],"about":[{"href":"https:\/\/www.hoymercedes.com.ar\/principal\/wp-json\/wp\/v2\/types\/post"}],"author":[{"embeddable":true,"href":"https:\/\/www.hoymercedes.com.ar\/principal\/wp-json\/wp\/v2\/users\/1"}],"replies":[{"embeddable":true,"href":"https:\/\/www.hoymercedes.com.ar\/principal\/wp-json\/wp\/v2\/comments?post=183561"}],"version-history":[{"count":2,"href":"https:\/\/www.hoymercedes.com.ar\/principal\/wp-json\/wp\/v2\/posts\/183561\/revisions"}],"predecessor-version":[{"id":183564,"href":"https:\/\/www.hoymercedes.com.ar\/principal\/wp-json\/wp\/v2\/posts\/183561\/revisions\/183564"}],"wp:featuredmedia":[{"embeddable":true,"href":"https:\/\/www.hoymercedes.com.ar\/principal\/wp-json\/wp\/v2\/media\/183562"}],"wp:attachment":[{"href":"https:\/\/www.hoymercedes.com.ar\/principal\/wp-json\/wp\/v2\/media?parent=183561"}],"wp:term":[{"taxonomy":"category","embeddable":true,"href":"https:\/\/www.hoymercedes.com.ar\/principal\/wp-json\/wp\/v2\/categories?post=183561"},{"taxonomy":"post_tag","embeddable":true,"href":"https:\/\/www.hoymercedes.com.ar\/principal\/wp-json\/wp\/v2\/tags?post=183561"}],"curies":[{"name":"wp","href":"https:\/\/api.w.org\/{rel}","templated":true}]}}