{"id":183567,"date":"2025-03-26T13:18:13","date_gmt":"2025-03-26T16:18:13","guid":{"rendered":"https:\/\/www.hoymercedes.com.ar\/principal\/?p=183567"},"modified":"2025-03-26T13:18:16","modified_gmt":"2025-03-26T16:18:16","slug":"descarrilo-un-tren-en-mercedes-que-venia-de-bragado","status":"publish","type":"post","link":"https:\/\/www.hoymercedes.com.ar\/principal\/2025\/03\/26\/descarrilo-un-tren-en-mercedes-que-venia-de-bragado\/","title":{"rendered":"Descarril\u00f3 un tren en Mercedes que ven\u00eda de Bragado"},"content":{"rendered":"\n<figure class=\"wp-block-image size-large\"><img loading=\"lazy\" decoding=\"async\" width=\"1024\" height=\"682\" data-attachment-id=\"183568\" data-permalink=\"https:\/\/www.hoymercedes.com.ar\/principal\/2025\/03\/26\/descarrilo-un-tren-en-mercedes-que-venia-de-bragado\/tren-descarrilado\/#main\" data-orig-file=\"https:\/\/www.hoymercedes.com.ar\/principal\/wp-content\/uploads\/2025\/03\/Tren-Descarrilado.jpg\" data-orig-size=\"1319,879\" data-comments-opened=\"0\" data-image-meta=\"{&quot;aperture&quot;:&quot;0&quot;,&quot;credit&quot;:&quot;&quot;,&quot;camera&quot;:&quot;&quot;,&quot;caption&quot;:&quot;&quot;,&quot;created_timestamp&quot;:&quot;0&quot;,&quot;copyright&quot;:&quot;&quot;,&quot;focal_length&quot;:&quot;0&quot;,&quot;iso&quot;:&quot;0&quot;,&quot;shutter_speed&quot;:&quot;0&quot;,&quot;title&quot;:&quot;&quot;,&quot;orientation&quot;:&quot;0&quot;}\" data-image-title=\"Tren Descarrilado\" data-image-description=\"&lt;p&gt;Descarril\u00f3 un tren en Mercedes que ven\u00eda de Bragado&lt;\/p&gt;\n\" data-image-caption=\"&lt;p&gt;Descarril\u00f3 un tren en Mercedes que ven\u00eda de Bragado&lt;\/p&gt;\n\" data-large-file=\"https:\/\/www.hoymercedes.com.ar\/principal\/wp-content\/uploads\/2025\/03\/Tren-Descarrilado-1024x682.jpg\" src=\"https:\/\/www.hoymercedes.com.ar\/principal\/wp-content\/uploads\/2025\/03\/Tren-Descarrilado-1024x682.jpg\" alt=\"Descarril\u00f3 un tren en Mercedes que ven\u00eda de Bragado\" class=\"wp-image-183568\" srcset=\"https:\/\/www.hoymercedes.com.ar\/principal\/wp-content\/uploads\/2025\/03\/Tren-Descarrilado-1024x682.jpg 1024w, https:\/\/www.hoymercedes.com.ar\/principal\/wp-content\/uploads\/2025\/03\/Tren-Descarrilado-630x420.jpg 630w, https:\/\/www.hoymercedes.com.ar\/principal\/wp-content\/uploads\/2025\/03\/Tren-Descarrilado-150x100.jpg 150w, https:\/\/www.hoymercedes.com.ar\/principal\/wp-content\/uploads\/2025\/03\/Tren-Descarrilado-700x465.jpg 700w, https:\/\/www.hoymercedes.com.ar\/principal\/wp-content\/uploads\/2025\/03\/Tren-Descarrilado.jpg 1319w\" sizes=\"auto, (max-width: 1024px) 100vw, 1024px\" \/><\/figure>\n\n\n\n<p>En horas de la ma\u00f1ana descarrill\u00f3 un tren en las v\u00edas del Sarmiento. El motivo aparente fue que una de las v\u00edas se abri\u00f3 o colaps\u00f3 y se perdi\u00f3 la gu\u00eda. En el lugar actuaron las fuerzas de seguridad y Protecci\u00f3n Civil. Se estima cerca de 60 pasajeros quedaron varados.<\/p>\n\n\n\n<p>La formaci\u00f3n ven\u00eda desde Bragado con destino a Capital Federal.<\/p>\n\n\n\n<figure class=\"wp-block-image size-large\"><img loading=\"lazy\" decoding=\"async\" width=\"1024\" height=\"682\" data-attachment-id=\"183569\" data-permalink=\"https:\/\/www.hoymercedes.com.ar\/principal\/2025\/03\/26\/descarrilo-un-tren-en-mercedes-que-venia-de-bragado\/tren-descarrilado-2\/#main\" data-orig-file=\"https:\/\/www.hoymercedes.com.ar\/principal\/wp-content\/uploads\/2025\/03\/Tren-Descarrilado.2.jpg\" data-orig-size=\"1319,879\" data-comments-opened=\"0\" data-image-meta=\"{&quot;aperture&quot;:&quot;0&quot;,&quot;credit&quot;:&quot;&quot;,&quot;camera&quot;:&quot;&quot;,&quot;caption&quot;:&quot;&quot;,&quot;created_timestamp&quot;:&quot;0&quot;,&quot;copyright&quot;:&quot;&quot;,&quot;focal_length&quot;:&quot;0&quot;,&quot;iso&quot;:&quot;0&quot;,&quot;shutter_speed&quot;:&quot;0&quot;,&quot;title&quot;:&quot;&quot;,&quot;orientation&quot;:&quot;0&quot;}\" data-image-title=\"Tren Descarrilado.2\" data-image-description=\"\" data-image-caption=\"\" data-large-file=\"https:\/\/www.hoymercedes.com.ar\/principal\/wp-content\/uploads\/2025\/03\/Tren-Descarrilado.2-1024x682.jpg\" src=\"https:\/\/www.hoymercedes.com.ar\/principal\/wp-content\/uploads\/2025\/03\/Tren-Descarrilado.2-1024x682.jpg\" alt=\"Descarril\u00f3 un tren en Mercedes que ven\u00eda de Bragado\" class=\"wp-image-183569\" srcset=\"https:\/\/www.hoymercedes.com.ar\/principal\/wp-content\/uploads\/2025\/03\/Tren-Descarrilado.2-1024x682.jpg 1024w, https:\/\/www.hoymercedes.com.ar\/principal\/wp-content\/uploads\/2025\/03\/Tren-Descarrilado.2-630x420.jpg 630w, https:\/\/www.hoymercedes.com.ar\/principal\/wp-content\/uploads\/2025\/03\/Tren-Descarrilado.2-150x100.jpg 150w, https:\/\/www.hoymercedes.com.ar\/principal\/wp-content\/uploads\/2025\/03\/Tren-Descarrilado.2-700x465.jpg 700w, https:\/\/www.hoymercedes.com.ar\/principal\/wp-content\/uploads\/2025\/03\/Tren-Descarrilado.2.jpg 1319w\" sizes=\"auto, (max-width: 1024px) 100vw, 1024px\" \/><\/figure>\n\n\n\n<p>No se sabe qu\u00e9 pasar\u00e1 con los pasajeros, pero s\u00ed que a la altura de nuestro Partido a la altura de calle 49 y 6.<\/p>\n\n\n\n<p>Desde la asunci\u00f3n del nuevo gobierno nacional, a cargo de Javier Milei, las inversiones en infraestructura y mantenimiento, igual que en las rutas, cesaron por completo, poniendo en riesgo los pasajeros, como pudo haber sido este caso.<\/p>\n\n\n\n<figure class=\"wp-block-image size-large\"><img loading=\"lazy\" decoding=\"async\" width=\"1024\" height=\"682\" data-attachment-id=\"183570\" data-permalink=\"https:\/\/www.hoymercedes.com.ar\/principal\/2025\/03\/26\/descarrilo-un-tren-en-mercedes-que-venia-de-bragado\/tren-descarrilado-3\/#main\" data-orig-file=\"https:\/\/www.hoymercedes.com.ar\/principal\/wp-content\/uploads\/2025\/03\/Tren-Descarrilado.3.jpg\" data-orig-size=\"1319,879\" data-comments-opened=\"0\" data-image-meta=\"{&quot;aperture&quot;:&quot;0&quot;,&quot;credit&quot;:&quot;&quot;,&quot;camera&quot;:&quot;&quot;,&quot;caption&quot;:&quot;&quot;,&quot;created_timestamp&quot;:&quot;0&quot;,&quot;copyright&quot;:&quot;&quot;,&quot;focal_length&quot;:&quot;0&quot;,&quot;iso&quot;:&quot;0&quot;,&quot;shutter_speed&quot;:&quot;0&quot;,&quot;title&quot;:&quot;&quot;,&quot;orientation&quot;:&quot;0&quot;}\" data-image-title=\"Tren Descarrilado.3\" data-image-description=\"\" data-image-caption=\"\" data-large-file=\"https:\/\/www.hoymercedes.com.ar\/principal\/wp-content\/uploads\/2025\/03\/Tren-Descarrilado.3-1024x682.jpg\" src=\"https:\/\/www.hoymercedes.com.ar\/principal\/wp-content\/uploads\/2025\/03\/Tren-Descarrilado.3-1024x682.jpg\" alt=\"Descarril\u00f3 un tren en Mercedes que ven\u00eda de Bragado\" class=\"wp-image-183570\" srcset=\"https:\/\/www.hoymercedes.com.ar\/principal\/wp-content\/uploads\/2025\/03\/Tren-Descarrilado.3-1024x682.jpg 1024w, https:\/\/www.hoymercedes.com.ar\/principal\/wp-content\/uploads\/2025\/03\/Tren-Descarrilado.3-630x420.jpg 630w, https:\/\/www.hoymercedes.com.ar\/principal\/wp-content\/uploads\/2025\/03\/Tren-Descarrilado.3-150x100.jpg 150w, https:\/\/www.hoymercedes.com.ar\/principal\/wp-content\/uploads\/2025\/03\/Tren-Descarrilado.3-700x465.jpg 700w, https:\/\/www.hoymercedes.com.ar\/principal\/wp-content\/uploads\/2025\/03\/Tren-Descarrilado.3.jpg 1319w\" sizes=\"auto, (max-width: 1024px) 100vw, 1024px\" \/><\/figure>\n","protected":false},"excerpt":{"rendered":"<p>En horas de la ma\u00f1ana descarrill\u00f3 un tren en las v\u00edas del Sarmiento. El motivo aparente fue que una de &#8230; <a title=\"Descarril\u00f3 un tren en Mercedes que ven\u00eda de Bragado\" class=\"read-more\" href=\"https:\/\/www.hoymercedes.com.ar\/principal\/2025\/03\/26\/descarrilo-un-tren-en-mercedes-que-venia-de-bragado\/\" aria-label=\"Leer m\u00e1s sobre Descarril\u00f3 un tren en Mercedes que ven\u00eda de Bragado\">Leer m\u00e1s<\/a><\/p>\n","protected":false},"author":1,"featured_media":183568,"comment_status":"closed","ping_status":"open","sticky":false,"template":"","format":"standard","meta":{"_monsterinsights_skip_tracking":false,"_monsterinsights_sitenote_active":false,"_monsterinsights_sitenote_note":"","_monsterinsights_sitenote_category":0,"jetpack_post_was_ever_published":false,"_jetpack_newsletter_access":"","_jetpack_dont_email_post_to_subs":false,"_jetpack_newsletter_tier_id":0,"_jetpack_memberships_contains_paywalled_content":false,"_jetpack_memberships_contains_paid_content":false,"footnotes":"","jetpack_publicize_message":"","jetpack_publicize_feature_enabled":true,"jetpack_social_post_already_shared":true,"jetpack_social_options":{"image_generator_settings":{"template":"highway","default_image_id":0,"font":"","enabled":false},"version":2},"_wpas_customize_per_network":false},"categories":[8],"tags":[20356,20357],"class_list":["post-183567","post","type-post","status-publish","format-standard","has-post-thumbnail","hentry","category-sociedad","tag-descarrilo-tren","tag-tren-descarroladop","generate-columns","tablet-grid-50","mobile-grid-100","grid-parent","grid-50"],"jetpack_publicize_connections":[],"jetpack_featured_media_url":"https:\/\/www.hoymercedes.com.ar\/principal\/wp-content\/uploads\/2025\/03\/Tren-Descarrilado.jpg","wps_subtitle":"Pudo ser tragic\u00f3 ","jetpack_sharing_enabled":true,"_links":{"self":[{"href":"https:\/\/www.hoymercedes.com.ar\/principal\/wp-json\/wp\/v2\/posts\/183567","targetHints":{"allow":["GET"]}}],"collection":[{"href":"https:\/\/www.hoymercedes.com.ar\/principal\/wp-json\/wp\/v2\/posts"}],"about":[{"href":"https:\/\/www.hoymercedes.com.ar\/principal\/wp-json\/wp\/v2\/types\/post"}],"author":[{"embeddable":true,"href":"https:\/\/www.hoymercedes.com.ar\/principal\/wp-json\/wp\/v2\/users\/1"}],"replies":[{"embeddable":true,"href":"https:\/\/www.hoymercedes.com.ar\/principal\/wp-json\/wp\/v2\/comments?post=183567"}],"version-history":[{"count":2,"href":"https:\/\/www.hoymercedes.com.ar\/principal\/wp-json\/wp\/v2\/posts\/183567\/revisions"}],"predecessor-version":[{"id":183572,"href":"https:\/\/www.hoymercedes.com.ar\/principal\/wp-json\/wp\/v2\/posts\/183567\/revisions\/183572"}],"wp:featuredmedia":[{"embeddable":true,"href":"https:\/\/www.hoymercedes.com.ar\/principal\/wp-json\/wp\/v2\/media\/183568"}],"wp:attachment":[{"href":"https:\/\/www.hoymercedes.com.ar\/principal\/wp-json\/wp\/v2\/media?parent=183567"}],"wp:term":[{"taxonomy":"category","embeddable":true,"href":"https:\/\/www.hoymercedes.com.ar\/principal\/wp-json\/wp\/v2\/categories?post=183567"},{"taxonomy":"post_tag","embeddable":true,"href":"https:\/\/www.hoymercedes.com.ar\/principal\/wp-json\/wp\/v2\/tags?post=183567"}],"curies":[{"name":"wp","href":"https:\/\/api.w.org\/{rel}","templated":true}]}}