{"id":183585,"date":"2025-03-27T20:49:00","date_gmt":"2025-03-27T23:49:00","guid":{"rendered":"https:\/\/www.hoymercedes.com.ar\/principal\/?p=183585"},"modified":"2025-03-27T11:02:07","modified_gmt":"2025-03-27T14:02:07","slug":"sigue-blancanieves-sumando-a-rescate-implacable","status":"publish","type":"post","link":"https:\/\/www.hoymercedes.com.ar\/principal\/2025\/03\/27\/sigue-blancanieves-sumando-a-rescate-implacable\/","title":{"rendered":"Sigue Blancanieves sumando a \u00abRescate Implacable\u00bb"},"content":{"rendered":"\n<p>Desde el viernes 28 de marzo al martes 1\u00b0 de abril, se presenta en el Cine Mercedes dos pel\u00edculas: Blancanieves y Rescate Implacable. <\/p>\n\n\n\n<figure class=\"wp-block-image size-full\"><img loading=\"lazy\" decoding=\"async\" width=\"827\" height=\"824\" data-attachment-id=\"183587\" data-permalink=\"https:\/\/www.hoymercedes.com.ar\/principal\/2025\/03\/27\/sigue-blancanieves-sumando-a-rescate-implacable\/gacetilla-cine-mercedes-1-10\/#main\" data-orig-file=\"https:\/\/www.hoymercedes.com.ar\/principal\/wp-content\/uploads\/2025\/03\/Gacetilla-Cine-Mercedes-1-1.png\" data-orig-size=\"827,824\" data-comments-opened=\"0\" data-image-meta=\"{&quot;aperture&quot;:&quot;0&quot;,&quot;credit&quot;:&quot;&quot;,&quot;camera&quot;:&quot;&quot;,&quot;caption&quot;:&quot;&quot;,&quot;created_timestamp&quot;:&quot;0&quot;,&quot;copyright&quot;:&quot;&quot;,&quot;focal_length&quot;:&quot;0&quot;,&quot;iso&quot;:&quot;0&quot;,&quot;shutter_speed&quot;:&quot;0&quot;,&quot;title&quot;:&quot;&quot;,&quot;orientation&quot;:&quot;0&quot;}\" data-image-title=\"Gacetilla Cine Mercedes (1)\" data-image-description=\"\" data-image-caption=\"\" data-large-file=\"https:\/\/www.hoymercedes.com.ar\/principal\/wp-content\/uploads\/2025\/03\/Gacetilla-Cine-Mercedes-1-1.png\" src=\"https:\/\/www.hoymercedes.com.ar\/principal\/wp-content\/uploads\/2025\/03\/Gacetilla-Cine-Mercedes-1-1.png\" alt=\"\" class=\"wp-image-183587\" srcset=\"https:\/\/www.hoymercedes.com.ar\/principal\/wp-content\/uploads\/2025\/03\/Gacetilla-Cine-Mercedes-1-1.png 827w, https:\/\/www.hoymercedes.com.ar\/principal\/wp-content\/uploads\/2025\/03\/Gacetilla-Cine-Mercedes-1-1-622x620.png 622w, https:\/\/www.hoymercedes.com.ar\/principal\/wp-content\/uploads\/2025\/03\/Gacetilla-Cine-Mercedes-1-1-150x150.png 150w\" sizes=\"auto, (max-width: 827px) 100vw, 827px\" \/><\/figure>\n\n\n\n<p>Sinopsis \u00abBlancanieves\u00bb: \u201cBlancanieves de Disney\u201d es una nueva versi\u00f3n en imagen real de la pel\u00edcula cl\u00e1sica de 1937 . Rachel Zegler interpreta el papel de Blancanieves y Gal Gadot el de su madrastra, la Malvada Reina. Una adaptaci\u00f3n en acci\u00f3n real del cl\u00e1sico cuento de hadas sobre una hermosa joven princesa que, mientras es acosada por una reina celosa, busca refugio en la casa de siete enanos en la campi\u00f1a alemana. Esta aventura trae de vuelta a sus personajes: T\u00edmido, Sabio, Mudito, Gru\u00f1\u00f3n, Feliz, Dormil\u00f3n y Mocoso. <\/p>\n\n\n\n<p>Sinopsis \u00abRescate Implacable\u00bb: Levon Cade ha dejado atr\u00e1s su profesi\u00f3n para ser \u00abhonrado\u00bb y trabajar en la construcci\u00f3n. Quiere vivir una vida sencilla y ser un buen padre para su hija. Pero cuando Jenny, la hija adolescente de su jefe, desaparece, se ve obligado a volver a emplear las habilidades que le convirtieron en una figura legendaria en el oscuro mundo de las operaciones encubiertas. Su b\u00fasqueda de la universitaria desaparecida le lleva al coraz\u00f3n de una siniestra conspiraci\u00f3n criminal que crear\u00e1 una reacci\u00f3n en cadena que amenazar\u00e1 su nueva forma de vida.<\/p>\n","protected":false},"excerpt":{"rendered":"<p>Desde el viernes 28 de marzo al martes 1\u00b0 de abril, se presenta en el Cine Mercedes dos pel\u00edculas: Blancanieves &#8230; <a title=\"Sigue Blancanieves sumando a \u00abRescate Implacable\u00bb\" class=\"read-more\" href=\"https:\/\/www.hoymercedes.com.ar\/principal\/2025\/03\/27\/sigue-blancanieves-sumando-a-rescate-implacable\/\" aria-label=\"Leer m\u00e1s sobre Sigue Blancanieves sumando a \u00abRescate Implacable\u00bb\">Leer m\u00e1s<\/a><\/p>\n","protected":false},"author":1,"featured_media":183586,"comment_status":"closed","ping_status":"open","sticky":false,"template":"","format":"standard","meta":{"_monsterinsights_skip_tracking":false,"_monsterinsights_sitenote_active":false,"_monsterinsights_sitenote_note":"","_monsterinsights_sitenote_category":0,"jetpack_post_was_ever_published":false,"_jetpack_newsletter_access":"","_jetpack_dont_email_post_to_subs":false,"_jetpack_newsletter_tier_id":0,"_jetpack_memberships_contains_paywalled_content":false,"_jetpack_memberships_contains_paid_content":false,"footnotes":"","jetpack_publicize_message":"","jetpack_publicize_feature_enabled":true,"jetpack_social_post_already_shared":true,"jetpack_social_options":{"image_generator_settings":{"template":"highway","default_image_id":0,"font":"","enabled":false},"version":2},"_wpas_customize_per_network":false},"categories":[104],"tags":[7805],"class_list":["post-183585","post","type-post","status-publish","format-standard","has-post-thumbnail","hentry","category-cultura","tag-cultura","generate-columns","tablet-grid-50","mobile-grid-100","grid-parent","grid-50"],"jetpack_publicize_connections":[],"jetpack_featured_media_url":"https:\/\/www.hoymercedes.com.ar\/principal\/wp-content\/uploads\/2025\/03\/10035-rescate-implacable_168.jpg","wps_subtitle":"","jetpack_sharing_enabled":true,"_links":{"self":[{"href":"https:\/\/www.hoymercedes.com.ar\/principal\/wp-json\/wp\/v2\/posts\/183585","targetHints":{"allow":["GET"]}}],"collection":[{"href":"https:\/\/www.hoymercedes.com.ar\/principal\/wp-json\/wp\/v2\/posts"}],"about":[{"href":"https:\/\/www.hoymercedes.com.ar\/principal\/wp-json\/wp\/v2\/types\/post"}],"author":[{"embeddable":true,"href":"https:\/\/www.hoymercedes.com.ar\/principal\/wp-json\/wp\/v2\/users\/1"}],"replies":[{"embeddable":true,"href":"https:\/\/www.hoymercedes.com.ar\/principal\/wp-json\/wp\/v2\/comments?post=183585"}],"version-history":[{"count":1,"href":"https:\/\/www.hoymercedes.com.ar\/principal\/wp-json\/wp\/v2\/posts\/183585\/revisions"}],"predecessor-version":[{"id":183588,"href":"https:\/\/www.hoymercedes.com.ar\/principal\/wp-json\/wp\/v2\/posts\/183585\/revisions\/183588"}],"wp:featuredmedia":[{"embeddable":true,"href":"https:\/\/www.hoymercedes.com.ar\/principal\/wp-json\/wp\/v2\/media\/183586"}],"wp:attachment":[{"href":"https:\/\/www.hoymercedes.com.ar\/principal\/wp-json\/wp\/v2\/media?parent=183585"}],"wp:term":[{"taxonomy":"category","embeddable":true,"href":"https:\/\/www.hoymercedes.com.ar\/principal\/wp-json\/wp\/v2\/categories?post=183585"},{"taxonomy":"post_tag","embeddable":true,"href":"https:\/\/www.hoymercedes.com.ar\/principal\/wp-json\/wp\/v2\/tags?post=183585"}],"curies":[{"name":"wp","href":"https:\/\/api.w.org\/{rel}","templated":true}]}}