{"id":183591,"date":"2025-03-27T13:30:00","date_gmt":"2025-03-27T16:30:00","guid":{"rendered":"https:\/\/www.hoymercedes.com.ar\/principal\/?p=183591"},"modified":"2025-03-27T11:37:12","modified_gmt":"2025-03-27T14:37:12","slug":"teatro-la-ultima-posibilidad-del-amor","status":"publish","type":"post","link":"https:\/\/www.hoymercedes.com.ar\/principal\/2025\/03\/27\/teatro-la-ultima-posibilidad-del-amor\/","title":{"rendered":"Teatro: La \u00faltima posibilidad del amor"},"content":{"rendered":"\n<p>El pr\u00f3ximo s\u00e1bado 29 de marzo a las 21 horas, en la sala del Teatro Tal\u00eda vuelve a presentarse \u00abLa \u00faltima posibilidad del amor\u00bb, una obra de Maru Zalazar presentada por Cso Producciones y dirigida por Dar\u00edo Scarnatto.<\/p>\n\n\n\n<p>La historia se centra en dos hermanos taxidermistas cuya rutina se ve interrumpida por la inesperada visita de Horacio, el cartero, y su prometida Teresa.<\/p>\n\n\n\n<p>A trav\u00e9s de situaciones inesperadas, los personajes se sumergen en una comedia que los enfrenta con el conflicto central: la \u00faltima oportunidad de amar. En un mundo donde todos buscan ser amados, la obra explora el deseo de evadir la soledad y la muerte.<\/p>\n\n\n\n<p>En la obra participan Ayel\u00e9n Banfi, Juan Victorel, Gabriel Alfons\u00edn y Markos Dorado<\/p>\n\n\n\n<p>Reserva y venta de las entradas para la funci\u00f3n del s\u00e1bado 29 a las 21 hs. Entrada general 7000 pesos y jubilados 6000 pesos. Las reservas pueden realizarse al 2324-585300.<\/p>\n\n\n<div class=\"wp-block-image\">\n<figure class=\"aligncenter size-full\"><img loading=\"lazy\" decoding=\"async\" width=\"526\" height=\"874\" data-attachment-id=\"183592\" data-permalink=\"https:\/\/www.hoymercedes.com.ar\/principal\/2025\/03\/27\/teatro-la-ultima-posibilidad-del-amor\/image-106\/#main\" data-orig-file=\"https:\/\/www.hoymercedes.com.ar\/principal\/wp-content\/uploads\/2025\/03\/image-7.png\" data-orig-size=\"526,874\" data-comments-opened=\"0\" data-image-meta=\"{&quot;aperture&quot;:&quot;0&quot;,&quot;credit&quot;:&quot;&quot;,&quot;camera&quot;:&quot;&quot;,&quot;caption&quot;:&quot;&quot;,&quot;created_timestamp&quot;:&quot;0&quot;,&quot;copyright&quot;:&quot;&quot;,&quot;focal_length&quot;:&quot;0&quot;,&quot;iso&quot;:&quot;0&quot;,&quot;shutter_speed&quot;:&quot;0&quot;,&quot;title&quot;:&quot;&quot;,&quot;orientation&quot;:&quot;0&quot;}\" data-image-title=\"image\" data-image-description=\"\" data-image-caption=\"\" data-large-file=\"https:\/\/www.hoymercedes.com.ar\/principal\/wp-content\/uploads\/2025\/03\/image-7.png\" src=\"https:\/\/www.hoymercedes.com.ar\/principal\/wp-content\/uploads\/2025\/03\/image-7.png\" alt=\"\" class=\"wp-image-183592\" srcset=\"https:\/\/www.hoymercedes.com.ar\/principal\/wp-content\/uploads\/2025\/03\/image-7.png 526w, https:\/\/www.hoymercedes.com.ar\/principal\/wp-content\/uploads\/2025\/03\/image-7-373x620.png 373w, https:\/\/www.hoymercedes.com.ar\/principal\/wp-content\/uploads\/2025\/03\/image-7-90x150.png 90w\" sizes=\"auto, (max-width: 526px) 100vw, 526px\" \/><\/figure>\n<\/div>","protected":false},"excerpt":{"rendered":"<p>El pr\u00f3ximo s\u00e1bado 29 de marzo a las 21 horas, en la sala del Teatro Tal\u00eda vuelve a presentarse \u00abLa &#8230; <a title=\"Teatro: La \u00faltima posibilidad del amor\" class=\"read-more\" href=\"https:\/\/www.hoymercedes.com.ar\/principal\/2025\/03\/27\/teatro-la-ultima-posibilidad-del-amor\/\" aria-label=\"Leer m\u00e1s sobre Teatro: La \u00faltima posibilidad del amor\">Leer m\u00e1s<\/a><\/p>\n","protected":false},"author":1,"featured_media":183593,"comment_status":"closed","ping_status":"open","sticky":false,"template":"","format":"standard","meta":{"_monsterinsights_skip_tracking":false,"_monsterinsights_sitenote_active":false,"_monsterinsights_sitenote_note":"","_monsterinsights_sitenote_category":0,"jetpack_post_was_ever_published":false,"_jetpack_newsletter_access":"","_jetpack_dont_email_post_to_subs":false,"_jetpack_newsletter_tier_id":0,"_jetpack_memberships_contains_paywalled_content":false,"_jetpack_memberships_contains_paid_content":false,"footnotes":"","jetpack_publicize_message":"","jetpack_publicize_feature_enabled":true,"jetpack_social_post_already_shared":true,"jetpack_social_options":{"image_generator_settings":{"template":"highway","default_image_id":0,"font":"","enabled":false},"version":2},"_wpas_customize_per_network":false},"categories":[8],"tags":[],"class_list":["post-183591","post","type-post","status-publish","format-standard","has-post-thumbnail","hentry","category-sociedad","generate-columns","tablet-grid-50","mobile-grid-100","grid-parent","grid-50"],"jetpack_publicize_connections":[],"jetpack_featured_media_url":"https:\/\/www.hoymercedes.com.ar\/principal\/wp-content\/uploads\/2025\/03\/image-7-edited.png","wps_subtitle":"","jetpack_sharing_enabled":true,"_links":{"self":[{"href":"https:\/\/www.hoymercedes.com.ar\/principal\/wp-json\/wp\/v2\/posts\/183591","targetHints":{"allow":["GET"]}}],"collection":[{"href":"https:\/\/www.hoymercedes.com.ar\/principal\/wp-json\/wp\/v2\/posts"}],"about":[{"href":"https:\/\/www.hoymercedes.com.ar\/principal\/wp-json\/wp\/v2\/types\/post"}],"author":[{"embeddable":true,"href":"https:\/\/www.hoymercedes.com.ar\/principal\/wp-json\/wp\/v2\/users\/1"}],"replies":[{"embeddable":true,"href":"https:\/\/www.hoymercedes.com.ar\/principal\/wp-json\/wp\/v2\/comments?post=183591"}],"version-history":[{"count":1,"href":"https:\/\/www.hoymercedes.com.ar\/principal\/wp-json\/wp\/v2\/posts\/183591\/revisions"}],"predecessor-version":[{"id":183594,"href":"https:\/\/www.hoymercedes.com.ar\/principal\/wp-json\/wp\/v2\/posts\/183591\/revisions\/183594"}],"wp:featuredmedia":[{"embeddable":true,"href":"https:\/\/www.hoymercedes.com.ar\/principal\/wp-json\/wp\/v2\/media\/183593"}],"wp:attachment":[{"href":"https:\/\/www.hoymercedes.com.ar\/principal\/wp-json\/wp\/v2\/media?parent=183591"}],"wp:term":[{"taxonomy":"category","embeddable":true,"href":"https:\/\/www.hoymercedes.com.ar\/principal\/wp-json\/wp\/v2\/categories?post=183591"},{"taxonomy":"post_tag","embeddable":true,"href":"https:\/\/www.hoymercedes.com.ar\/principal\/wp-json\/wp\/v2\/tags?post=183591"}],"curies":[{"name":"wp","href":"https:\/\/api.w.org\/{rel}","templated":true}]}}