{"id":183604,"date":"2025-03-29T14:10:55","date_gmt":"2025-03-29T17:10:55","guid":{"rendered":"https:\/\/www.hoymercedes.com.ar\/principal\/?p=183604"},"modified":"2025-03-29T14:10:58","modified_gmt":"2025-03-29T17:10:58","slug":"mujer-pierde-la-vida-en-siniestro-entre-tren-y-automovil","status":"publish","type":"post","link":"https:\/\/www.hoymercedes.com.ar\/principal\/2025\/03\/29\/mujer-pierde-la-vida-en-siniestro-entre-tren-y-automovil\/","title":{"rendered":"Mujer pierde la vida en siniestro entre tren y automovil"},"content":{"rendered":"\n<figure class=\"wp-block-image size-large\"><img loading=\"lazy\" decoding=\"async\" width=\"1024\" height=\"768\" data-attachment-id=\"183605\" data-permalink=\"https:\/\/www.hoymercedes.com.ar\/principal\/2025\/03\/29\/mujer-pierde-la-vida-en-siniestro-entre-tren-y-automovil\/tren-auto-choque-gowland\/#main\" data-orig-file=\"https:\/\/www.hoymercedes.com.ar\/principal\/wp-content\/uploads\/2025\/03\/Tren-Auto-Choque-Gowland.jpg\" data-orig-size=\"1280,960\" data-comments-opened=\"0\" data-image-meta=\"{&quot;aperture&quot;:&quot;0&quot;,&quot;credit&quot;:&quot;&quot;,&quot;camera&quot;:&quot;&quot;,&quot;caption&quot;:&quot;&quot;,&quot;created_timestamp&quot;:&quot;0&quot;,&quot;copyright&quot;:&quot;&quot;,&quot;focal_length&quot;:&quot;0&quot;,&quot;iso&quot;:&quot;0&quot;,&quot;shutter_speed&quot;:&quot;0&quot;,&quot;title&quot;:&quot;&quot;,&quot;orientation&quot;:&quot;0&quot;}\" data-image-title=\"Tren-Auto-Choque-Gowland\" data-image-description=\"\" data-image-caption=\"\" data-large-file=\"https:\/\/www.hoymercedes.com.ar\/principal\/wp-content\/uploads\/2025\/03\/Tren-Auto-Choque-Gowland-1024x768.jpg\" src=\"https:\/\/www.hoymercedes.com.ar\/principal\/wp-content\/uploads\/2025\/03\/Tren-Auto-Choque-Gowland-1024x768.jpg\" alt=\"\" class=\"wp-image-183605\" srcset=\"https:\/\/www.hoymercedes.com.ar\/principal\/wp-content\/uploads\/2025\/03\/Tren-Auto-Choque-Gowland-1024x768.jpg 1024w, https:\/\/www.hoymercedes.com.ar\/principal\/wp-content\/uploads\/2025\/03\/Tren-Auto-Choque-Gowland-630x473.jpg 630w, https:\/\/www.hoymercedes.com.ar\/principal\/wp-content\/uploads\/2025\/03\/Tren-Auto-Choque-Gowland-150x113.jpg 150w, https:\/\/www.hoymercedes.com.ar\/principal\/wp-content\/uploads\/2025\/03\/Tren-Auto-Choque-Gowland.jpg 1280w\" sizes=\"auto, (max-width: 1024px) 100vw, 1024px\" \/><\/figure>\n\n\n\n<p>Una mujer perdi\u00f3 la vida en un siniestro que incluy\u00f3 una formaci\u00f3n del tren Sarmiento y un automovil. Fue a la altura de Gowland. El doloroso acontecimiento sucedi\u00f3 pasadas las 9am de esta ma\u00f1ana de s\u00e1bado.<\/p>\n\n\n\n<p>Inform\u00f3 <a href=\"https:\/\/infogowland.com\/grave-siniestro-vial-entre-auto-y-tren-en-gowland-una-victima-fatal\/\" target=\"_blank\" rel=\"noopener\">InfoGowland<\/a>: <\/p>\n\n\n\n<p>Durante horas de la ma\u00f1ana en la altura de Gowland se produjo un grave siniestro que involucr\u00f3 a la formaci\u00f3n del Tren Sarmiento y un autom\u00f3vil Ford Focus ocupado por dos mujeres. Una de ellas fue trasladada por el SAME mientras que la otra perdi\u00f3 la vida.<br><br>Minutos despu\u00e9s de las 9am se produjo la aparente colisi\u00f3n en calle 506 y 527.<br><br>Una mujer fue trasladada mientras que otra lamentablemente perdi\u00f3 la vida en el siniestro.<br><br>Por el momento no se conocen detalles de la v\u00edctima ni de c\u00f3mo se produjo el doloroso acontecimiento.<\/p>\n","protected":false},"excerpt":{"rendered":"<p>Una mujer perdi\u00f3 la vida en un siniestro que incluy\u00f3 una formaci\u00f3n del tren Sarmiento y un automovil. Fue a &#8230; <a title=\"Mujer pierde la vida en siniestro entre tren y automovil\" class=\"read-more\" href=\"https:\/\/www.hoymercedes.com.ar\/principal\/2025\/03\/29\/mujer-pierde-la-vida-en-siniestro-entre-tren-y-automovil\/\" aria-label=\"Leer m\u00e1s sobre Mujer pierde la vida en siniestro entre tren y automovil\">Leer m\u00e1s<\/a><\/p>\n","protected":false},"author":1,"featured_media":0,"comment_status":"closed","ping_status":"open","sticky":false,"template":"","format":"standard","meta":{"_monsterinsights_skip_tracking":false,"_monsterinsights_sitenote_active":false,"_monsterinsights_sitenote_note":"","_monsterinsights_sitenote_category":0,"jetpack_post_was_ever_published":false,"_jetpack_newsletter_access":"","_jetpack_dont_email_post_to_subs":false,"_jetpack_newsletter_tier_id":0,"_jetpack_memberships_contains_paywalled_content":false,"_jetpack_memberships_contains_paid_content":false,"footnotes":"","jetpack_publicize_message":"","jetpack_publicize_feature_enabled":true,"jetpack_social_post_already_shared":true,"jetpack_social_options":{"image_generator_settings":{"template":"highway","default_image_id":0,"font":"","enabled":false},"version":2},"_wpas_customize_per_network":false},"categories":[8],"tags":[],"class_list":["post-183604","post","type-post","status-publish","format-standard","hentry","category-sociedad","generate-columns","tablet-grid-50","mobile-grid-100","grid-parent","grid-50"],"jetpack_publicize_connections":[],"jetpack_featured_media_url":"","wps_subtitle":"","jetpack_sharing_enabled":true,"_links":{"self":[{"href":"https:\/\/www.hoymercedes.com.ar\/principal\/wp-json\/wp\/v2\/posts\/183604","targetHints":{"allow":["GET"]}}],"collection":[{"href":"https:\/\/www.hoymercedes.com.ar\/principal\/wp-json\/wp\/v2\/posts"}],"about":[{"href":"https:\/\/www.hoymercedes.com.ar\/principal\/wp-json\/wp\/v2\/types\/post"}],"author":[{"embeddable":true,"href":"https:\/\/www.hoymercedes.com.ar\/principal\/wp-json\/wp\/v2\/users\/1"}],"replies":[{"embeddable":true,"href":"https:\/\/www.hoymercedes.com.ar\/principal\/wp-json\/wp\/v2\/comments?post=183604"}],"version-history":[{"count":1,"href":"https:\/\/www.hoymercedes.com.ar\/principal\/wp-json\/wp\/v2\/posts\/183604\/revisions"}],"predecessor-version":[{"id":183606,"href":"https:\/\/www.hoymercedes.com.ar\/principal\/wp-json\/wp\/v2\/posts\/183604\/revisions\/183606"}],"wp:attachment":[{"href":"https:\/\/www.hoymercedes.com.ar\/principal\/wp-json\/wp\/v2\/media?parent=183604"}],"wp:term":[{"taxonomy":"category","embeddable":true,"href":"https:\/\/www.hoymercedes.com.ar\/principal\/wp-json\/wp\/v2\/categories?post=183604"},{"taxonomy":"post_tag","embeddable":true,"href":"https:\/\/www.hoymercedes.com.ar\/principal\/wp-json\/wp\/v2\/tags?post=183604"}],"curies":[{"name":"wp","href":"https:\/\/api.w.org\/{rel}","templated":true}]}}