{"id":183611,"date":"2025-03-29T17:00:00","date_gmt":"2025-03-29T20:00:00","guid":{"rendered":"https:\/\/www.hoymercedes.com.ar\/principal\/?p=183611"},"modified":"2025-03-29T16:04:24","modified_gmt":"2025-03-29T19:04:24","slug":"condenan-a-perpetua-a-autor-de-femicidio-ocurrido-en-2020","status":"publish","type":"post","link":"https:\/\/www.hoymercedes.com.ar\/principal\/2025\/03\/29\/condenan-a-perpetua-a-autor-de-femicidio-ocurrido-en-2020\/","title":{"rendered":"Condenan a perpetua a autor de femicidio ocurrido en 2020"},"content":{"rendered":"\n<p>En la jornada de este viernes 28 del corriente se dio a conocer en el Tribunal Oral en lo Criminal N\u00b0 4 del Departamento Judicial Mercedes, el veredicto en el marco del debate oral y p\u00fablico contra Flavio Perez por el femicidio de Mercedes Soledad Carioli Lespade ocurrido el 9 de abril de 2020 en la localidad de Chivilcoy.<\/p>\n\n\n\n<p>Para los jueces Dres. Patricia Guerrieri, Silvina Giumelli y Fabi\u00e1n Brahim qued\u00f3 demostrado que el sujeto, quien manten\u00eda una relaci\u00f3n de pareja conviviente con la v\u00edctima desde hac\u00eda dos meses, en un domicilio de la ciudad de Chivilcoy &#8211; junto a las hijas de esta de 4 y 5 a\u00f1os de edad &#8211; aprovech\u00e1ndose de la desigualdad de poder existente por su condici\u00f3n de hombre y su tama\u00f1o evidentemente superior al de la damnificada, en un marco de violencia de g\u00e9nero, golpe\u00f3 reiteradamente a Soledad. <\/p>\n\n\n\n<p>Ello le provoc\u00f3 fractura mandibular derecha, fracturas de varias costillas, hematoma subdural en la convexidad fronto-parietal derecha, hemoseno izquierdo, y hemorragia subaracnoidea que la llevaron a un estado en que no pod\u00eda valerse por s\u00ed misma y le provocaron falla multiorg\u00e1nica que la llev\u00f3 al coma. Todo ello en el marco del encierro por la pandemia de COVID 19.<\/p>\n\n\n\n<p>La joven reci\u00e9n fue llevada al Hospital de Chivilcoy el 8 de abril de 2020, donde falleci\u00f3 el 9 de abril de dicho a\u00f1o, en que los m\u00e9dicos no pudieron revertir las fallas multiorg\u00e1nicas por las lesiones que le infligi\u00f3 el sujeto en presencia de sus dos peque\u00f1as hijas, ni la sepsis, luego de d\u00edas de agon\u00eda.<\/p>\n\n\n\n<p>Adem\u00e1s, P\u00e9rez Ponce procur\u00f3 instalar la existencia de un presunto siniestro en moto, para que los hematomas y fracturas se atribuyeran a esa ca\u00edda, de la que no hay rastro; siendo que tambi\u00e9n busc\u00f3 deshacerse del veh\u00edculo vendi\u00e9ndolo.<\/p>\n\n\n\n<p>Por otra parte, autoriz\u00f3 la cremaci\u00f3n de la joven, para as\u00ed lograr su impunidad sin dar aviso a su familia. Una serie de testimonios, junto a la prueba de las atenciones m\u00e9dicas recibidas por la joven previo a su deceso, entre otras, fueron el sost\u00e9n para la acusaci\u00f3n y condena de qui\u00e9n, adem\u00e1s, contaba con antecedentes penales, por delitos cometidos contra sus exparejas, tambi\u00e9n en contexto de violencia de g\u00e9nero.<\/p>\n\n\n\n<p>Para el Tribunal la acusaci\u00f3n sostenida por el fiscal de Juicio, Dr. Adri\u00e1n Landini fue debidamente fundada, y resolvieron, por unanimidad, condenar a Perez como autor penalmente responsable del delito de \u201cHomicidio agravado por ser cometido contra la persona con quien manten\u00eda una relaci\u00f3n de pareja conviviente y por un hombre a una mujer mediando violencia de g\u00e9nero\u201d a la pena de prisi\u00f3n perpetua, accesorias legales y costas del proceso.<\/p>\n\n\n\n<p>Adem\u00e1s de la correspondiente declaraci\u00f3n de reincidencia por cuanto la condena previa que tuvo el enjuiciado &#8211; por la que obtuvo libertad condicional &#8211; no agot\u00f3 la pena impuesta a la fecha de cometer el homicidio de su pareja.<br>Para arribar a dicha resoluci\u00f3n se basaron en los diversos elementos de prueba que se ventilaron durante el debate oral llevado a cabo entre los d\u00edas 10 y 19 de marzo pasados.<\/p>\n\n\n\n<p>Fuente: Fiscal\u00eda General Departamento Judicial Mercedes <\/p>\n","protected":false},"excerpt":{"rendered":"<p>En la jornada de este viernes 28 del corriente se dio a conocer en el Tribunal Oral en lo Criminal &#8230; <a title=\"Condenan a perpetua a autor de femicidio ocurrido en 2020\" class=\"read-more\" href=\"https:\/\/www.hoymercedes.com.ar\/principal\/2025\/03\/29\/condenan-a-perpetua-a-autor-de-femicidio-ocurrido-en-2020\/\" aria-label=\"Leer m\u00e1s sobre Condenan a perpetua a autor de femicidio ocurrido en 2020\">Leer m\u00e1s<\/a><\/p>\n","protected":false},"author":1,"featured_media":174142,"comment_status":"closed","ping_status":"open","sticky":false,"template":"","format":"standard","meta":{"_monsterinsights_skip_tracking":false,"_monsterinsights_sitenote_active":false,"_monsterinsights_sitenote_note":"","_monsterinsights_sitenote_category":0,"jetpack_post_was_ever_published":false,"_jetpack_newsletter_access":"","_jetpack_dont_email_post_to_subs":false,"_jetpack_newsletter_tier_id":0,"_jetpack_memberships_contains_paywalled_content":false,"_jetpack_memberships_contains_paid_content":false,"footnotes":"","jetpack_publicize_message":"","jetpack_publicize_feature_enabled":true,"jetpack_social_post_already_shared":true,"jetpack_social_options":{"image_generator_settings":{"template":"highway","default_image_id":0,"font":"","enabled":false},"version":2},"_wpas_customize_per_network":false},"categories":[8],"tags":[],"class_list":["post-183611","post","type-post","status-publish","format-standard","has-post-thumbnail","hentry","category-sociedad","generate-columns","tablet-grid-50","mobile-grid-100","grid-parent","grid-50"],"jetpack_publicize_connections":[],"jetpack_featured_media_url":"https:\/\/www.hoymercedes.com.ar\/principal\/wp-content\/uploads\/2024\/03\/Tribunales.jpg","wps_subtitle":"","jetpack_sharing_enabled":true,"_links":{"self":[{"href":"https:\/\/www.hoymercedes.com.ar\/principal\/wp-json\/wp\/v2\/posts\/183611","targetHints":{"allow":["GET"]}}],"collection":[{"href":"https:\/\/www.hoymercedes.com.ar\/principal\/wp-json\/wp\/v2\/posts"}],"about":[{"href":"https:\/\/www.hoymercedes.com.ar\/principal\/wp-json\/wp\/v2\/types\/post"}],"author":[{"embeddable":true,"href":"https:\/\/www.hoymercedes.com.ar\/principal\/wp-json\/wp\/v2\/users\/1"}],"replies":[{"embeddable":true,"href":"https:\/\/www.hoymercedes.com.ar\/principal\/wp-json\/wp\/v2\/comments?post=183611"}],"version-history":[{"count":1,"href":"https:\/\/www.hoymercedes.com.ar\/principal\/wp-json\/wp\/v2\/posts\/183611\/revisions"}],"predecessor-version":[{"id":183612,"href":"https:\/\/www.hoymercedes.com.ar\/principal\/wp-json\/wp\/v2\/posts\/183611\/revisions\/183612"}],"wp:featuredmedia":[{"embeddable":true,"href":"https:\/\/www.hoymercedes.com.ar\/principal\/wp-json\/wp\/v2\/media\/174142"}],"wp:attachment":[{"href":"https:\/\/www.hoymercedes.com.ar\/principal\/wp-json\/wp\/v2\/media?parent=183611"}],"wp:term":[{"taxonomy":"category","embeddable":true,"href":"https:\/\/www.hoymercedes.com.ar\/principal\/wp-json\/wp\/v2\/categories?post=183611"},{"taxonomy":"post_tag","embeddable":true,"href":"https:\/\/www.hoymercedes.com.ar\/principal\/wp-json\/wp\/v2\/tags?post=183611"}],"curies":[{"name":"wp","href":"https:\/\/api.w.org\/{rel}","templated":true}]}}