{"id":183623,"date":"2025-03-30T15:16:22","date_gmt":"2025-03-30T18:16:22","guid":{"rendered":"https:\/\/www.hoymercedes.com.ar\/principal\/?p=183623"},"modified":"2025-03-30T15:16:25","modified_gmt":"2025-03-30T18:16:25","slug":"comenzo-el-handball-en-el-cef-40","status":"publish","type":"post","link":"https:\/\/www.hoymercedes.com.ar\/principal\/2025\/03\/30\/comenzo-el-handball-en-el-cef-40\/","title":{"rendered":"Comenz\u00f3 el handball en el CEF 40"},"content":{"rendered":"\n<p>El Centro de Educaci\u00f3n F\u00edsica N\u00b040 comenz\u00f3 su a\u00f1o lectivo con muchas ofertas educativas completamente gratuitas para todas las edades, con el Handball como una de ellas. En sus instalaciones de calle 30 entre 43 y 45, reciben a chicos y chicas de todas las edades para practicar este fascinante deporte.<\/p>\n\n\n\n<p>Las clases para los m\u00e1s chicos (menores de 9 a\u00f1os) est\u00e1n a cargo del Profesor Nicolas Mirchenko, quien introduce en el deporte a los m\u00e1s peque\u00f1os con juegos y actividades adecuadas a su edad los d\u00edas martes y jueves en el horario comprendido entre las 16,30hs y las 17,30hs.<\/p>\n\n\n\n<p>El Profesor Dami\u00e1n Altieri ense\u00f1a a las chicas y los chicos que asisten a 5\u00b0 y 6\u00b0 a\u00f1o de la escuela Primaria, con clases muy din\u00e1micas y divertidas. Las chicas tienen sus clases los d\u00edas martes y jueves de 17,30hs a 18,30hs, mientras que el grupo de chicos, tienen sus clases los d\u00edas mi\u00e9rcoles y viernes de 17,00hs a 18,00hs.<\/p>\n\n\n\n<p>Las adolescentes del nivel secundario, realizan sus entrenamientos con el Profesor Gustavo Gonz\u00e1lez, los d\u00edas martes y jueves de 18,30hs a 19,30hs con la motivaci\u00f3n de participar este a\u00f1o en la Liga Mercedina de Balonmano.<br>Los equipos masculinos contin\u00faan sus entrenamientos con el Profesor Dami\u00e1n Altieri, disputando durante el a\u00f1o varios partidos en la Liga Mercedina de Balonmano y realizando encuentros con otros Centro de Educaci\u00f3n F\u00edsica de ciudades vecinas.<\/p>\n\n\n\n<p>El grupo de Secundaria B\u00e1sica (alumnos de 12 a 14 a\u00f1os) realizan sus clases los d\u00edas mi\u00e9rcoles y viernes de 18,00hs a 19,00hs. Mientras que los alumnos de Secundaria Superior (alumnos de 15 a 17 a\u00f1os) realizan sus entrenamientos los d\u00edas mi\u00e9rcoles y viernes de 19,00hs a 20,00hs.<\/p>\n\n\n\n<p>Tambi\u00e9n tienen clases los alumnos mayores, desarrollando sus clases con una orientaci\u00f3n recreativa, los d\u00edas mi\u00e9rcoles y viernes de 20,00hs a 21,00hs.<\/p>\n\n\n\n<p>Los interesados en sumarse a los entrenamientos y a los equipos, pueden informarse en el CEF de calle 30. <\/p>\n\n\n\n<figure class=\"wp-block-image size-full\"><img loading=\"lazy\" decoding=\"async\" width=\"747\" height=\"329\" data-attachment-id=\"183624\" data-permalink=\"https:\/\/www.hoymercedes.com.ar\/principal\/2025\/03\/30\/comenzo-el-handball-en-el-cef-40\/fb_img_1743358346315\/#main\" data-orig-file=\"https:\/\/www.hoymercedes.com.ar\/principal\/wp-content\/uploads\/2025\/03\/FB_IMG_1743358346315.jpg\" data-orig-size=\"747,329\" data-comments-opened=\"0\" data-image-meta=\"{&quot;aperture&quot;:&quot;0&quot;,&quot;credit&quot;:&quot;&quot;,&quot;camera&quot;:&quot;&quot;,&quot;caption&quot;:&quot;&quot;,&quot;created_timestamp&quot;:&quot;0&quot;,&quot;copyright&quot;:&quot;&quot;,&quot;focal_length&quot;:&quot;0&quot;,&quot;iso&quot;:&quot;0&quot;,&quot;shutter_speed&quot;:&quot;0&quot;,&quot;title&quot;:&quot;&quot;,&quot;orientation&quot;:&quot;0&quot;}\" data-image-title=\"FB_IMG_1743358346315\" data-image-description=\"\" data-image-caption=\"\" data-large-file=\"https:\/\/www.hoymercedes.com.ar\/principal\/wp-content\/uploads\/2025\/03\/FB_IMG_1743358346315.jpg\" src=\"https:\/\/www.hoymercedes.com.ar\/principal\/wp-content\/uploads\/2025\/03\/FB_IMG_1743358346315.jpg\" alt=\"\" class=\"wp-image-183624\" srcset=\"https:\/\/www.hoymercedes.com.ar\/principal\/wp-content\/uploads\/2025\/03\/FB_IMG_1743358346315.jpg 747w, https:\/\/www.hoymercedes.com.ar\/principal\/wp-content\/uploads\/2025\/03\/FB_IMG_1743358346315-630x277.jpg 630w, https:\/\/www.hoymercedes.com.ar\/principal\/wp-content\/uploads\/2025\/03\/FB_IMG_1743358346315-150x66.jpg 150w\" sizes=\"auto, (max-width: 747px) 100vw, 747px\" \/><\/figure>\n","protected":false},"excerpt":{"rendered":"<p>El Centro de Educaci\u00f3n F\u00edsica N\u00b040 comenz\u00f3 su a\u00f1o lectivo con muchas ofertas educativas completamente gratuitas para todas las edades, &#8230; <a title=\"Comenz\u00f3 el handball en el CEF 40\" class=\"read-more\" href=\"https:\/\/www.hoymercedes.com.ar\/principal\/2025\/03\/30\/comenzo-el-handball-en-el-cef-40\/\" aria-label=\"Leer m\u00e1s sobre Comenz\u00f3 el handball en el CEF 40\">Leer m\u00e1s<\/a><\/p>\n","protected":false},"author":1,"featured_media":183624,"comment_status":"closed","ping_status":"open","sticky":false,"template":"","format":"standard","meta":{"_monsterinsights_skip_tracking":false,"_monsterinsights_sitenote_active":false,"_monsterinsights_sitenote_note":"","_monsterinsights_sitenote_category":0,"jetpack_post_was_ever_published":false,"_jetpack_newsletter_access":"","_jetpack_dont_email_post_to_subs":false,"_jetpack_newsletter_tier_id":0,"_jetpack_memberships_contains_paywalled_content":false,"_jetpack_memberships_contains_paid_content":false,"footnotes":"","jetpack_publicize_message":"","jetpack_publicize_feature_enabled":true,"jetpack_social_post_already_shared":true,"jetpack_social_options":{"image_generator_settings":{"template":"highway","default_image_id":0,"font":"","enabled":false},"version":2},"_wpas_customize_per_network":false},"categories":[21],"tags":[],"class_list":["post-183623","post","type-post","status-publish","format-standard","has-post-thumbnail","hentry","category-deportes","generate-columns","tablet-grid-50","mobile-grid-100","grid-parent","grid-50"],"jetpack_publicize_connections":[],"jetpack_featured_media_url":"https:\/\/www.hoymercedes.com.ar\/principal\/wp-content\/uploads\/2025\/03\/FB_IMG_1743358346315.jpg","wps_subtitle":"","jetpack_sharing_enabled":true,"_links":{"self":[{"href":"https:\/\/www.hoymercedes.com.ar\/principal\/wp-json\/wp\/v2\/posts\/183623","targetHints":{"allow":["GET"]}}],"collection":[{"href":"https:\/\/www.hoymercedes.com.ar\/principal\/wp-json\/wp\/v2\/posts"}],"about":[{"href":"https:\/\/www.hoymercedes.com.ar\/principal\/wp-json\/wp\/v2\/types\/post"}],"author":[{"embeddable":true,"href":"https:\/\/www.hoymercedes.com.ar\/principal\/wp-json\/wp\/v2\/users\/1"}],"replies":[{"embeddable":true,"href":"https:\/\/www.hoymercedes.com.ar\/principal\/wp-json\/wp\/v2\/comments?post=183623"}],"version-history":[{"count":1,"href":"https:\/\/www.hoymercedes.com.ar\/principal\/wp-json\/wp\/v2\/posts\/183623\/revisions"}],"predecessor-version":[{"id":183625,"href":"https:\/\/www.hoymercedes.com.ar\/principal\/wp-json\/wp\/v2\/posts\/183623\/revisions\/183625"}],"wp:featuredmedia":[{"embeddable":true,"href":"https:\/\/www.hoymercedes.com.ar\/principal\/wp-json\/wp\/v2\/media\/183624"}],"wp:attachment":[{"href":"https:\/\/www.hoymercedes.com.ar\/principal\/wp-json\/wp\/v2\/media?parent=183623"}],"wp:term":[{"taxonomy":"category","embeddable":true,"href":"https:\/\/www.hoymercedes.com.ar\/principal\/wp-json\/wp\/v2\/categories?post=183623"},{"taxonomy":"post_tag","embeddable":true,"href":"https:\/\/www.hoymercedes.com.ar\/principal\/wp-json\/wp\/v2\/tags?post=183623"}],"curies":[{"name":"wp","href":"https:\/\/api.w.org\/{rel}","templated":true}]}}