{"id":183629,"date":"2025-03-30T16:36:58","date_gmt":"2025-03-30T19:36:58","guid":{"rendered":"https:\/\/www.hoymercedes.com.ar\/principal\/?p=183629"},"modified":"2025-03-30T16:37:00","modified_gmt":"2025-03-30T19:37:00","slug":"pena-y-vigilia-por-malvinas-este-1-de-abril","status":"publish","type":"post","link":"https:\/\/www.hoymercedes.com.ar\/principal\/2025\/03\/30\/pena-y-vigilia-por-malvinas-este-1-de-abril\/","title":{"rendered":"Pe\u00f1a y vigilia por Malvinas este 1 de abril"},"content":{"rendered":"\n<figure class=\"wp-block-image size-large\"><img loading=\"lazy\" decoding=\"async\" width=\"1024\" height=\"684\" data-attachment-id=\"183630\" data-permalink=\"https:\/\/www.hoymercedes.com.ar\/principal\/2025\/03\/30\/pena-y-vigilia-por-malvinas-este-1-de-abril\/vigilia-1-2\/#main\" data-orig-file=\"https:\/\/www.hoymercedes.com.ar\/principal\/wp-content\/uploads\/2025\/03\/Vigilia-1.jpg\" data-orig-size=\"1316,879\" data-comments-opened=\"0\" data-image-meta=\"{&quot;aperture&quot;:&quot;0&quot;,&quot;credit&quot;:&quot;&quot;,&quot;camera&quot;:&quot;&quot;,&quot;caption&quot;:&quot;&quot;,&quot;created_timestamp&quot;:&quot;0&quot;,&quot;copyright&quot;:&quot;&quot;,&quot;focal_length&quot;:&quot;0&quot;,&quot;iso&quot;:&quot;0&quot;,&quot;shutter_speed&quot;:&quot;0&quot;,&quot;title&quot;:&quot;&quot;,&quot;orientation&quot;:&quot;0&quot;}\" data-image-title=\"Pe\u00f1a y vigilia por Malvinas este 1 de abril\" data-image-description=\"&lt;p&gt;Pe\u00f1a y vigilia por Malvinas este 1 de abril&lt;\/p&gt;\n\" data-image-caption=\"&lt;p&gt;Pe\u00f1a y vigilia por Malvinas este 1 de abril&lt;\/p&gt;\n\" data-large-file=\"https:\/\/www.hoymercedes.com.ar\/principal\/wp-content\/uploads\/2025\/03\/Vigilia-1-1024x684.jpg\" src=\"https:\/\/www.hoymercedes.com.ar\/principal\/wp-content\/uploads\/2025\/03\/Vigilia-1-1024x684.jpg\" alt=\"\" class=\"wp-image-183630\" srcset=\"https:\/\/www.hoymercedes.com.ar\/principal\/wp-content\/uploads\/2025\/03\/Vigilia-1-1024x684.jpg 1024w, https:\/\/www.hoymercedes.com.ar\/principal\/wp-content\/uploads\/2025\/03\/Vigilia-1-630x421.jpg 630w, https:\/\/www.hoymercedes.com.ar\/principal\/wp-content\/uploads\/2025\/03\/Vigilia-1-150x100.jpg 150w, https:\/\/www.hoymercedes.com.ar\/principal\/wp-content\/uploads\/2025\/03\/Vigilia-1.jpg 1316w\" sizes=\"auto, (max-width: 1024px) 100vw, 1024px\" \/><\/figure>\n\n\n\n<p>El pr\u00f3ximo 1 de abril, en La Trocha, se llevar\u00e1 adelante la tradicional \u201cVigilia por Malvinas\u201d donde se rinde homenaje y reconocimiento a nuestros h\u00e9roes locales esperando el 2 de abril, D\u00eda del Veterano y de los Ca\u00eddos en la guerra de Malvinas. La propuesta tiene shows musicales, cantina solidaria y la entrada ser\u00e1 un alimento no perecedero para acciones solidarias por arte de nuest ros veteranos.<\/p>\n\n\n\n<p>Adem\u00e1s del acto, otra acci\u00f3n que se ha instalado en la agenda social y cultural de la ciudad es la Vigilia por Malvinas.<\/p>\n\n\n\n<p>El encuentro, realizado entre el <strong>Centro de Veteranos de Mercedes<\/strong>, <strong>Amigos Pe\u00f1eros<\/strong> y la <strong>Municipalidad<\/strong> se realizar\u00e1 en La Trocha el 1 de abril, siendo la previa al acto central del d\u00eda siguiente y con el esperado himno nacional a medianoche entonado por las y los presentes.<\/p>\n\n\n\n<p>Durante la noche, se podr\u00e1 disfrutar de Escuela de danzas folkl\u00f3ricas Nuestra Sra. de las Mercedes, La \u00faltima Junta, Los Chumis, Semilla Agreste, Santa Cecilia, Ay Nom\u00e1s, Ballet Municipal Estrella de Sur y Los L\u00f3pez Heredia.<\/p>\n\n\n\n<p>La entrada, como se dijo, es un alimento no perecedero con un sentido solidario.<\/p>\n","protected":false},"excerpt":{"rendered":"<p>El pr\u00f3ximo 1 de abril, en La Trocha, se llevar\u00e1 adelante la tradicional \u201cVigilia por Malvinas\u201d donde se rinde homenaje &#8230; <a title=\"Pe\u00f1a y vigilia por Malvinas este 1 de abril\" class=\"read-more\" href=\"https:\/\/www.hoymercedes.com.ar\/principal\/2025\/03\/30\/pena-y-vigilia-por-malvinas-este-1-de-abril\/\" aria-label=\"Leer m\u00e1s sobre Pe\u00f1a y vigilia por Malvinas este 1 de abril\">Leer m\u00e1s<\/a><\/p>\n","protected":false},"author":1,"featured_media":183630,"comment_status":"closed","ping_status":"open","sticky":false,"template":"","format":"standard","meta":{"_monsterinsights_skip_tracking":false,"_monsterinsights_sitenote_active":false,"_monsterinsights_sitenote_note":"","_monsterinsights_sitenote_category":0,"jetpack_post_was_ever_published":false,"_jetpack_newsletter_access":"","_jetpack_dont_email_post_to_subs":false,"_jetpack_newsletter_tier_id":0,"_jetpack_memberships_contains_paywalled_content":false,"_jetpack_memberships_contains_paid_content":false,"footnotes":"","jetpack_publicize_message":"","jetpack_publicize_feature_enabled":true,"jetpack_social_post_already_shared":true,"jetpack_social_options":{"image_generator_settings":{"template":"highway","default_image_id":0,"font":"","enabled":false},"version":2},"_wpas_customize_per_network":false},"categories":[8],"tags":[19353,20359],"class_list":["post-183629","post","type-post","status-publish","format-standard","has-post-thumbnail","hentry","category-sociedad","tag-veteranos-de-malvinas-mercedes","tag-vigilia-malvinas","generate-columns","tablet-grid-50","mobile-grid-100","grid-parent","grid-50"],"jetpack_publicize_connections":[],"jetpack_featured_media_url":"https:\/\/www.hoymercedes.com.ar\/principal\/wp-content\/uploads\/2025\/03\/Vigilia-1.jpg","wps_subtitle":"Encuentros y Memoria","jetpack_sharing_enabled":true,"_links":{"self":[{"href":"https:\/\/www.hoymercedes.com.ar\/principal\/wp-json\/wp\/v2\/posts\/183629","targetHints":{"allow":["GET"]}}],"collection":[{"href":"https:\/\/www.hoymercedes.com.ar\/principal\/wp-json\/wp\/v2\/posts"}],"about":[{"href":"https:\/\/www.hoymercedes.com.ar\/principal\/wp-json\/wp\/v2\/types\/post"}],"author":[{"embeddable":true,"href":"https:\/\/www.hoymercedes.com.ar\/principal\/wp-json\/wp\/v2\/users\/1"}],"replies":[{"embeddable":true,"href":"https:\/\/www.hoymercedes.com.ar\/principal\/wp-json\/wp\/v2\/comments?post=183629"}],"version-history":[{"count":2,"href":"https:\/\/www.hoymercedes.com.ar\/principal\/wp-json\/wp\/v2\/posts\/183629\/revisions"}],"predecessor-version":[{"id":183632,"href":"https:\/\/www.hoymercedes.com.ar\/principal\/wp-json\/wp\/v2\/posts\/183629\/revisions\/183632"}],"wp:featuredmedia":[{"embeddable":true,"href":"https:\/\/www.hoymercedes.com.ar\/principal\/wp-json\/wp\/v2\/media\/183630"}],"wp:attachment":[{"href":"https:\/\/www.hoymercedes.com.ar\/principal\/wp-json\/wp\/v2\/media?parent=183629"}],"wp:term":[{"taxonomy":"category","embeddable":true,"href":"https:\/\/www.hoymercedes.com.ar\/principal\/wp-json\/wp\/v2\/categories?post=183629"},{"taxonomy":"post_tag","embeddable":true,"href":"https:\/\/www.hoymercedes.com.ar\/principal\/wp-json\/wp\/v2\/tags?post=183629"}],"curies":[{"name":"wp","href":"https:\/\/api.w.org\/{rel}","templated":true}]}}