{"id":183633,"date":"2025-03-30T16:47:59","date_gmt":"2025-03-30T19:47:59","guid":{"rendered":"https:\/\/www.hoymercedes.com.ar\/principal\/?p=183633"},"modified":"2025-03-30T16:48:00","modified_gmt":"2025-03-30T19:48:00","slug":"causa-por-el-linchamiento-de-jeremias-sosa-familiares-exigen-justicia","status":"publish","type":"post","link":"https:\/\/www.hoymercedes.com.ar\/principal\/2025\/03\/30\/causa-por-el-linchamiento-de-jeremias-sosa-familiares-exigen-justicia\/","title":{"rendered":"Causa por el linchamiento de Jerem\u00edas Sosa: familiares exigen justicia"},"content":{"rendered":"\n<figure class=\"wp-block-image size-large\"><img loading=\"lazy\" decoding=\"async\" width=\"1024\" height=\"537\" data-attachment-id=\"183634\" data-permalink=\"https:\/\/www.hoymercedes.com.ar\/principal\/2025\/03\/30\/causa-por-el-linchamiento-de-jeremias-sosa-familiares-exigen-justicia\/justicia-sosa-elcivismo\/#main\" data-orig-file=\"https:\/\/www.hoymercedes.com.ar\/principal\/wp-content\/uploads\/2025\/03\/Justicia-Sosa-ElCivismo.jpg\" data-orig-size=\"1600,839\" data-comments-opened=\"0\" data-image-meta=\"{&quot;aperture&quot;:&quot;0&quot;,&quot;credit&quot;:&quot;&quot;,&quot;camera&quot;:&quot;&quot;,&quot;caption&quot;:&quot;&quot;,&quot;created_timestamp&quot;:&quot;0&quot;,&quot;copyright&quot;:&quot;&quot;,&quot;focal_length&quot;:&quot;0&quot;,&quot;iso&quot;:&quot;0&quot;,&quot;shutter_speed&quot;:&quot;0&quot;,&quot;title&quot;:&quot;&quot;,&quot;orientation&quot;:&quot;0&quot;}\" data-image-title=\"Demoras en la causa por el linchamiento de Jerem\u00edas Sosa: familiares exigen justicia\" data-image-description=\"&lt;p&gt;Demoras en la causa por el linchamiento de Jerem\u00edas Sosa: familiares exigen justicia&lt;\/p&gt;\n\" data-image-caption=\"&lt;p&gt;Demoras en la causa por el linchamiento de Jerem\u00edas Sosa: familiares exigen justicia&lt;\/p&gt;\n\" data-large-file=\"https:\/\/www.hoymercedes.com.ar\/principal\/wp-content\/uploads\/2025\/03\/Justicia-Sosa-ElCivismo-1024x537.jpg\" src=\"https:\/\/www.hoymercedes.com.ar\/principal\/wp-content\/uploads\/2025\/03\/Justicia-Sosa-ElCivismo-1024x537.jpg\" alt=\"\" class=\"wp-image-183634\" srcset=\"https:\/\/www.hoymercedes.com.ar\/principal\/wp-content\/uploads\/2025\/03\/Justicia-Sosa-ElCivismo-1024x537.jpg 1024w, https:\/\/www.hoymercedes.com.ar\/principal\/wp-content\/uploads\/2025\/03\/Justicia-Sosa-ElCivismo-630x330.jpg 630w, https:\/\/www.hoymercedes.com.ar\/principal\/wp-content\/uploads\/2025\/03\/Justicia-Sosa-ElCivismo-150x79.jpg 150w, https:\/\/www.hoymercedes.com.ar\/principal\/wp-content\/uploads\/2025\/03\/Justicia-Sosa-ElCivismo-1536x805.jpg 1536w, https:\/\/www.hoymercedes.com.ar\/principal\/wp-content\/uploads\/2025\/03\/Justicia-Sosa-ElCivismo.jpg 1600w\" sizes=\"auto, (max-width: 1024px) 100vw, 1024px\" \/><\/figure>\n\n\n\n<p>La investigaci\u00f3n sobre el linchamiento y asesinato del alba\u00f1il Jerem\u00edas Sosa, ocurrido el 22 de febrero en Olivera, avanza lentamente sostienen mientras elevan reclamos de justicia por parte de su familia y la comunidad.<\/p>\n\n\n\n<p>Este jueves, se llev\u00f3 a cabo una audiencia clave ante el Juez de Garant\u00edas N\u00b03 de Mercedes, <strong>Patricio Guillermo Arrieta<\/strong>. En ella, los abogados defensores de los tres detenidos solicitaron un cambio en la caratula de la causa, actualmente calificada como \u00abHomicidio agravado por alevos\u00eda\u00bb por la fiscal <strong>Mar\u00eda Laura Cordiviola.<\/strong><\/p>\n\n\n\n<p>Los letrados argumentan que la figura correcta ser\u00eda \u00abHomicidio por agresi\u00f3n\u00bb, ya que, seg\u00fan sostienen, no hubo premeditaci\u00f3n ni la indefensi\u00f3n total de la v\u00edctima. Adem\u00e1s, pidieron la excarcelaci\u00f3n y arresto domiciliario de los acusados. Ahora, el juez tiene cinco d\u00edas para decidir sobre estas solicitudes y determinar si se conceder\u00e1n las prisiones preventivas.<\/p>\n\n\n\n<p><strong>Reclamos y sospechas por la demora en la justicia<\/strong><\/p>\n\n\n\n<p>Mientras la causa no avanza como la familia entienden deber\u00eda ser, Los familiares y allegados de Sosa expresan su frustraci\u00f3n y creen deber\u00eda haber m\u00e1s detenidos. Uno de los principales reclamos es la captura de un hombre que sigue pr\u00f3fugo pese a tener un pedido de detenci\u00f3n. Tambi\u00e9n exigen la aprehensi\u00f3n de 1 mujer y 3 hombres mencionados en la causa. <\/p>\n\n\n\n<p>El malestar de la comunidad se hizo evidente en una marcha realizada el s\u00e1bado pasado, al cumplirse un mes del crimen. En redes sociales, los mensajes de indignaci\u00f3n no cesan.<\/p>\n\n\n\n<p><strong>Un pueblo dividido y en busca de respuestas<\/strong><\/p>\n\n\n\n<p>El caso ha generado una fuerte divisi\u00f3n en Olivera. Mientras algunos defienden a los detenidos y sostienen que no hay pruebas contundentes en su contra, otros exigen que el linchamiento de Jerem\u00edas Sosa sea castigado con el m\u00e1ximo rigor de la ley.<\/p>\n\n\n\n<p>La decisi\u00f3n del juez Arrieta en los pr\u00f3ximos d\u00edas ser\u00e1 clave para el futuro del proceso judicial. Mientras tanto, la comunidad sigue esperando respuestas y la familia de Sosa mantiene viva su lucha por justicia.<\/p>\n\n\n\n<p>Foto: El Civismo<\/p>\n","protected":false},"excerpt":{"rendered":"<p>La investigaci\u00f3n sobre el linchamiento y asesinato del alba\u00f1il Jerem\u00edas Sosa, ocurrido el 22 de febrero en Olivera, avanza lentamente &#8230; <a title=\"Causa por el linchamiento de Jerem\u00edas Sosa: familiares exigen justicia\" class=\"read-more\" href=\"https:\/\/www.hoymercedes.com.ar\/principal\/2025\/03\/30\/causa-por-el-linchamiento-de-jeremias-sosa-familiares-exigen-justicia\/\" aria-label=\"Leer m\u00e1s sobre Causa por el linchamiento de Jerem\u00edas Sosa: familiares exigen justicia\">Leer m\u00e1s<\/a><\/p>\n","protected":false},"author":1,"featured_media":183634,"comment_status":"closed","ping_status":"open","sticky":false,"template":"","format":"standard","meta":{"_monsterinsights_skip_tracking":false,"_monsterinsights_sitenote_active":false,"_monsterinsights_sitenote_note":"","_monsterinsights_sitenote_category":0,"jetpack_post_was_ever_published":false,"_jetpack_newsletter_access":"","_jetpack_dont_email_post_to_subs":false,"_jetpack_newsletter_tier_id":0,"_jetpack_memberships_contains_paywalled_content":false,"_jetpack_memberships_contains_paid_content":false,"footnotes":"","jetpack_publicize_message":"","jetpack_publicize_feature_enabled":true,"jetpack_social_post_already_shared":true,"jetpack_social_options":{"image_generator_settings":{"template":"highway","default_image_id":0,"font":"","enabled":false},"version":2},"_wpas_customize_per_network":false},"categories":[8],"tags":[],"class_list":["post-183633","post","type-post","status-publish","format-standard","has-post-thumbnail","hentry","category-sociedad","generate-columns","tablet-grid-50","mobile-grid-100","grid-parent","grid-50"],"jetpack_publicize_connections":[],"jetpack_featured_media_url":"https:\/\/www.hoymercedes.com.ar\/principal\/wp-content\/uploads\/2025\/03\/Justicia-Sosa-ElCivismo.jpg","wps_subtitle":"Pedido de justicia","jetpack_sharing_enabled":true,"_links":{"self":[{"href":"https:\/\/www.hoymercedes.com.ar\/principal\/wp-json\/wp\/v2\/posts\/183633","targetHints":{"allow":["GET"]}}],"collection":[{"href":"https:\/\/www.hoymercedes.com.ar\/principal\/wp-json\/wp\/v2\/posts"}],"about":[{"href":"https:\/\/www.hoymercedes.com.ar\/principal\/wp-json\/wp\/v2\/types\/post"}],"author":[{"embeddable":true,"href":"https:\/\/www.hoymercedes.com.ar\/principal\/wp-json\/wp\/v2\/users\/1"}],"replies":[{"embeddable":true,"href":"https:\/\/www.hoymercedes.com.ar\/principal\/wp-json\/wp\/v2\/comments?post=183633"}],"version-history":[{"count":2,"href":"https:\/\/www.hoymercedes.com.ar\/principal\/wp-json\/wp\/v2\/posts\/183633\/revisions"}],"predecessor-version":[{"id":183636,"href":"https:\/\/www.hoymercedes.com.ar\/principal\/wp-json\/wp\/v2\/posts\/183633\/revisions\/183636"}],"wp:featuredmedia":[{"embeddable":true,"href":"https:\/\/www.hoymercedes.com.ar\/principal\/wp-json\/wp\/v2\/media\/183634"}],"wp:attachment":[{"href":"https:\/\/www.hoymercedes.com.ar\/principal\/wp-json\/wp\/v2\/media?parent=183633"}],"wp:term":[{"taxonomy":"category","embeddable":true,"href":"https:\/\/www.hoymercedes.com.ar\/principal\/wp-json\/wp\/v2\/categories?post=183633"},{"taxonomy":"post_tag","embeddable":true,"href":"https:\/\/www.hoymercedes.com.ar\/principal\/wp-json\/wp\/v2\/tags?post=183633"}],"curies":[{"name":"wp","href":"https:\/\/api.w.org\/{rel}","templated":true}]}}