{"id":183637,"date":"2025-03-30T18:21:27","date_gmt":"2025-03-30T21:21:27","guid":{"rendered":"https:\/\/www.hoymercedes.com.ar\/principal\/?p=183637"},"modified":"2025-03-30T18:21:29","modified_gmt":"2025-03-30T21:21:29","slug":"ex-concejal-propone-completar-la-calle-29-entre-114-y-120","status":"publish","type":"post","link":"https:\/\/www.hoymercedes.com.ar\/principal\/2025\/03\/30\/ex-concejal-propone-completar-la-calle-29-entre-114-y-120\/","title":{"rendered":"Ex Concejal propone completar la calle 29 entre 114 y 120"},"content":{"rendered":"\n<p>D\u00edas atr\u00e1s el Concejal Mandato Cumplido Carlos Mosso present\u00f3 como \u00abPetici\u00f3n Particular\u00bb un proyecto ante el Concejo Deliberante para construir una alcantarilla sobre un arroyo y completar el tramo de la calle 29 entre las calles 120 y 114.<\/p>\n\n\n\n<p>En la carta dirigida a la presidenta del HCD Mariana San Mart\u00edn y al cuerpo legislativo, Mosso explica que la obra mejorar\u00eda la circulaci\u00f3n, el acceso a servicios esenciales y la seguridad en los barrios de la zona. En su misiva, expone que la calle est\u00e1 interrumpida debido al arroyo, que se encuentra en estado de abandono y causa problemas a los vecinos.<\/p>\n\n\n\n<p>\u00abEntiendo que por las dimensiones de dicho arroyito, con una econ\u00f3mica inversi\u00f3n municipal se puede construir una alcantarilla preparada para tr\u00e1nsito pesado con un desmalezamiento y apertura de calle con dimensiones reglamentarias\u00bb, expone en la carta presentada ante el HCD.<\/p>\n\n\n\n<p>A la hora de explicitar los argumentos para que se lleve a cabo la obra, Mosso, explica que la realizaci\u00f3n de la 29 entre 114 y 120 y la construcci\u00f3n de la alcantarilla para el arroyo \u00abmejorar\u00eda la circulaci\u00f3n vial\u00bb, favorece a los vecinos en el acceso a los servicios cercanos como instituciones educativas y comercios, as\u00ed como proyectos para ampliar la red de agua corriente y cloacas. <\/p>\n\n\n\n<p>\u00abLa apertura de una calle nueva tiende a mejorar la seguridad vial en el barrio, ya que permitir\u00eda una mejor distribuci\u00f3n del tr\u00e1fico y reducir\u00eda la velocidad de los veh\u00edculos en las calles existentes. Adem\u00e1s, aumentar\u00eda el valor de las propiedades en el barrio y en el crecimiento poblacional de los nuevos barrios de la zona. La calle nueva podr\u00eda atraer nuevos negocios y comercios al barrio, lo que generar\u00eda empleo y estimulo al desarrollo econ\u00f3mico local\u00bb, resumi\u00f3 Mosso ante la presentaci\u00f3n de la petici\u00f3n particular enviada al HCD.<\/p>\n\n\n<div class=\"wp-block-image\">\n<figure class=\"aligncenter size-full\"><img loading=\"lazy\" decoding=\"async\" width=\"800\" height=\"819\" data-attachment-id=\"183642\" data-permalink=\"https:\/\/www.hoymercedes.com.ar\/principal\/2025\/03\/30\/ex-concejal-propone-completar-la-calle-29-entre-114-y-120\/29-mosso\/#main\" data-orig-file=\"https:\/\/www.hoymercedes.com.ar\/principal\/wp-content\/uploads\/2025\/03\/29-mosso.jpg\" data-orig-size=\"800,819\" data-comments-opened=\"0\" data-image-meta=\"{&quot;aperture&quot;:&quot;0&quot;,&quot;credit&quot;:&quot;&quot;,&quot;camera&quot;:&quot;&quot;,&quot;caption&quot;:&quot;&quot;,&quot;created_timestamp&quot;:&quot;0&quot;,&quot;copyright&quot;:&quot;&quot;,&quot;focal_length&quot;:&quot;0&quot;,&quot;iso&quot;:&quot;0&quot;,&quot;shutter_speed&quot;:&quot;0&quot;,&quot;title&quot;:&quot;&quot;,&quot;orientation&quot;:&quot;0&quot;}\" data-image-title=\"29 mosso\" data-image-description=\"\" data-image-caption=\"\" data-large-file=\"https:\/\/www.hoymercedes.com.ar\/principal\/wp-content\/uploads\/2025\/03\/29-mosso.jpg\" src=\"https:\/\/www.hoymercedes.com.ar\/principal\/wp-content\/uploads\/2025\/03\/29-mosso.jpg\" alt=\"\" class=\"wp-image-183642\" srcset=\"https:\/\/www.hoymercedes.com.ar\/principal\/wp-content\/uploads\/2025\/03\/29-mosso.jpg 800w, https:\/\/www.hoymercedes.com.ar\/principal\/wp-content\/uploads\/2025\/03\/29-mosso-606x620.jpg 606w, https:\/\/www.hoymercedes.com.ar\/principal\/wp-content\/uploads\/2025\/03\/29-mosso-147x150.jpg 147w\" sizes=\"auto, (max-width: 800px) 100vw, 800px\" \/><\/figure>\n<\/div>\n\n\n<p><\/p>\n","protected":false},"excerpt":{"rendered":"<p>D\u00edas atr\u00e1s el Concejal Mandato Cumplido Carlos Mosso present\u00f3 como \u00abPetici\u00f3n Particular\u00bb un proyecto ante el Concejo Deliberante para construir &#8230; <a title=\"Ex Concejal propone completar la calle 29 entre 114 y 120\" class=\"read-more\" href=\"https:\/\/www.hoymercedes.com.ar\/principal\/2025\/03\/30\/ex-concejal-propone-completar-la-calle-29-entre-114-y-120\/\" aria-label=\"Leer m\u00e1s sobre Ex Concejal propone completar la calle 29 entre 114 y 120\">Leer m\u00e1s<\/a><\/p>\n","protected":false},"author":1,"featured_media":183642,"comment_status":"closed","ping_status":"open","sticky":false,"template":"","format":"standard","meta":{"_monsterinsights_skip_tracking":false,"_monsterinsights_sitenote_active":false,"_monsterinsights_sitenote_note":"","_monsterinsights_sitenote_category":0,"jetpack_post_was_ever_published":false,"_jetpack_newsletter_access":"","_jetpack_dont_email_post_to_subs":false,"_jetpack_newsletter_tier_id":0,"_jetpack_memberships_contains_paywalled_content":false,"_jetpack_memberships_contains_paid_content":false,"footnotes":"","jetpack_publicize_message":"","jetpack_publicize_feature_enabled":true,"jetpack_social_post_already_shared":true,"jetpack_social_options":{"image_generator_settings":{"template":"highway","default_image_id":0,"font":"","enabled":false},"version":2},"_wpas_customize_per_network":false},"categories":[8],"tags":[],"class_list":["post-183637","post","type-post","status-publish","format-standard","has-post-thumbnail","hentry","category-sociedad","generate-columns","tablet-grid-50","mobile-grid-100","grid-parent","grid-50"],"jetpack_publicize_connections":[],"jetpack_featured_media_url":"https:\/\/www.hoymercedes.com.ar\/principal\/wp-content\/uploads\/2025\/03\/29-mosso.jpg","wps_subtitle":"","jetpack_sharing_enabled":true,"_links":{"self":[{"href":"https:\/\/www.hoymercedes.com.ar\/principal\/wp-json\/wp\/v2\/posts\/183637","targetHints":{"allow":["GET"]}}],"collection":[{"href":"https:\/\/www.hoymercedes.com.ar\/principal\/wp-json\/wp\/v2\/posts"}],"about":[{"href":"https:\/\/www.hoymercedes.com.ar\/principal\/wp-json\/wp\/v2\/types\/post"}],"author":[{"embeddable":true,"href":"https:\/\/www.hoymercedes.com.ar\/principal\/wp-json\/wp\/v2\/users\/1"}],"replies":[{"embeddable":true,"href":"https:\/\/www.hoymercedes.com.ar\/principal\/wp-json\/wp\/v2\/comments?post=183637"}],"version-history":[{"count":3,"href":"https:\/\/www.hoymercedes.com.ar\/principal\/wp-json\/wp\/v2\/posts\/183637\/revisions"}],"predecessor-version":[{"id":183643,"href":"https:\/\/www.hoymercedes.com.ar\/principal\/wp-json\/wp\/v2\/posts\/183637\/revisions\/183643"}],"wp:featuredmedia":[{"embeddable":true,"href":"https:\/\/www.hoymercedes.com.ar\/principal\/wp-json\/wp\/v2\/media\/183642"}],"wp:attachment":[{"href":"https:\/\/www.hoymercedes.com.ar\/principal\/wp-json\/wp\/v2\/media?parent=183637"}],"wp:term":[{"taxonomy":"category","embeddable":true,"href":"https:\/\/www.hoymercedes.com.ar\/principal\/wp-json\/wp\/v2\/categories?post=183637"},{"taxonomy":"post_tag","embeddable":true,"href":"https:\/\/www.hoymercedes.com.ar\/principal\/wp-json\/wp\/v2\/tags?post=183637"}],"curies":[{"name":"wp","href":"https:\/\/api.w.org\/{rel}","templated":true}]}}