{"id":183653,"date":"2025-03-31T19:41:59","date_gmt":"2025-03-31T22:41:59","guid":{"rendered":"https:\/\/www.hoymercedes.com.ar\/principal\/?p=183653"},"modified":"2025-03-31T19:42:01","modified_gmt":"2025-03-31T22:42:01","slug":"desinversion-en-ferrocarriles-y-un-pedido-que-no-tuvo-respuesta","status":"publish","type":"post","link":"https:\/\/www.hoymercedes.com.ar\/principal\/2025\/03\/31\/desinversion-en-ferrocarriles-y-un-pedido-que-no-tuvo-respuesta\/","title":{"rendered":"Desinversi\u00f3n en Ferrocarriles y un pedido que no tuvo respuesta"},"content":{"rendered":"\n<p>En la \u00faltima semana hubo dos siniestro con trenes. Sobre uno de ellos hace poco el Concejo Deliberante a trav\u00e9s de un pedido de <strong>Uni\u00f3n por la Patria<\/strong> y <strong>UCR<\/strong> hab\u00edan solicitado el corte de pasto en los paso a nivel. La situaci\u00f3n se agrava por la falta de inversi\u00f3n<\/p>\n\n\n\n<p>El concejal <strong>Juli\u00e1n Inzaurgarat<\/strong> impuls\u00f3, en continuidad de una propuesta tambi\u00e9n de la UCR, el pedido a Trenes Argentinos para desmalezar los pasos a nivel.<\/p>\n\n\n\n<p>\u201cCon el diario del lunes\u201d, como se dice, todos podemos opinar, pero la realidad es que en una semana se vio el descarrilamiento de un tren con m\u00e1s de medio centenar de pasajeros por falta de mantenimiento de v\u00edas y luego el conocido y doloroso siniestro que se llev\u00f3 la vida de una joven vecina de la ciudad y otra pelea por la suya en el Hospital Dubarry y su excelente equipo m\u00e9dico.<\/p>\n\n\n\n<p>\u201cHasta antes de asumir el actual gobierno nacional exist\u00eda una cuadrilla de mantenimiento de paso niveles\u201d cont\u00f3 un operario de la l\u00ednea Sarmiento en una radio local durante la ma\u00f1ana. Tambi\u00e9n se supo que exist\u00eda una segunda cuadrilla de refuerzo conformada por integrantes poseedores del plan ProgresAR que tambi\u00e9n dio de baja Naci\u00f3n.<\/p>\n\n\n\n<p>El tema fue tratado en el Concejo Deliberante en la comisi\u00f3n de Seguridad y Tr\u00e1nsito, pero a pesar de contar con integrantes de la Libertad Avanza nada se supo de parte de Trenes Argentino.<\/p>\n","protected":false},"excerpt":{"rendered":"<p>En la \u00faltima semana hubo dos siniestro con trenes. Sobre uno de ellos hace poco el Concejo Deliberante a trav\u00e9s &#8230; <a title=\"Desinversi\u00f3n en Ferrocarriles y un pedido que no tuvo respuesta\" class=\"read-more\" href=\"https:\/\/www.hoymercedes.com.ar\/principal\/2025\/03\/31\/desinversion-en-ferrocarriles-y-un-pedido-que-no-tuvo-respuesta\/\" aria-label=\"Leer m\u00e1s sobre Desinversi\u00f3n en Ferrocarriles y un pedido que no tuvo respuesta\">Leer m\u00e1s<\/a><\/p>\n","protected":false},"author":1,"featured_media":183568,"comment_status":"closed","ping_status":"open","sticky":false,"template":"","format":"standard","meta":{"_monsterinsights_skip_tracking":false,"_monsterinsights_sitenote_active":false,"_monsterinsights_sitenote_note":"","_monsterinsights_sitenote_category":0,"jetpack_post_was_ever_published":false,"_jetpack_newsletter_access":"","_jetpack_dont_email_post_to_subs":false,"_jetpack_newsletter_tier_id":0,"_jetpack_memberships_contains_paywalled_content":false,"_jetpack_memberships_contains_paid_content":false,"footnotes":"","jetpack_publicize_message":"","jetpack_publicize_feature_enabled":true,"jetpack_social_post_already_shared":true,"jetpack_social_options":{"image_generator_settings":{"template":"highway","default_image_id":0,"font":"","enabled":false},"version":2},"_wpas_customize_per_network":false},"categories":[8],"tags":[],"class_list":["post-183653","post","type-post","status-publish","format-standard","has-post-thumbnail","hentry","category-sociedad","generate-columns","tablet-grid-50","mobile-grid-100","grid-parent","grid-50"],"jetpack_publicize_connections":[],"jetpack_featured_media_url":"https:\/\/www.hoymercedes.com.ar\/principal\/wp-content\/uploads\/2025\/03\/Tren-Descarrilado.jpg","wps_subtitle":"Graves consecuencias","jetpack_sharing_enabled":true,"_links":{"self":[{"href":"https:\/\/www.hoymercedes.com.ar\/principal\/wp-json\/wp\/v2\/posts\/183653","targetHints":{"allow":["GET"]}}],"collection":[{"href":"https:\/\/www.hoymercedes.com.ar\/principal\/wp-json\/wp\/v2\/posts"}],"about":[{"href":"https:\/\/www.hoymercedes.com.ar\/principal\/wp-json\/wp\/v2\/types\/post"}],"author":[{"embeddable":true,"href":"https:\/\/www.hoymercedes.com.ar\/principal\/wp-json\/wp\/v2\/users\/1"}],"replies":[{"embeddable":true,"href":"https:\/\/www.hoymercedes.com.ar\/principal\/wp-json\/wp\/v2\/comments?post=183653"}],"version-history":[{"count":2,"href":"https:\/\/www.hoymercedes.com.ar\/principal\/wp-json\/wp\/v2\/posts\/183653\/revisions"}],"predecessor-version":[{"id":183655,"href":"https:\/\/www.hoymercedes.com.ar\/principal\/wp-json\/wp\/v2\/posts\/183653\/revisions\/183655"}],"wp:featuredmedia":[{"embeddable":true,"href":"https:\/\/www.hoymercedes.com.ar\/principal\/wp-json\/wp\/v2\/media\/183568"}],"wp:attachment":[{"href":"https:\/\/www.hoymercedes.com.ar\/principal\/wp-json\/wp\/v2\/media?parent=183653"}],"wp:term":[{"taxonomy":"category","embeddable":true,"href":"https:\/\/www.hoymercedes.com.ar\/principal\/wp-json\/wp\/v2\/categories?post=183653"},{"taxonomy":"post_tag","embeddable":true,"href":"https:\/\/www.hoymercedes.com.ar\/principal\/wp-json\/wp\/v2\/tags?post=183653"}],"curies":[{"name":"wp","href":"https:\/\/api.w.org\/{rel}","templated":true}]}}