{"id":183662,"date":"2025-03-31T23:12:51","date_gmt":"2025-04-01T02:12:51","guid":{"rendered":"https:\/\/www.hoymercedes.com.ar\/principal\/?p=183662"},"modified":"2025-04-01T18:22:39","modified_gmt":"2025-04-01T21:22:39","slug":"homenaje-y-nombramiento-del-aula-universitaria-como-francisco-pancho-heredia","status":"publish","type":"post","link":"https:\/\/www.hoymercedes.com.ar\/principal\/2025\/03\/31\/homenaje-y-nombramiento-del-aula-universitaria-como-francisco-pancho-heredia\/","title":{"rendered":"Homenaje y nombramiento del Aula Universitaria como Francisco \u201cPancho\u201d Heredia"},"content":{"rendered":"\n<figure class=\"wp-block-image size-large\"><img loading=\"lazy\" decoding=\"async\" width=\"1024\" height=\"682\" data-attachment-id=\"183663\" data-permalink=\"https:\/\/www.hoymercedes.com.ar\/principal\/2025\/03\/31\/homenaje-y-nombramiento-del-aula-universitaria-como-francisco-pancho-heredia\/placa-heredia\/#main\" data-orig-file=\"https:\/\/www.hoymercedes.com.ar\/principal\/wp-content\/uploads\/2025\/03\/Placa-Heredia.jpg\" data-orig-size=\"1319,879\" data-comments-opened=\"0\" data-image-meta=\"{&quot;aperture&quot;:&quot;0&quot;,&quot;credit&quot;:&quot;&quot;,&quot;camera&quot;:&quot;&quot;,&quot;caption&quot;:&quot;&quot;,&quot;created_timestamp&quot;:&quot;0&quot;,&quot;copyright&quot;:&quot;&quot;,&quot;focal_length&quot;:&quot;0&quot;,&quot;iso&quot;:&quot;0&quot;,&quot;shutter_speed&quot;:&quot;0&quot;,&quot;title&quot;:&quot;&quot;,&quot;orientation&quot;:&quot;0&quot;}\" data-image-title=\"Placa-Heredia\" data-image-description=\"\" data-image-caption=\"\" data-large-file=\"https:\/\/www.hoymercedes.com.ar\/principal\/wp-content\/uploads\/2025\/03\/Placa-Heredia-1024x682.jpg\" src=\"https:\/\/www.hoymercedes.com.ar\/principal\/wp-content\/uploads\/2025\/03\/Placa-Heredia-1024x682.jpg\" alt=\"\" class=\"wp-image-183663\" srcset=\"https:\/\/www.hoymercedes.com.ar\/principal\/wp-content\/uploads\/2025\/03\/Placa-Heredia-1024x682.jpg 1024w, https:\/\/www.hoymercedes.com.ar\/principal\/wp-content\/uploads\/2025\/03\/Placa-Heredia-630x420.jpg 630w, https:\/\/www.hoymercedes.com.ar\/principal\/wp-content\/uploads\/2025\/03\/Placa-Heredia-150x100.jpg 150w, https:\/\/www.hoymercedes.com.ar\/principal\/wp-content\/uploads\/2025\/03\/Placa-Heredia-700x465.jpg 700w, https:\/\/www.hoymercedes.com.ar\/principal\/wp-content\/uploads\/2025\/03\/Placa-Heredia.jpg 1319w\" sizes=\"auto, (max-width: 1024px) 100vw, 1024px\" \/><\/figure>\n\n\n\n<p>En el marco de la semana de la Memoria se concret\u00f3 la colocaci\u00f3n del nombre al aula universitaria de inform\u00e1tica como&nbsp;<strong>\u201cFrancisco \u2018Pancho\u2019 Heredia<\/strong>\u201d. El acto cont\u00f3 con una amplia presencia. Estuvo cargado de emoci\u00f3n, homenaje, respeto y memoria.<\/p>\n\n\n\n<p><strong>Bienvenida<\/strong><\/p>\n\n\n\n<p><strong>Mara Quiroga,<\/strong>&nbsp;responsable de la coordinaci\u00f3n Derechos Humanos inici\u00f3 la actividad haciendo un repaso por la vida, lucha e historia de&nbsp;<strong>Francisco \u201cPancho\u201d Heredia<\/strong>. Coment\u00f3 que \u201cnos reunimos en este acto de memoria, de justicia, de compromiso. Hoy vamos a nombrar el aula de inform\u00e1tica, un aula universitaria donde concurren muchos estudiantes que vienen ac\u00e1 al Centro Universitario, que nos eligen. Hoy le vamos a poner a nuestra aula el nombre de Francisco Manuel Pancho Heredia, detenido y desaparecido el 9 de noviembre de 1976 a los 22 a\u00f1os\u201d<\/p>\n\n\n\n<p>\u201cFrancisco era un joven universitario, estudiante de psicolog\u00eda de la Universidad de Buenos Aires, un joven, un marcedino, comprometido con sus ideales, cre\u00eda en una sociedad m\u00e1s justa, m\u00e1s igualitaria, y le toc\u00f3 luchar en una de las \u00e9pocas, y en esto van a coincidir conmigo, en la \u00e9poca m\u00e1s oscura de la historia argentina, donde miles de v\u00edctimas, 30.000, han desaparecido, han sido asesinados, han sido secuestrados, y hoy los seguimos buscando\u201d<\/p>\n\n\n\n<figure class=\"wp-block-image size-large\"><img loading=\"lazy\" decoding=\"async\" width=\"1024\" height=\"769\" data-attachment-id=\"183664\" data-permalink=\"https:\/\/www.hoymercedes.com.ar\/principal\/2025\/03\/31\/homenaje-y-nombramiento-del-aula-universitaria-como-francisco-pancho-heredia\/marceloheredia\/#main\" data-orig-file=\"https:\/\/www.hoymercedes.com.ar\/principal\/wp-content\/uploads\/2025\/03\/MarceloHeredia.jpg\" data-orig-size=\"1171,879\" data-comments-opened=\"0\" data-image-meta=\"{&quot;aperture&quot;:&quot;0&quot;,&quot;credit&quot;:&quot;&quot;,&quot;camera&quot;:&quot;&quot;,&quot;caption&quot;:&quot;&quot;,&quot;created_timestamp&quot;:&quot;0&quot;,&quot;copyright&quot;:&quot;&quot;,&quot;focal_length&quot;:&quot;0&quot;,&quot;iso&quot;:&quot;0&quot;,&quot;shutter_speed&quot;:&quot;0&quot;,&quot;title&quot;:&quot;&quot;,&quot;orientation&quot;:&quot;0&quot;}\" data-image-title=\"MarceloHeredia\" data-image-description=\"\" data-image-caption=\"\" data-large-file=\"https:\/\/www.hoymercedes.com.ar\/principal\/wp-content\/uploads\/2025\/03\/MarceloHeredia-1024x769.jpg\" src=\"https:\/\/www.hoymercedes.com.ar\/principal\/wp-content\/uploads\/2025\/03\/MarceloHeredia-1024x769.jpg\" alt=\"\" class=\"wp-image-183664\" srcset=\"https:\/\/www.hoymercedes.com.ar\/principal\/wp-content\/uploads\/2025\/03\/MarceloHeredia-1024x769.jpg 1024w, https:\/\/www.hoymercedes.com.ar\/principal\/wp-content\/uploads\/2025\/03\/MarceloHeredia-630x473.jpg 630w, https:\/\/www.hoymercedes.com.ar\/principal\/wp-content\/uploads\/2025\/03\/MarceloHeredia-150x113.jpg 150w, https:\/\/www.hoymercedes.com.ar\/principal\/wp-content\/uploads\/2025\/03\/MarceloHeredia.jpg 1171w\" sizes=\"auto, (max-width: 1024px) 100vw, 1024px\" \/><\/figure>\n\n\n\n<p>\u201cFrancisco Manuel Pancho Heredia era un joven que percibi\u00f3 sus ideales y que hoy los seguimos recordando, porque estar hoy presentes en este nombramiento, en este espacio de conocimiento, de formaci\u00f3n, no solo es un homenaje a \u00e9l, sino tambi\u00e9n a la reafirmaci\u00f3n que la educaci\u00f3n y la memoria caminan juntas\u201d<\/p>\n\n\n\n<p><strong>Familia<\/strong><\/p>\n\n\n\n<p>Por parte de la familia tom\u00f3 la palabra su hermano, Marcelo Heredia, qui\u00e9n expres\u00f3 \u201cme siento conmovido por este homenaje que hacen a mi hermano Francisco Manuel Heredia. A Pancho lo conoci\u00f3 a todo el mundo. Estudi\u00f3 ac\u00e1 en Mercedes, hizo la primaria, la secundaria y luego se fue a Buenos Aires, yo ya estaba adelantado en mis estudios de psicolog\u00eda y adem\u00e1s trabajaba, trabajaba en la caja de jubilaciones del Banco de la Provincia de Buenos Aires y militaba en la zona de La Boca y Barracas, en la zona sur de la ciudad de Buenos Aires. \u00c9l formaba parte de aquella maravillosa juventud, la juventud peronista, se inici\u00f3 ac\u00e1 en la casa de la juventud, junto con un grupo de amigos, muchachos, muchos de ellos tambi\u00e9n corrieron la misma suerte que mi hermano. \u00c9l fue hecho desaparecer forzadamente el 9 de noviembre de 1976 en las inmediaciones de la avenida Entre R\u00edos, en dependencia, en una cita se ten\u00eda que encontrar con otro compa\u00f1ero\u201d puntualiz\u00f3 el&nbsp;<strong>Dr. Marcelo Heredia.<\/strong><\/p>\n\n\n\n<p>Dio luego muchos m\u00e1s detalles del operativo de secuestro y desaparici\u00f3n, como as\u00ed tambi\u00e9n de las actividades solidarias de su hermano. \u201cEn esta historia, el sufrimiento de mis padres fue tremendo, el sufrimiento de todos y sobre todo en aquella \u00e9poca la estigmatizaci\u00f3n. Es el hermano de, es el hijo de, fue terrible la \u00e9poca que nos toc\u00f3 vivir y en esa \u00e9poca tambi\u00e9n ocurrieron hechos grav\u00edsimos en todas las zonas\u201d mencion\u00f3 entre otros conceptos.<\/p>\n\n\n\n<p><strong>Reconocimiento<\/strong><\/p>\n\n\n\n<p>Por su parte el intendente&nbsp;<strong>Juani Ustarroz<\/strong>&nbsp;destac\u00f3 que \u201cque lleve el nombre de Pancho Heredia un aula que defiende la educaci\u00f3n p\u00fablica, que trata de promover futuros profesionales, personas que se forman para contribuir a forjar una patria distinta, es un reconocimiento a la bandera de la memoria, la verdad y la justicia, que siempre los familiares enarbolaron en tiempos dif\u00edciles como fueron los 90, los 80 y como es ahora\u201d mencion\u00f3.<\/p>\n\n\n\n<p>Tambi\u00e9n agradeci\u00f3 a la gran concurrencia, por el apoyo, la conciencia, el compromiso y apoyar estas acciones.<\/p>\n\n\n\n<p>\u201cTodas y todos los que estamos ac\u00e1 tenemos la certeza, tenemos la convicci\u00f3n, tenemos la claridad que en ellos tenemos la fortaleza para encarar lo que haya que encarar, para enfrentar estas nuevas adversidades y poder construir un pa\u00eds justo, libre, soberano como so\u00f1aron nuestros queridos compa\u00f1eros desaparecidos\u201d y \u201cgracias, nuevamente, a todas y todos por la presencia en este d\u00eda tan importante.<\/p>\n\n\n\n<p><strong>Presencia<\/strong><\/p>\n\n\n\n<p>Hubo una gran cantidad de asistentes, como el rector de la Universidad Nacional de Luj\u00e1n, Lic.&nbsp;<strong>Walter Panessi,<\/strong>&nbsp;la presidenta del Concejo Deliberante,&nbsp;<strong>Mariana San Mart\u00edn<\/strong>, funcionarios municipales, estudiantes universitarios e integrantes de la Comisi\u00f3n de Familiares y Amigos de Detenidos, Desaparecidos y Asesinados de Mercedes.<\/p>\n","protected":false},"excerpt":{"rendered":"<p>En el marco de la semana de la Memoria se concret\u00f3 la colocaci\u00f3n del nombre al aula universitaria de inform\u00e1tica &#8230; <a title=\"Homenaje y nombramiento del Aula Universitaria como Francisco \u201cPancho\u201d Heredia\" class=\"read-more\" href=\"https:\/\/www.hoymercedes.com.ar\/principal\/2025\/03\/31\/homenaje-y-nombramiento-del-aula-universitaria-como-francisco-pancho-heredia\/\" aria-label=\"Leer m\u00e1s sobre Homenaje y nombramiento del Aula Universitaria como Francisco \u201cPancho\u201d Heredia\">Leer m\u00e1s<\/a><\/p>\n","protected":false},"author":1,"featured_media":183663,"comment_status":"closed","ping_status":"open","sticky":false,"template":"","format":"standard","meta":{"_monsterinsights_skip_tracking":false,"_monsterinsights_sitenote_active":false,"_monsterinsights_sitenote_note":"","_monsterinsights_sitenote_category":0,"jetpack_post_was_ever_published":false,"_jetpack_newsletter_access":"","_jetpack_dont_email_post_to_subs":false,"_jetpack_newsletter_tier_id":0,"_jetpack_memberships_contains_paywalled_content":false,"_jetpack_memberships_contains_paid_content":false,"footnotes":"","jetpack_publicize_message":"","jetpack_publicize_feature_enabled":true,"jetpack_social_post_already_shared":true,"jetpack_social_options":{"image_generator_settings":{"template":"highway","default_image_id":0,"font":"","enabled":false},"version":2},"_wpas_customize_per_network":false},"categories":[8],"tags":[],"class_list":["post-183662","post","type-post","status-publish","format-standard","has-post-thumbnail","hentry","category-sociedad","generate-columns","tablet-grid-50","mobile-grid-100","grid-parent","grid-50"],"jetpack_publicize_connections":[],"jetpack_featured_media_url":"https:\/\/www.hoymercedes.com.ar\/principal\/wp-content\/uploads\/2025\/03\/Placa-Heredia.jpg","wps_subtitle":"","jetpack_sharing_enabled":true,"_links":{"self":[{"href":"https:\/\/www.hoymercedes.com.ar\/principal\/wp-json\/wp\/v2\/posts\/183662","targetHints":{"allow":["GET"]}}],"collection":[{"href":"https:\/\/www.hoymercedes.com.ar\/principal\/wp-json\/wp\/v2\/posts"}],"about":[{"href":"https:\/\/www.hoymercedes.com.ar\/principal\/wp-json\/wp\/v2\/types\/post"}],"author":[{"embeddable":true,"href":"https:\/\/www.hoymercedes.com.ar\/principal\/wp-json\/wp\/v2\/users\/1"}],"replies":[{"embeddable":true,"href":"https:\/\/www.hoymercedes.com.ar\/principal\/wp-json\/wp\/v2\/comments?post=183662"}],"version-history":[{"count":1,"href":"https:\/\/www.hoymercedes.com.ar\/principal\/wp-json\/wp\/v2\/posts\/183662\/revisions"}],"predecessor-version":[{"id":183665,"href":"https:\/\/www.hoymercedes.com.ar\/principal\/wp-json\/wp\/v2\/posts\/183662\/revisions\/183665"}],"wp:featuredmedia":[{"embeddable":true,"href":"https:\/\/www.hoymercedes.com.ar\/principal\/wp-json\/wp\/v2\/media\/183663"}],"wp:attachment":[{"href":"https:\/\/www.hoymercedes.com.ar\/principal\/wp-json\/wp\/v2\/media?parent=183662"}],"wp:term":[{"taxonomy":"category","embeddable":true,"href":"https:\/\/www.hoymercedes.com.ar\/principal\/wp-json\/wp\/v2\/categories?post=183662"},{"taxonomy":"post_tag","embeddable":true,"href":"https:\/\/www.hoymercedes.com.ar\/principal\/wp-json\/wp\/v2\/tags?post=183662"}],"curies":[{"name":"wp","href":"https:\/\/api.w.org\/{rel}","templated":true}]}}