{"id":183689,"date":"2025-04-01T20:31:41","date_gmt":"2025-04-01T23:31:41","guid":{"rendered":"https:\/\/www.hoymercedes.com.ar\/principal\/?p=183689"},"modified":"2025-04-01T20:31:44","modified_gmt":"2025-04-01T23:31:44","slug":"taller-sobre-diabetes-capacitacion-gratuita-para-profesionales","status":"publish","type":"post","link":"https:\/\/www.hoymercedes.com.ar\/principal\/2025\/04\/01\/taller-sobre-diabetes-capacitacion-gratuita-para-profesionales\/","title":{"rendered":"Taller sobre diabetes: Capacitaci\u00f3n gratuita para profesionales"},"content":{"rendered":"\n<p>El s\u00e1bado 26 de abril de 9 a 12 hs se llevar\u00e1 a cabo en la Asociaci\u00f3n M\u00e9dica de Mercedes (Calle 27 N\u00b0 733) un Taller Interactivo sobre Diabetes destinado a equipos de salud de la regi\u00f3n. La actividad es organizada por ATLANSAD, el Comit\u00e9 de Pie Diab\u00e9tico SAD y la Asociaci\u00f3n M\u00e9dica de Mercedes.<\/p>\n\n\n<div class=\"wp-block-image\">\n<figure class=\"aligncenter size-large\"><img loading=\"lazy\" decoding=\"async\" width=\"724\" height=\"1024\" data-attachment-id=\"183690\" data-permalink=\"https:\/\/www.hoymercedes.com.ar\/principal\/2025\/04\/01\/taller-sobre-diabetes-capacitacion-gratuita-para-profesionales\/taller-diabetes\/#main\" data-orig-file=\"https:\/\/www.hoymercedes.com.ar\/principal\/wp-content\/uploads\/2025\/04\/TALLER-DIABETES-scaled.jpg\" data-orig-size=\"1810,2560\" data-comments-opened=\"0\" data-image-meta=\"{&quot;aperture&quot;:&quot;0&quot;,&quot;credit&quot;:&quot;&quot;,&quot;camera&quot;:&quot;&quot;,&quot;caption&quot;:&quot;&quot;,&quot;created_timestamp&quot;:&quot;0&quot;,&quot;copyright&quot;:&quot;&quot;,&quot;focal_length&quot;:&quot;0&quot;,&quot;iso&quot;:&quot;0&quot;,&quot;shutter_speed&quot;:&quot;0&quot;,&quot;title&quot;:&quot;&quot;,&quot;orientation&quot;:&quot;1&quot;}\" data-image-title=\"TALLER DIABETES\" data-image-description=\"\" data-image-caption=\"\" data-large-file=\"https:\/\/www.hoymercedes.com.ar\/principal\/wp-content\/uploads\/2025\/04\/TALLER-DIABETES-724x1024.jpg\" src=\"https:\/\/www.hoymercedes.com.ar\/principal\/wp-content\/uploads\/2025\/04\/TALLER-DIABETES-724x1024.jpg\" alt=\"\" class=\"wp-image-183690\" srcset=\"https:\/\/www.hoymercedes.com.ar\/principal\/wp-content\/uploads\/2025\/04\/TALLER-DIABETES-724x1024.jpg 724w, https:\/\/www.hoymercedes.com.ar\/principal\/wp-content\/uploads\/2025\/04\/TALLER-DIABETES-438x620.jpg 438w, https:\/\/www.hoymercedes.com.ar\/principal\/wp-content\/uploads\/2025\/04\/TALLER-DIABETES-106x150.jpg 106w, https:\/\/www.hoymercedes.com.ar\/principal\/wp-content\/uploads\/2025\/04\/TALLER-DIABETES-1086x1536.jpg 1086w, https:\/\/www.hoymercedes.com.ar\/principal\/wp-content\/uploads\/2025\/04\/TALLER-DIABETES-1448x2048.jpg 1448w, https:\/\/www.hoymercedes.com.ar\/principal\/wp-content\/uploads\/2025\/04\/TALLER-DIABETES-scaled.jpg 1810w\" sizes=\"auto, (max-width: 724px) 100vw, 724px\" \/><\/figure>\n<\/div>\n\n\n<p>El taller est\u00e1 orientado a m\u00e9dicos, enfermeros, estudiantes de medicina y enfermer\u00eda, licenciados en nutrici\u00f3n, podolog\u00eda, psicolog\u00eda y profesores de educaci\u00f3n f\u00edsica, y propone una capacitaci\u00f3n gratuita con inscripci\u00f3n previa y cupos limitados.<\/p>\n\n\n\n<p>Durante la jornada se trabajar\u00e1 sobre temas fundamentales para el abordaje integral de la diabetes, como el cuidado del pie, la alimentaci\u00f3n y los h\u00e1bitos saludables, las emergencias en diabetes, la actividad f\u00edsica, el automonitoreo gluc\u00e9mico y las t\u00e9cnicas de insulinizaci\u00f3n.<\/p>\n\n\n\n<p>En di\u00e1logo con la Dra. Mar\u00eda Victoria Dicatarina Losada, una de las referentes del taller, profundizamos sobre los ejes de esta propuesta formativa.<\/p>\n\n\n\n<p><strong>\u00bfCu\u00e1l es el principal objetivo de este taller?<br><\/strong>Buscamos otorgar herramientas pr\u00e1cticas y actualizadas para el abordaje integral de las personas con diabetes en el primer nivel de atenci\u00f3n, fortaleciendo el trabajo interdisciplinario.<\/p>\n\n\n\n<p><strong>\u00bfPor qu\u00e9 considera importante abordar temas como el cuidado del pie y la t\u00e9cnica de insulinizaci\u00f3n en este tipo de capacitaciones?<\/strong><br>Porque estos conocimientos permiten prevenir una de las complicaciones m\u00e1s frecuentes y discapacitantes como es el pie diab\u00e9tico. Lamentablemente hoy en d\u00eda el 25 % de las personas con DM desarrollar\u00e1 una UPD (\u00falcera por pie diab\u00e9tico) a lo largo de su vida y dentro de estas el 40 % tendr\u00e1 una recurrencia al a\u00f1o. Por eso resulta importante poder detectar a tiempo lesiones preulcerativas y poder educar al paciente y su familia sobre el correcto cuidado de los pies y el uso de calzado adecuado. Con respecto al taller de insulinizaci\u00f3n, es importante adquirir herramientas sobre la correcta t\u00e9cnica de aplicaci\u00f3n, ya que de este modo se mejora el control gluc\u00e9mico y se reducen riesgos de complicaciones.<\/p>\n\n\n\n<p>\u00bf<strong>Qu\u00e9 rol cumplen los distintos profesionales de la salud (m\u00e9dicos, enfermeros, nutricionistas, psic\u00f3logos y profesores de educaci\u00f3n f\u00edsica) en el abordaje integral de la diabetes?<\/strong><br>Cada profesional aporta una mirada clave en el abordaje multidisciplinario y hol\u00edstico del paciente. Es vital el trabajo en equipo para lograr mejores resultados en el tratamiento y seguimiento de nuestros pacientes. Un enfoque interdisciplinario permite abordar la diabetes de manera integral, centrada en la persona y sus necesidades.<\/p>\n\n\n\n<p><strong>\u00bfC\u00f3mo impacta este tipo de formaci\u00f3n continua en la calidad de atenci\u00f3n que reciben los pacientes con diabetes en la regi\u00f3n?<\/strong><br>La formaci\u00f3n continua actualiza conocimientos, unifica criterios y fortalece el trabajo en equipo. Esto conlleva a tomar mejores decisiones cl\u00ednicas al momento de atender al paciente, brind\u00e1ndole el mejor tratamiento posible, pudiendo prevenir complicaciones y logrando un acompa\u00f1amiento tanto del paciente como de su familia.<\/p>\n\n\n\n<p><strong>\u00bfQu\u00e9 desaf\u00edos enfrenta hoy el sistema de salud en el seguimiento y acompa\u00f1amiento de personas con diabetes, y c\u00f3mo puede este taller aportar a superarlos?<\/strong><br>Uno de los mayores desaf\u00edos es garantizar una atenci\u00f3n sostenida y emp\u00e1tica, en contextos donde los recursos y el tiempo son limitados. Queremos favorecer la comunicaci\u00f3n entre los profesionales, tanto de nuestra ciudad como de la regi\u00f3n, y promover el empoderamiento del paciente, lo cual es fundamental para lograr mejores resultados a largo plazo.<\/p>\n\n\n\n<p>\ud83d\udccc Para inscribirse, completar el formulario en <a href=\"https:\/\/rebrand.ly\/diabet25\" target=\"_blank\" rel=\"noopener\">https:\/\/rebrand.ly\/diabet25<\/a> <br>Actividad gratuita con cupos limitados.<\/p>\n\n\n\n<p>Fuente: Prensa AMMercedes<\/p>\n","protected":false},"excerpt":{"rendered":"<p>El s\u00e1bado 26 de abril de 9 a 12 hs se llevar\u00e1 a cabo en la Asociaci\u00f3n M\u00e9dica de Mercedes &#8230; <a title=\"Taller sobre diabetes: Capacitaci\u00f3n gratuita para profesionales\" class=\"read-more\" href=\"https:\/\/www.hoymercedes.com.ar\/principal\/2025\/04\/01\/taller-sobre-diabetes-capacitacion-gratuita-para-profesionales\/\" aria-label=\"Leer m\u00e1s sobre Taller sobre diabetes: Capacitaci\u00f3n gratuita para profesionales\">Leer m\u00e1s<\/a><\/p>\n","protected":false},"author":1,"featured_media":66459,"comment_status":"closed","ping_status":"open","sticky":false,"template":"","format":"standard","meta":{"_monsterinsights_skip_tracking":false,"_monsterinsights_sitenote_active":false,"_monsterinsights_sitenote_note":"","_monsterinsights_sitenote_category":0,"jetpack_post_was_ever_published":false,"_jetpack_newsletter_access":"","_jetpack_dont_email_post_to_subs":false,"_jetpack_newsletter_tier_id":0,"_jetpack_memberships_contains_paywalled_content":false,"_jetpack_memberships_contains_paid_content":false,"footnotes":"","jetpack_publicize_message":"","jetpack_publicize_feature_enabled":true,"jetpack_social_post_already_shared":true,"jetpack_social_options":{"image_generator_settings":{"template":"highway","default_image_id":0,"font":"","enabled":false},"version":2},"_wpas_customize_per_network":false},"categories":[8],"tags":[],"class_list":["post-183689","post","type-post","status-publish","format-standard","has-post-thumbnail","hentry","category-sociedad","generate-columns","tablet-grid-50","mobile-grid-100","grid-parent","grid-50"],"jetpack_publicize_connections":[],"jetpack_featured_media_url":"https:\/\/www.hoymercedes.com.ar\/principal\/wp-content\/uploads\/2017\/08\/28-diabetes-leones.png","wps_subtitle":"","jetpack_sharing_enabled":true,"_links":{"self":[{"href":"https:\/\/www.hoymercedes.com.ar\/principal\/wp-json\/wp\/v2\/posts\/183689","targetHints":{"allow":["GET"]}}],"collection":[{"href":"https:\/\/www.hoymercedes.com.ar\/principal\/wp-json\/wp\/v2\/posts"}],"about":[{"href":"https:\/\/www.hoymercedes.com.ar\/principal\/wp-json\/wp\/v2\/types\/post"}],"author":[{"embeddable":true,"href":"https:\/\/www.hoymercedes.com.ar\/principal\/wp-json\/wp\/v2\/users\/1"}],"replies":[{"embeddable":true,"href":"https:\/\/www.hoymercedes.com.ar\/principal\/wp-json\/wp\/v2\/comments?post=183689"}],"version-history":[{"count":1,"href":"https:\/\/www.hoymercedes.com.ar\/principal\/wp-json\/wp\/v2\/posts\/183689\/revisions"}],"predecessor-version":[{"id":183691,"href":"https:\/\/www.hoymercedes.com.ar\/principal\/wp-json\/wp\/v2\/posts\/183689\/revisions\/183691"}],"wp:featuredmedia":[{"embeddable":true,"href":"https:\/\/www.hoymercedes.com.ar\/principal\/wp-json\/wp\/v2\/media\/66459"}],"wp:attachment":[{"href":"https:\/\/www.hoymercedes.com.ar\/principal\/wp-json\/wp\/v2\/media?parent=183689"}],"wp:term":[{"taxonomy":"category","embeddable":true,"href":"https:\/\/www.hoymercedes.com.ar\/principal\/wp-json\/wp\/v2\/categories?post=183689"},{"taxonomy":"post_tag","embeddable":true,"href":"https:\/\/www.hoymercedes.com.ar\/principal\/wp-json\/wp\/v2\/tags?post=183689"}],"curies":[{"name":"wp","href":"https:\/\/api.w.org\/{rel}","templated":true}]}}