{"id":183694,"date":"2025-04-01T22:01:13","date_gmt":"2025-04-02T01:01:13","guid":{"rendered":"https:\/\/www.hoymercedes.com.ar\/principal\/?p=183694"},"modified":"2025-04-01T22:01:16","modified_gmt":"2025-04-02T01:01:16","slug":"se-incendio-un-auto-en-la-ruta-5-2","status":"publish","type":"post","link":"https:\/\/www.hoymercedes.com.ar\/principal\/2025\/04\/01\/se-incendio-un-auto-en-la-ruta-5-2\/","title":{"rendered":"Se incendi\u00f3 un auto en la Ruta 5"},"content":{"rendered":"\n<p>En la jornada del martes, primeras horas de la noche, en la traza de la Ruta 5 se incendi\u00f3 un veh\u00edculo. A la altura del kil\u00f3metro 118,500, un Fiat Uno se prendi\u00f3 fuego devido a una falla el\u00e9ctrica. <\/p>\n\n\n\n<figure class=\"wp-block-image size-full\"><img loading=\"lazy\" decoding=\"async\" width=\"806\" height=\"537\" data-attachment-id=\"183695\" data-permalink=\"https:\/\/www.hoymercedes.com.ar\/principal\/2025\/04\/01\/se-incendio-un-auto-en-la-ruta-5-2\/fiat-uno-incendio\/#main\" data-orig-file=\"https:\/\/www.hoymercedes.com.ar\/principal\/wp-content\/uploads\/2025\/04\/fiat-uno-incendio.jpg\" data-orig-size=\"806,537\" data-comments-opened=\"0\" data-image-meta=\"{&quot;aperture&quot;:&quot;0&quot;,&quot;credit&quot;:&quot;&quot;,&quot;camera&quot;:&quot;&quot;,&quot;caption&quot;:&quot;&quot;,&quot;created_timestamp&quot;:&quot;0&quot;,&quot;copyright&quot;:&quot;&quot;,&quot;focal_length&quot;:&quot;0&quot;,&quot;iso&quot;:&quot;0&quot;,&quot;shutter_speed&quot;:&quot;0&quot;,&quot;title&quot;:&quot;&quot;,&quot;orientation&quot;:&quot;0&quot;}\" data-image-title=\"fiat uno incendio\" data-image-description=\"\" data-image-caption=\"\" data-large-file=\"https:\/\/www.hoymercedes.com.ar\/principal\/wp-content\/uploads\/2025\/04\/fiat-uno-incendio.jpg\" src=\"https:\/\/www.hoymercedes.com.ar\/principal\/wp-content\/uploads\/2025\/04\/fiat-uno-incendio.jpg\" alt=\"\" class=\"wp-image-183695\" srcset=\"https:\/\/www.hoymercedes.com.ar\/principal\/wp-content\/uploads\/2025\/04\/fiat-uno-incendio.jpg 806w, https:\/\/www.hoymercedes.com.ar\/principal\/wp-content\/uploads\/2025\/04\/fiat-uno-incendio-630x420.jpg 630w, https:\/\/www.hoymercedes.com.ar\/principal\/wp-content\/uploads\/2025\/04\/fiat-uno-incendio-150x100.jpg 150w, https:\/\/www.hoymercedes.com.ar\/principal\/wp-content\/uploads\/2025\/04\/fiat-uno-incendio-700x465.jpg 700w\" sizes=\"auto, (max-width: 806px) 100vw, 806px\" \/><\/figure>\n\n\n\n<p>Cerca de las ocho de la noche de este 1\u00b0 de abril se convocaba a los servicios de emergencia a ra\u00edz de un incendio de un veh\u00edculo en la ruta 5, jurisdicci\u00f3n del partido de Suipacha.<\/p>\n\n\n\n<p>El siniestro afect\u00f3 a un autom\u00f3vil Fiat Uno , conducido por el mercedino Damian Butr\u00f3n , quien se dirig\u00eda hacia Suipacha. De acuerdo a la informaci\u00f3n proveniente de la zona, el incendio se produjo a ra\u00edz de una aparente aver\u00eda el\u00e9ctrica en la zona de la fusilera.<\/p>\n\n\n\n<p><a><\/a>Concurrieron al lugar personal de Bomberos Voluntarios de Suipacha y polic\u00eda comunal.<\/p>\n","protected":false},"excerpt":{"rendered":"<p>En la jornada del martes, primeras horas de la noche, en la traza de la Ruta 5 se incendi\u00f3 un &#8230; <a title=\"Se incendi\u00f3 un auto en la Ruta 5\" class=\"read-more\" href=\"https:\/\/www.hoymercedes.com.ar\/principal\/2025\/04\/01\/se-incendio-un-auto-en-la-ruta-5-2\/\" aria-label=\"Leer m\u00e1s sobre Se incendi\u00f3 un auto en la Ruta 5\">Leer m\u00e1s<\/a><\/p>\n","protected":false},"author":1,"featured_media":183695,"comment_status":"closed","ping_status":"open","sticky":false,"template":"","format":"standard","meta":{"_monsterinsights_skip_tracking":false,"_monsterinsights_sitenote_active":false,"_monsterinsights_sitenote_note":"","_monsterinsights_sitenote_category":0,"jetpack_post_was_ever_published":false,"_jetpack_newsletter_access":"","_jetpack_dont_email_post_to_subs":false,"_jetpack_newsletter_tier_id":0,"_jetpack_memberships_contains_paywalled_content":false,"_jetpack_memberships_contains_paid_content":false,"footnotes":"","jetpack_publicize_message":"","jetpack_publicize_feature_enabled":true,"jetpack_social_post_already_shared":true,"jetpack_social_options":{"image_generator_settings":{"template":"highway","default_image_id":0,"font":"","enabled":false},"version":2},"_wpas_customize_per_network":false},"categories":[8],"tags":[],"class_list":["post-183694","post","type-post","status-publish","format-standard","has-post-thumbnail","hentry","category-sociedad","generate-columns","tablet-grid-50","mobile-grid-100","grid-parent","grid-50"],"jetpack_publicize_connections":[],"jetpack_featured_media_url":"https:\/\/www.hoymercedes.com.ar\/principal\/wp-content\/uploads\/2025\/04\/fiat-uno-incendio.jpg","wps_subtitle":"","jetpack_sharing_enabled":true,"_links":{"self":[{"href":"https:\/\/www.hoymercedes.com.ar\/principal\/wp-json\/wp\/v2\/posts\/183694","targetHints":{"allow":["GET"]}}],"collection":[{"href":"https:\/\/www.hoymercedes.com.ar\/principal\/wp-json\/wp\/v2\/posts"}],"about":[{"href":"https:\/\/www.hoymercedes.com.ar\/principal\/wp-json\/wp\/v2\/types\/post"}],"author":[{"embeddable":true,"href":"https:\/\/www.hoymercedes.com.ar\/principal\/wp-json\/wp\/v2\/users\/1"}],"replies":[{"embeddable":true,"href":"https:\/\/www.hoymercedes.com.ar\/principal\/wp-json\/wp\/v2\/comments?post=183694"}],"version-history":[{"count":1,"href":"https:\/\/www.hoymercedes.com.ar\/principal\/wp-json\/wp\/v2\/posts\/183694\/revisions"}],"predecessor-version":[{"id":183696,"href":"https:\/\/www.hoymercedes.com.ar\/principal\/wp-json\/wp\/v2\/posts\/183694\/revisions\/183696"}],"wp:featuredmedia":[{"embeddable":true,"href":"https:\/\/www.hoymercedes.com.ar\/principal\/wp-json\/wp\/v2\/media\/183695"}],"wp:attachment":[{"href":"https:\/\/www.hoymercedes.com.ar\/principal\/wp-json\/wp\/v2\/media?parent=183694"}],"wp:term":[{"taxonomy":"category","embeddable":true,"href":"https:\/\/www.hoymercedes.com.ar\/principal\/wp-json\/wp\/v2\/categories?post=183694"},{"taxonomy":"post_tag","embeddable":true,"href":"https:\/\/www.hoymercedes.com.ar\/principal\/wp-json\/wp\/v2\/tags?post=183694"}],"curies":[{"name":"wp","href":"https:\/\/api.w.org\/{rel}","templated":true}]}}