{"id":183705,"date":"2025-04-01T22:48:08","date_gmt":"2025-04-02T01:48:08","guid":{"rendered":"https:\/\/www.hoymercedes.com.ar\/principal\/?p=183705"},"modified":"2025-04-01T23:04:41","modified_gmt":"2025-04-02T02:04:41","slug":"183705","status":"publish","type":"post","link":"https:\/\/www.hoymercedes.com.ar\/principal\/2025\/04\/01\/183705\/","title":{"rendered":"Gobierno subi\u00f3 el impuesto a los combustibles y vuelve a elevarse el litro"},"content":{"rendered":"\n<p><\/p>\n\n\n\n<p>Una vez m\u00e1s el gobierno nacional elev\u00f3 el impuesto que genera los incrementos m\u00e1s sustantivos a los combustibles. Este mes ser\u00e1 del 1.75% acumulando un 5.85% en 3 meses y se prev\u00e9 el 1 de mayo otro incremento similar.<\/p>\n\n\n\n<p>Seg\u00fan la norma publicada en el Bolet\u00edn Oficial, el Impuesto a los Combustibles L\u00edquidos (ICL) y el Impuesto al Di\u00f3xido de Carbono (IDC) subieron aproximadamente un 1,75% y acumulan un aumento del 5,85% en lo que va del a\u00f1o. Adem\u00e1s se supo que desde el pr\u00f3ximo 1\u00b0 de mayo habr\u00e1 otro aumento con el piso actual, pero podr\u00eda ser mayor al aplicado este mes.<\/p>\n\n\n\n<p>En Mercedes deber\u00eda costar el litro $1297 de s\u00faper, es decir, casi un d\u00f3lar blue, a pesar de ser un insumo que Argentina produce pagamos en valores d\u00f3lares.<\/p>\n\n\n\n<p>Cada mes, desde que asumi\u00f3 Milei, las naftas y gas o\u00edl han aumentado.<\/p>\n\n\n\n<p>Un informe de la consultora Politikon Chaco destaca que las ventas de naftas y gasoil experimentaron una racha de 15 meses consecutivos de ca\u00edda, llegando hasta febrero. Solo en ese mes, la consultora registr\u00f3 una retracci\u00f3n del 4% interanual y del 7,9% en relaci\u00f3n con enero.<\/p>\n","protected":false},"excerpt":{"rendered":"<p>Una vez m\u00e1s el gobierno nacional elev\u00f3 el impuesto que genera los incrementos m\u00e1s sustantivos a los combustibles. Este mes &#8230; <a title=\"Gobierno subi\u00f3 el impuesto a los combustibles y vuelve a elevarse el litro\" class=\"read-more\" href=\"https:\/\/www.hoymercedes.com.ar\/principal\/2025\/04\/01\/183705\/\" aria-label=\"Leer m\u00e1s sobre Gobierno subi\u00f3 el impuesto a los combustibles y vuelve a elevarse el litro\">Leer m\u00e1s<\/a><\/p>\n","protected":false},"author":1,"featured_media":171543,"comment_status":"closed","ping_status":"open","sticky":false,"template":"","format":"standard","meta":{"_monsterinsights_skip_tracking":false,"_monsterinsights_sitenote_active":false,"_monsterinsights_sitenote_note":"","_monsterinsights_sitenote_category":0,"jetpack_post_was_ever_published":false,"_jetpack_newsletter_access":"","_jetpack_dont_email_post_to_subs":false,"_jetpack_newsletter_tier_id":0,"_jetpack_memberships_contains_paywalled_content":false,"_jetpack_memberships_contains_paid_content":false,"footnotes":"","jetpack_publicize_message":"","jetpack_publicize_feature_enabled":true,"jetpack_social_post_already_shared":true,"jetpack_social_options":{"image_generator_settings":{"template":"highway","default_image_id":0,"font":"","enabled":false},"version":2},"_wpas_customize_per_network":false},"categories":[8],"tags":[19330],"class_list":["post-183705","post","type-post","status-publish","format-standard","has-post-thumbnail","hentry","category-sociedad","tag-aumento-de-nafta","generate-columns","tablet-grid-50","mobile-grid-100","grid-parent","grid-50"],"jetpack_publicize_connections":[],"jetpack_featured_media_url":"https:\/\/www.hoymercedes.com.ar\/principal\/wp-content\/uploads\/2024\/01\/colas-carga-combustible-aumentos-mercedes.jpg","wps_subtitle":"Golpe al bolsillo","jetpack_sharing_enabled":true,"_links":{"self":[{"href":"https:\/\/www.hoymercedes.com.ar\/principal\/wp-json\/wp\/v2\/posts\/183705","targetHints":{"allow":["GET"]}}],"collection":[{"href":"https:\/\/www.hoymercedes.com.ar\/principal\/wp-json\/wp\/v2\/posts"}],"about":[{"href":"https:\/\/www.hoymercedes.com.ar\/principal\/wp-json\/wp\/v2\/types\/post"}],"author":[{"embeddable":true,"href":"https:\/\/www.hoymercedes.com.ar\/principal\/wp-json\/wp\/v2\/users\/1"}],"replies":[{"embeddable":true,"href":"https:\/\/www.hoymercedes.com.ar\/principal\/wp-json\/wp\/v2\/comments?post=183705"}],"version-history":[{"count":4,"href":"https:\/\/www.hoymercedes.com.ar\/principal\/wp-json\/wp\/v2\/posts\/183705\/revisions"}],"predecessor-version":[{"id":183709,"href":"https:\/\/www.hoymercedes.com.ar\/principal\/wp-json\/wp\/v2\/posts\/183705\/revisions\/183709"}],"wp:featuredmedia":[{"embeddable":true,"href":"https:\/\/www.hoymercedes.com.ar\/principal\/wp-json\/wp\/v2\/media\/171543"}],"wp:attachment":[{"href":"https:\/\/www.hoymercedes.com.ar\/principal\/wp-json\/wp\/v2\/media?parent=183705"}],"wp:term":[{"taxonomy":"category","embeddable":true,"href":"https:\/\/www.hoymercedes.com.ar\/principal\/wp-json\/wp\/v2\/categories?post=183705"},{"taxonomy":"post_tag","embeddable":true,"href":"https:\/\/www.hoymercedes.com.ar\/principal\/wp-json\/wp\/v2\/tags?post=183705"}],"curies":[{"name":"wp","href":"https:\/\/api.w.org\/{rel}","templated":true}]}}