{"id":183712,"date":"2025-04-02T16:36:47","date_gmt":"2025-04-02T19:36:47","guid":{"rendered":"https:\/\/www.hoymercedes.com.ar\/principal\/?p=183712"},"modified":"2025-04-02T16:36:49","modified_gmt":"2025-04-02T19:36:49","slug":"amplia-participacion-en-la-vigilia-por-malvinas","status":"publish","type":"post","link":"https:\/\/www.hoymercedes.com.ar\/principal\/2025\/04\/02\/amplia-participacion-en-la-vigilia-por-malvinas\/","title":{"rendered":"Amplia participaci\u00f3n en la \u201cVigilia por Malvinas\u201d"},"content":{"rendered":"\n<figure class=\"wp-block-image size-large\"><img loading=\"lazy\" decoding=\"async\" width=\"1024\" height=\"682\" data-attachment-id=\"183713\" data-permalink=\"https:\/\/www.hoymercedes.com.ar\/principal\/2025\/04\/02\/amplia-participacion-en-la-vigilia-por-malvinas\/whatsapp-image-2025-04-02-at-00-39-36-1\/#main\" data-orig-file=\"https:\/\/www.hoymercedes.com.ar\/principal\/wp-content\/uploads\/2025\/04\/WhatsApp-Image-2025-04-02-at-00.39.36-1.jpeg\" data-orig-size=\"1280,853\" data-comments-opened=\"0\" data-image-meta=\"{&quot;aperture&quot;:&quot;0&quot;,&quot;credit&quot;:&quot;&quot;,&quot;camera&quot;:&quot;&quot;,&quot;caption&quot;:&quot;&quot;,&quot;created_timestamp&quot;:&quot;0&quot;,&quot;copyright&quot;:&quot;&quot;,&quot;focal_length&quot;:&quot;0&quot;,&quot;iso&quot;:&quot;0&quot;,&quot;shutter_speed&quot;:&quot;0&quot;,&quot;title&quot;:&quot;&quot;,&quot;orientation&quot;:&quot;0&quot;}\" data-image-title=\"Vigilia Por Malvinas\" data-image-description=\"&lt;p&gt;Vigilia Por Malvinas&lt;\/p&gt;\n\" data-image-caption=\"&lt;p&gt;Vigilia Por Malvinas&lt;\/p&gt;\n\" data-large-file=\"https:\/\/www.hoymercedes.com.ar\/principal\/wp-content\/uploads\/2025\/04\/WhatsApp-Image-2025-04-02-at-00.39.36-1-1024x682.jpeg\" src=\"https:\/\/www.hoymercedes.com.ar\/principal\/wp-content\/uploads\/2025\/04\/WhatsApp-Image-2025-04-02-at-00.39.36-1-1024x682.jpeg\" alt=\"\" class=\"wp-image-183713\" srcset=\"https:\/\/www.hoymercedes.com.ar\/principal\/wp-content\/uploads\/2025\/04\/WhatsApp-Image-2025-04-02-at-00.39.36-1-1024x682.jpeg 1024w, https:\/\/www.hoymercedes.com.ar\/principal\/wp-content\/uploads\/2025\/04\/WhatsApp-Image-2025-04-02-at-00.39.36-1-630x420.jpeg 630w, https:\/\/www.hoymercedes.com.ar\/principal\/wp-content\/uploads\/2025\/04\/WhatsApp-Image-2025-04-02-at-00.39.36-1-150x100.jpeg 150w, https:\/\/www.hoymercedes.com.ar\/principal\/wp-content\/uploads\/2025\/04\/WhatsApp-Image-2025-04-02-at-00.39.36-1-700x465.jpeg 700w, https:\/\/www.hoymercedes.com.ar\/principal\/wp-content\/uploads\/2025\/04\/WhatsApp-Image-2025-04-02-at-00.39.36-1.jpeg 1280w\" sizes=\"auto, (max-width: 1024px) 100vw, 1024px\" \/><\/figure>\n\n\n\n<p>Un a\u00f1o m\u00e1s se llev\u00f3 adelante la <em>\u201cVigilia por Malvinas\u201d<\/em> con un lleno total del galp\u00f3n mayor del Complejo Cultural La Trocha. A la medianoche se entonaron las estrofas del Himno Nacional y la Marcha de Malvinas, siendo un momento sumamente emotivo para las y los presentes. Marcelo De Cunto, presidente del Centro de Veteranos y Ca\u00eddos de Mercedes, fue el orador principal de la velada.<\/p>\n\n\n\n<p><strong>Marcelo De Cunto<\/strong>, a la hora de tomar la palabra, expres\u00f3 que \u201cestamos muy agradecidos a cada uno de los que vino, a quienes colaboraron tambi\u00e9n con un alimento no perecedero, gracias a los artistas que desinteresadamente vienen a colaborar, a los Amigos Pe\u00f1eros, como las torteras colaborando con nuestro Centro, a la intendencia que nos apoya y permite hacer esta conmemoraci\u00f3n, esta vigilia\u201d narr\u00f3.<\/p>\n\n\n\n<figure class=\"wp-block-image size-large\"><img loading=\"lazy\" decoding=\"async\" width=\"1024\" height=\"682\" data-attachment-id=\"183714\" data-permalink=\"https:\/\/www.hoymercedes.com.ar\/principal\/2025\/04\/02\/amplia-participacion-en-la-vigilia-por-malvinas\/whatsapp-image-2025-04-02-at-00-39-37-1\/#main\" data-orig-file=\"https:\/\/www.hoymercedes.com.ar\/principal\/wp-content\/uploads\/2025\/04\/WhatsApp-Image-2025-04-02-at-00.39.37-1.jpeg\" data-orig-size=\"1280,853\" data-comments-opened=\"0\" data-image-meta=\"{&quot;aperture&quot;:&quot;0&quot;,&quot;credit&quot;:&quot;&quot;,&quot;camera&quot;:&quot;&quot;,&quot;caption&quot;:&quot;&quot;,&quot;created_timestamp&quot;:&quot;0&quot;,&quot;copyright&quot;:&quot;&quot;,&quot;focal_length&quot;:&quot;0&quot;,&quot;iso&quot;:&quot;0&quot;,&quot;shutter_speed&quot;:&quot;0&quot;,&quot;title&quot;:&quot;&quot;,&quot;orientation&quot;:&quot;0&quot;}\" data-image-title=\"Vigilia Por Malvinas\" data-image-description=\"&lt;p&gt;Vigilia Por Malvinas&lt;\/p&gt;\n\" data-image-caption=\"&lt;p&gt;Vigilia Por Malvinas&lt;\/p&gt;\n\" data-large-file=\"https:\/\/www.hoymercedes.com.ar\/principal\/wp-content\/uploads\/2025\/04\/WhatsApp-Image-2025-04-02-at-00.39.37-1-1024x682.jpeg\" src=\"https:\/\/www.hoymercedes.com.ar\/principal\/wp-content\/uploads\/2025\/04\/WhatsApp-Image-2025-04-02-at-00.39.37-1-1024x682.jpeg\" alt=\"\" class=\"wp-image-183714\" srcset=\"https:\/\/www.hoymercedes.com.ar\/principal\/wp-content\/uploads\/2025\/04\/WhatsApp-Image-2025-04-02-at-00.39.37-1-1024x682.jpeg 1024w, https:\/\/www.hoymercedes.com.ar\/principal\/wp-content\/uploads\/2025\/04\/WhatsApp-Image-2025-04-02-at-00.39.37-1-630x420.jpeg 630w, https:\/\/www.hoymercedes.com.ar\/principal\/wp-content\/uploads\/2025\/04\/WhatsApp-Image-2025-04-02-at-00.39.37-1-150x100.jpeg 150w, https:\/\/www.hoymercedes.com.ar\/principal\/wp-content\/uploads\/2025\/04\/WhatsApp-Image-2025-04-02-at-00.39.37-1-700x465.jpeg 700w, https:\/\/www.hoymercedes.com.ar\/principal\/wp-content\/uploads\/2025\/04\/WhatsApp-Image-2025-04-02-at-00.39.37-1.jpeg 1280w\" sizes=\"auto, (max-width: 1024px) 100vw, 1024px\" \/><\/figure>\n\n\n\n<p>Tambi\u00e9n coment\u00f3 que \u201cles agradecemos porque nos ayuda a mantener viva la llama de Malvinas, a los 632 h\u00e9roes que quedaron en la Isla. Sin ustedes esto no se puede lograr. Muchas gracias por esta ayuda, no olvidarnos de Malvinas y de nuestros hermanos que cayeron en combate\u201d afirm\u00f3 el presidente del Centro local.<\/p>\n\n\n\n<p><strong>Guillermo Vola<\/strong>, de Amigos Pe\u00f1eros, tambi\u00e9n sostuvo que \u201cgracias a la gente que acompa\u00f1a a nuestros h\u00e9roes, a todo el equipo de Cultura, a Lu\u00eds Ponce y a trav\u00e9s de ello a todos los trabajadores municipales porque es un gusto trabajar juntos por esta vigilia, al intendente que cuando hace unos a\u00f1os atr\u00e1s propusimos hacer la vigilia en este galp\u00f3n tan queridos por todos enseguida encontramos el apoyo para iniciar esta actividad con nuestros h\u00e9roes\u201d mencion\u00f3 nombr\u00f3 a los miembros de Amigos Pe\u00f1eros que \u201cson gente que no siempre son visibles, pero trabajan much\u00edsimo\u201d asi que \u201ces un honor poder estar con ellos, haciendo esto que nos llena el alma\u201d.<\/p>\n\n\n\n<figure class=\"wp-block-image size-large\"><img loading=\"lazy\" decoding=\"async\" width=\"1024\" height=\"682\" data-attachment-id=\"183715\" data-permalink=\"https:\/\/www.hoymercedes.com.ar\/principal\/2025\/04\/02\/amplia-participacion-en-la-vigilia-por-malvinas\/whatsapp-image-2025-04-02-at-00-39-37-2\/#main\" data-orig-file=\"https:\/\/www.hoymercedes.com.ar\/principal\/wp-content\/uploads\/2025\/04\/WhatsApp-Image-2025-04-02-at-00.39.37-2.jpeg\" data-orig-size=\"1280,853\" data-comments-opened=\"0\" data-image-meta=\"{&quot;aperture&quot;:&quot;0&quot;,&quot;credit&quot;:&quot;&quot;,&quot;camera&quot;:&quot;&quot;,&quot;caption&quot;:&quot;&quot;,&quot;created_timestamp&quot;:&quot;0&quot;,&quot;copyright&quot;:&quot;&quot;,&quot;focal_length&quot;:&quot;0&quot;,&quot;iso&quot;:&quot;0&quot;,&quot;shutter_speed&quot;:&quot;0&quot;,&quot;title&quot;:&quot;&quot;,&quot;orientation&quot;:&quot;0&quot;}\" data-image-title=\"Vigilia Por Malvinas\" data-image-description=\"&lt;p&gt;Vigilia Por Malvinas&lt;\/p&gt;\n\" data-image-caption=\"&lt;p&gt;Vigilia Por Malvinas&lt;\/p&gt;\n\" data-large-file=\"https:\/\/www.hoymercedes.com.ar\/principal\/wp-content\/uploads\/2025\/04\/WhatsApp-Image-2025-04-02-at-00.39.37-2-1024x682.jpeg\" src=\"https:\/\/www.hoymercedes.com.ar\/principal\/wp-content\/uploads\/2025\/04\/WhatsApp-Image-2025-04-02-at-00.39.37-2-1024x682.jpeg\" alt=\"\" class=\"wp-image-183715\" srcset=\"https:\/\/www.hoymercedes.com.ar\/principal\/wp-content\/uploads\/2025\/04\/WhatsApp-Image-2025-04-02-at-00.39.37-2-1024x682.jpeg 1024w, https:\/\/www.hoymercedes.com.ar\/principal\/wp-content\/uploads\/2025\/04\/WhatsApp-Image-2025-04-02-at-00.39.37-2-630x420.jpeg 630w, https:\/\/www.hoymercedes.com.ar\/principal\/wp-content\/uploads\/2025\/04\/WhatsApp-Image-2025-04-02-at-00.39.37-2-150x100.jpeg 150w, https:\/\/www.hoymercedes.com.ar\/principal\/wp-content\/uploads\/2025\/04\/WhatsApp-Image-2025-04-02-at-00.39.37-2-700x465.jpeg 700w, https:\/\/www.hoymercedes.com.ar\/principal\/wp-content\/uploads\/2025\/04\/WhatsApp-Image-2025-04-02-at-00.39.37-2.jpeg 1280w\" sizes=\"auto, (max-width: 1024px) 100vw, 1024px\" \/><\/figure>\n\n\n\n<p>Por su parte el intendente <strong>Juan I. Ustarroz<\/strong> al ser invitado a tomar la palabra sostuvo que \u201cesta vigilia es para que el pueblo de Mercedes pueda acompa\u00f1ar a nuestros queridos h\u00e9roes de Malvinas, a su familia, eso es lo m\u00e1s importante, por eso gracias por estar presentes, a las organizaciones y entidades culturales que acompa\u00f1an esta jornada tan importante para nuestra ciudad y nuestro pa\u00eds\u201d y \u201cnuestro pueblo es malvinero, tenemos que poner en alto nuestra bandera. Ellos siempre tiene algo muy dif\u00edcil que es llevar adelante el testimonio de quienes quedaron en Malvinas custodiando nuestras islas\u201d.<\/p>\n\n\n\n<p>Durante la noche se pudo disfrutar, generosos y solidarios, de la Escuela de danzas folkl\u00f3ricas Nuestra Sra. de las Mercedes, La \u00faltima Junta, Los Chumis, Semilla Agreste, Santa Cecilia, Ay Nom\u00e1s, Ballet Municipal Estrella de Sur y Los L\u00f3pez Heredia.<\/p>\n\n\n\n<figure class=\"wp-block-image size-large\"><img loading=\"lazy\" decoding=\"async\" width=\"1024\" height=\"683\" data-attachment-id=\"183716\" data-permalink=\"https:\/\/www.hoymercedes.com.ar\/principal\/2025\/04\/02\/amplia-participacion-en-la-vigilia-por-malvinas\/vigilia-malvinas-2025-trocha-2\/#main\" data-orig-file=\"https:\/\/www.hoymercedes.com.ar\/principal\/wp-content\/uploads\/2025\/04\/Vigilia-Malvinas-2025-Trocha-2.jpg\" data-orig-size=\"1599,1066\" data-comments-opened=\"0\" data-image-meta=\"{&quot;aperture&quot;:&quot;0&quot;,&quot;credit&quot;:&quot;&quot;,&quot;camera&quot;:&quot;&quot;,&quot;caption&quot;:&quot;&quot;,&quot;created_timestamp&quot;:&quot;0&quot;,&quot;copyright&quot;:&quot;&quot;,&quot;focal_length&quot;:&quot;0&quot;,&quot;iso&quot;:&quot;0&quot;,&quot;shutter_speed&quot;:&quot;0&quot;,&quot;title&quot;:&quot;&quot;,&quot;orientation&quot;:&quot;0&quot;}\" data-image-title=\"Vigilia Por Malvinas\" data-image-description=\"&lt;p&gt;Vigilia Por Malvinas&lt;\/p&gt;\n\" data-image-caption=\"&lt;p&gt;Vigilia Por Malvinas&lt;\/p&gt;\n\" data-large-file=\"https:\/\/www.hoymercedes.com.ar\/principal\/wp-content\/uploads\/2025\/04\/Vigilia-Malvinas-2025-Trocha-2-1024x683.jpg\" src=\"https:\/\/www.hoymercedes.com.ar\/principal\/wp-content\/uploads\/2025\/04\/Vigilia-Malvinas-2025-Trocha-2-1024x683.jpg\" alt=\"\" class=\"wp-image-183716\" srcset=\"https:\/\/www.hoymercedes.com.ar\/principal\/wp-content\/uploads\/2025\/04\/Vigilia-Malvinas-2025-Trocha-2-1024x683.jpg 1024w, https:\/\/www.hoymercedes.com.ar\/principal\/wp-content\/uploads\/2025\/04\/Vigilia-Malvinas-2025-Trocha-2-630x420.jpg 630w, https:\/\/www.hoymercedes.com.ar\/principal\/wp-content\/uploads\/2025\/04\/Vigilia-Malvinas-2025-Trocha-2-150x100.jpg 150w, https:\/\/www.hoymercedes.com.ar\/principal\/wp-content\/uploads\/2025\/04\/Vigilia-Malvinas-2025-Trocha-2-1536x1024.jpg 1536w, https:\/\/www.hoymercedes.com.ar\/principal\/wp-content\/uploads\/2025\/04\/Vigilia-Malvinas-2025-Trocha-2.jpg 1599w\" sizes=\"auto, (max-width: 1024px) 100vw, 1024px\" \/><\/figure>\n\n\n\n<p>Se enton\u00f3 la marcha a Malvinas y hubo un momento muy emotivo al grito de \u201cViva la Patria\u201d. Veteranos, adem\u00e1s, recibi\u00f3 un obsequio realizado por el artista <strong>\u201cFacundo Polo\u201d<\/strong> que ser\u00e1 expuesto en el museo que tienen en la Casa de los Veteranos y donde reciben escuelas y entidades durante todo el a\u00f1o.<\/p>\n","protected":false},"excerpt":{"rendered":"<p>Un a\u00f1o m\u00e1s se llev\u00f3 adelante la \u201cVigilia por Malvinas\u201d con un lleno total del galp\u00f3n mayor del Complejo Cultural &#8230; <a title=\"Amplia participaci\u00f3n en la \u201cVigilia por Malvinas\u201d\" class=\"read-more\" href=\"https:\/\/www.hoymercedes.com.ar\/principal\/2025\/04\/02\/amplia-participacion-en-la-vigilia-por-malvinas\/\" aria-label=\"Leer m\u00e1s sobre Amplia participaci\u00f3n en la \u201cVigilia por Malvinas\u201d\">Leer m\u00e1s<\/a><\/p>\n","protected":false},"author":1,"featured_media":183715,"comment_status":"closed","ping_status":"open","sticky":false,"template":"","format":"standard","meta":{"_monsterinsights_skip_tracking":false,"_monsterinsights_sitenote_active":false,"_monsterinsights_sitenote_note":"","_monsterinsights_sitenote_category":0,"jetpack_post_was_ever_published":false,"_jetpack_newsletter_access":"","_jetpack_dont_email_post_to_subs":false,"_jetpack_newsletter_tier_id":0,"_jetpack_memberships_contains_paywalled_content":false,"_jetpack_memberships_contains_paid_content":false,"footnotes":"","jetpack_publicize_message":"","jetpack_publicize_feature_enabled":true,"jetpack_social_post_already_shared":true,"jetpack_social_options":{"image_generator_settings":{"template":"highway","default_image_id":0,"font":"","enabled":false},"version":2},"_wpas_customize_per_network":false},"categories":[8],"tags":[],"class_list":["post-183712","post","type-post","status-publish","format-standard","has-post-thumbnail","hentry","category-sociedad","generate-columns","tablet-grid-50","mobile-grid-100","grid-parent","grid-50"],"jetpack_publicize_connections":[],"jetpack_featured_media_url":"https:\/\/www.hoymercedes.com.ar\/principal\/wp-content\/uploads\/2025\/04\/WhatsApp-Image-2025-04-02-at-00.39.37-2.jpeg","wps_subtitle":"Memoria","jetpack_sharing_enabled":true,"_links":{"self":[{"href":"https:\/\/www.hoymercedes.com.ar\/principal\/wp-json\/wp\/v2\/posts\/183712","targetHints":{"allow":["GET"]}}],"collection":[{"href":"https:\/\/www.hoymercedes.com.ar\/principal\/wp-json\/wp\/v2\/posts"}],"about":[{"href":"https:\/\/www.hoymercedes.com.ar\/principal\/wp-json\/wp\/v2\/types\/post"}],"author":[{"embeddable":true,"href":"https:\/\/www.hoymercedes.com.ar\/principal\/wp-json\/wp\/v2\/users\/1"}],"replies":[{"embeddable":true,"href":"https:\/\/www.hoymercedes.com.ar\/principal\/wp-json\/wp\/v2\/comments?post=183712"}],"version-history":[{"count":2,"href":"https:\/\/www.hoymercedes.com.ar\/principal\/wp-json\/wp\/v2\/posts\/183712\/revisions"}],"predecessor-version":[{"id":183718,"href":"https:\/\/www.hoymercedes.com.ar\/principal\/wp-json\/wp\/v2\/posts\/183712\/revisions\/183718"}],"wp:featuredmedia":[{"embeddable":true,"href":"https:\/\/www.hoymercedes.com.ar\/principal\/wp-json\/wp\/v2\/media\/183715"}],"wp:attachment":[{"href":"https:\/\/www.hoymercedes.com.ar\/principal\/wp-json\/wp\/v2\/media?parent=183712"}],"wp:term":[{"taxonomy":"category","embeddable":true,"href":"https:\/\/www.hoymercedes.com.ar\/principal\/wp-json\/wp\/v2\/categories?post=183712"},{"taxonomy":"post_tag","embeddable":true,"href":"https:\/\/www.hoymercedes.com.ar\/principal\/wp-json\/wp\/v2\/tags?post=183712"}],"curies":[{"name":"wp","href":"https:\/\/api.w.org\/{rel}","templated":true}]}}