{"id":183723,"date":"2025-04-03T00:19:05","date_gmt":"2025-04-03T03:19:05","guid":{"rendered":"https:\/\/www.hoymercedes.com.ar\/principal\/?p=183723"},"modified":"2025-04-03T00:19:07","modified_gmt":"2025-04-03T03:19:07","slug":"policia-federal-de-mercedes-en-operativo-por-infraccion-a-la-ley-de-marcas","status":"publish","type":"post","link":"https:\/\/www.hoymercedes.com.ar\/principal\/2025\/04\/03\/policia-federal-de-mercedes-en-operativo-por-infraccion-a-la-ley-de-marcas\/","title":{"rendered":"Polic\u00eda Federal de Mercedes en operativo por infracci\u00f3n a la ley de marcas"},"content":{"rendered":"\n<figure class=\"wp-block-image size-large\"><img loading=\"lazy\" decoding=\"async\" width=\"1024\" height=\"768\" data-attachment-id=\"183724\" data-permalink=\"https:\/\/www.hoymercedes.com.ar\/principal\/2025\/04\/03\/policia-federal-de-mercedes-en-operativo-por-infraccion-a-la-ley-de-marcas\/img-20250328-wa0023\/#main\" data-orig-file=\"https:\/\/www.hoymercedes.com.ar\/principal\/wp-content\/uploads\/2025\/04\/IMG-20250328-WA0023.jpg\" data-orig-size=\"1280,960\" data-comments-opened=\"0\" data-image-meta=\"{&quot;aperture&quot;:&quot;0&quot;,&quot;credit&quot;:&quot;&quot;,&quot;camera&quot;:&quot;&quot;,&quot;caption&quot;:&quot;&quot;,&quot;created_timestamp&quot;:&quot;0&quot;,&quot;copyright&quot;:&quot;&quot;,&quot;focal_length&quot;:&quot;0&quot;,&quot;iso&quot;:&quot;0&quot;,&quot;shutter_speed&quot;:&quot;0&quot;,&quot;title&quot;:&quot;&quot;,&quot;orientation&quot;:&quot;0&quot;}\" data-image-title=\"Polic\u00eda Federal de Mercedes en operativo por infracci\u00f3n a la ley de marcas\" data-image-description=\"&lt;p&gt;Polic\u00eda Federal de Mercedes en operativo por infracci\u00f3n a la ley de marcas&lt;\/p&gt;\n\" data-image-caption=\"&lt;p&gt;Polic\u00eda Federal de Mercedes en operativo por infracci\u00f3n a la ley de marcas&lt;\/p&gt;\n\" data-large-file=\"https:\/\/www.hoymercedes.com.ar\/principal\/wp-content\/uploads\/2025\/04\/IMG-20250328-WA0023-1024x768.jpg\" src=\"https:\/\/www.hoymercedes.com.ar\/principal\/wp-content\/uploads\/2025\/04\/IMG-20250328-WA0023-1024x768.jpg\" alt=\"\" class=\"wp-image-183724\" srcset=\"https:\/\/www.hoymercedes.com.ar\/principal\/wp-content\/uploads\/2025\/04\/IMG-20250328-WA0023-1024x768.jpg 1024w, https:\/\/www.hoymercedes.com.ar\/principal\/wp-content\/uploads\/2025\/04\/IMG-20250328-WA0023-630x473.jpg 630w, https:\/\/www.hoymercedes.com.ar\/principal\/wp-content\/uploads\/2025\/04\/IMG-20250328-WA0023-150x113.jpg 150w, https:\/\/www.hoymercedes.com.ar\/principal\/wp-content\/uploads\/2025\/04\/IMG-20250328-WA0023.jpg 1280w\" sizes=\"auto, (max-width: 1024px) 100vw, 1024px\" \/><\/figure>\n\n\n\n<p>En un operativo coordinado por la <strong>Divisi\u00f3n Unidad Operativa Federal Mercedes<\/strong> de la <strong>Polic\u00eda Federal Argentina <\/strong>(PFA), se llevaron a cabo allanamientos en la ciudad de Luj\u00e1n que culminaron con el desmantelamiento de una red dedicada a la venta ilegal de tel\u00e9fonos celulares de alta gama y sus accesorios. La investigaci\u00f3n, que se extendi\u00f3 durante el mes de noviembre de 2024, revel\u00f3 que los involucrados infring\u00edan la Ley de Marcas y realizaban contrabando de equipos, principalmente de la marca <strong>iPhone.<\/strong><\/p>\n\n\n\n<p>Las pesquisas policiales determinaron que los individuos utilizaban una fachada de un local comercial c\u00e9ntrico dedicado a la est\u00e9tica y una vivienda particular para llevar a cabo las transacciones ilegales sin la habilitaci\u00f3n correspondiente. Gracias a la labor de los detectives de la PFA, se obtuvieron las pruebas necesarias para solicitar las \u00f3rdenes de allanamiento al <strong>Juzgado Federal de Mercedes<\/strong>, lo que permiti\u00f3 desarticular la actividad il\u00edcita.<\/p>\n\n\n\n<figure class=\"wp-block-image size-large\"><img loading=\"lazy\" decoding=\"async\" width=\"1024\" height=\"576\" data-attachment-id=\"183725\" data-permalink=\"https:\/\/www.hoymercedes.com.ar\/principal\/2025\/04\/03\/policia-federal-de-mercedes-en-operativo-por-infraccion-a-la-ley-de-marcas\/img-20250328-wa0037\/#main\" data-orig-file=\"https:\/\/www.hoymercedes.com.ar\/principal\/wp-content\/uploads\/2025\/04\/IMG-20250328-WA0037.jpg\" data-orig-size=\"1280,720\" data-comments-opened=\"0\" data-image-meta=\"{&quot;aperture&quot;:&quot;0&quot;,&quot;credit&quot;:&quot;&quot;,&quot;camera&quot;:&quot;&quot;,&quot;caption&quot;:&quot;&quot;,&quot;created_timestamp&quot;:&quot;0&quot;,&quot;copyright&quot;:&quot;&quot;,&quot;focal_length&quot;:&quot;0&quot;,&quot;iso&quot;:&quot;0&quot;,&quot;shutter_speed&quot;:&quot;0&quot;,&quot;title&quot;:&quot;&quot;,&quot;orientation&quot;:&quot;0&quot;}\" data-image-title=\"Polic\u00eda Federal de Mercedes en operativo por infracci\u00f3n a la ley de marcas\" data-image-description=\"&lt;p&gt;Polic\u00eda Federal de Mercedes en operativo por infracci\u00f3n a la ley de marcas&lt;\/p&gt;\n\" data-image-caption=\"&lt;p&gt;Polic\u00eda Federal de Mercedes en operativo por infracci\u00f3n a la ley de marcas&lt;\/p&gt;\n\" data-large-file=\"https:\/\/www.hoymercedes.com.ar\/principal\/wp-content\/uploads\/2025\/04\/IMG-20250328-WA0037-1024x576.jpg\" src=\"https:\/\/www.hoymercedes.com.ar\/principal\/wp-content\/uploads\/2025\/04\/IMG-20250328-WA0037-1024x576.jpg\" alt=\"\" class=\"wp-image-183725\" srcset=\"https:\/\/www.hoymercedes.com.ar\/principal\/wp-content\/uploads\/2025\/04\/IMG-20250328-WA0037-1024x576.jpg 1024w, https:\/\/www.hoymercedes.com.ar\/principal\/wp-content\/uploads\/2025\/04\/IMG-20250328-WA0037-630x354.jpg 630w, https:\/\/www.hoymercedes.com.ar\/principal\/wp-content\/uploads\/2025\/04\/IMG-20250328-WA0037-150x84.jpg 150w, https:\/\/www.hoymercedes.com.ar\/principal\/wp-content\/uploads\/2025\/04\/IMG-20250328-WA0037.jpg 1280w\" sizes=\"auto, (max-width: 1024px) 100vw, 1024px\" \/><\/figure>\n\n\n\n<p>Seg\u00fan informaron fuentes policiales, durante los allanamientos se secuestraron numerosos tel\u00e9fonos celulares de alta gama y accesorios que no contaban con la documentaci\u00f3n aduanera ni el respaldo de su origen y procedencia.<\/p>\n\n\n\n<p>Este operativo se enmarca dentro de los lineamientos establecidos por el Ministerio de Seguridad de la Naci\u00f3n, que busca intensificar los controles y procedimientos para prevenir y erradicar los delitos de infracci\u00f3n a la Ley de Marcas y contrabando en todo el territorio argentino. La Polic\u00eda Federal Argentina reafirm\u00f3 su compromiso en la lucha contra este tipo de actividades il\u00edcitas.<\/p>\n\n\n\n<figure class=\"wp-block-image size-large\"><img loading=\"lazy\" decoding=\"async\" width=\"1024\" height=\"576\" data-attachment-id=\"183726\" data-permalink=\"https:\/\/www.hoymercedes.com.ar\/principal\/2025\/04\/03\/policia-federal-de-mercedes-en-operativo-por-infraccion-a-la-ley-de-marcas\/img-20250328-wa0022\/#main\" data-orig-file=\"https:\/\/www.hoymercedes.com.ar\/principal\/wp-content\/uploads\/2025\/04\/IMG-20250328-WA0022.jpg\" data-orig-size=\"1280,720\" data-comments-opened=\"0\" data-image-meta=\"{&quot;aperture&quot;:&quot;0&quot;,&quot;credit&quot;:&quot;&quot;,&quot;camera&quot;:&quot;&quot;,&quot;caption&quot;:&quot;&quot;,&quot;created_timestamp&quot;:&quot;0&quot;,&quot;copyright&quot;:&quot;&quot;,&quot;focal_length&quot;:&quot;0&quot;,&quot;iso&quot;:&quot;0&quot;,&quot;shutter_speed&quot;:&quot;0&quot;,&quot;title&quot;:&quot;&quot;,&quot;orientation&quot;:&quot;0&quot;}\" data-image-title=\"Polic\u00eda Federal de Mercedes en operativo por infracci\u00f3n a la ley de marcas\" data-image-description=\"&lt;p&gt;Polic\u00eda Federal de Mercedes en operativo por infracci\u00f3n a la ley de marcas&lt;\/p&gt;\n\" data-image-caption=\"&lt;p&gt;Polic\u00eda Federal de Mercedes en operativo por infracci\u00f3n a la ley de marcas&lt;\/p&gt;\n\" data-large-file=\"https:\/\/www.hoymercedes.com.ar\/principal\/wp-content\/uploads\/2025\/04\/IMG-20250328-WA0022-1024x576.jpg\" src=\"https:\/\/www.hoymercedes.com.ar\/principal\/wp-content\/uploads\/2025\/04\/IMG-20250328-WA0022-1024x576.jpg\" alt=\"\" class=\"wp-image-183726\" srcset=\"https:\/\/www.hoymercedes.com.ar\/principal\/wp-content\/uploads\/2025\/04\/IMG-20250328-WA0022-1024x576.jpg 1024w, https:\/\/www.hoymercedes.com.ar\/principal\/wp-content\/uploads\/2025\/04\/IMG-20250328-WA0022-630x354.jpg 630w, https:\/\/www.hoymercedes.com.ar\/principal\/wp-content\/uploads\/2025\/04\/IMG-20250328-WA0022-150x84.jpg 150w, https:\/\/www.hoymercedes.com.ar\/principal\/wp-content\/uploads\/2025\/04\/IMG-20250328-WA0022.jpg 1280w\" sizes=\"auto, (max-width: 1024px) 100vw, 1024px\" \/><\/figure>\n","protected":false},"excerpt":{"rendered":"<p>En un operativo coordinado por la Divisi\u00f3n Unidad Operativa Federal Mercedes de la Polic\u00eda Federal Argentina (PFA), se llevaron a &#8230; <a title=\"Polic\u00eda Federal de Mercedes en operativo por infracci\u00f3n a la ley de marcas\" class=\"read-more\" href=\"https:\/\/www.hoymercedes.com.ar\/principal\/2025\/04\/03\/policia-federal-de-mercedes-en-operativo-por-infraccion-a-la-ley-de-marcas\/\" aria-label=\"Leer m\u00e1s sobre Polic\u00eda Federal de Mercedes en operativo por infracci\u00f3n a la ley de marcas\">Leer m\u00e1s<\/a><\/p>\n","protected":false},"author":1,"featured_media":183724,"comment_status":"closed","ping_status":"open","sticky":false,"template":"","format":"standard","meta":{"_monsterinsights_skip_tracking":false,"_monsterinsights_sitenote_active":false,"_monsterinsights_sitenote_note":"","_monsterinsights_sitenote_category":0,"jetpack_post_was_ever_published":false,"_jetpack_newsletter_access":"","_jetpack_dont_email_post_to_subs":false,"_jetpack_newsletter_tier_id":0,"_jetpack_memberships_contains_paywalled_content":false,"_jetpack_memberships_contains_paid_content":false,"footnotes":"","jetpack_publicize_message":"","jetpack_publicize_feature_enabled":true,"jetpack_social_post_already_shared":true,"jetpack_social_options":{"image_generator_settings":{"template":"highway","default_image_id":0,"font":"","enabled":false},"version":2},"_wpas_customize_per_network":false},"categories":[85],"tags":[19907,20363,2925],"class_list":["post-183723","post","type-post","status-publish","format-standard","has-post-thumbnail","hentry","category-policial","tag-allanamiento-en-lujan","tag-ley-de-marcas","tag-policia-federal-mercedes","generate-columns","tablet-grid-50","mobile-grid-100","grid-parent","grid-50"],"jetpack_publicize_connections":[],"jetpack_featured_media_url":"https:\/\/www.hoymercedes.com.ar\/principal\/wp-content\/uploads\/2025\/04\/IMG-20250328-WA0023.jpg","wps_subtitle":"Justicia de Mercedes","jetpack_sharing_enabled":true,"_links":{"self":[{"href":"https:\/\/www.hoymercedes.com.ar\/principal\/wp-json\/wp\/v2\/posts\/183723","targetHints":{"allow":["GET"]}}],"collection":[{"href":"https:\/\/www.hoymercedes.com.ar\/principal\/wp-json\/wp\/v2\/posts"}],"about":[{"href":"https:\/\/www.hoymercedes.com.ar\/principal\/wp-json\/wp\/v2\/types\/post"}],"author":[{"embeddable":true,"href":"https:\/\/www.hoymercedes.com.ar\/principal\/wp-json\/wp\/v2\/users\/1"}],"replies":[{"embeddable":true,"href":"https:\/\/www.hoymercedes.com.ar\/principal\/wp-json\/wp\/v2\/comments?post=183723"}],"version-history":[{"count":2,"href":"https:\/\/www.hoymercedes.com.ar\/principal\/wp-json\/wp\/v2\/posts\/183723\/revisions"}],"predecessor-version":[{"id":183728,"href":"https:\/\/www.hoymercedes.com.ar\/principal\/wp-json\/wp\/v2\/posts\/183723\/revisions\/183728"}],"wp:featuredmedia":[{"embeddable":true,"href":"https:\/\/www.hoymercedes.com.ar\/principal\/wp-json\/wp\/v2\/media\/183724"}],"wp:attachment":[{"href":"https:\/\/www.hoymercedes.com.ar\/principal\/wp-json\/wp\/v2\/media?parent=183723"}],"wp:term":[{"taxonomy":"category","embeddable":true,"href":"https:\/\/www.hoymercedes.com.ar\/principal\/wp-json\/wp\/v2\/categories?post=183723"},{"taxonomy":"post_tag","embeddable":true,"href":"https:\/\/www.hoymercedes.com.ar\/principal\/wp-json\/wp\/v2\/tags?post=183723"}],"curies":[{"name":"wp","href":"https:\/\/api.w.org\/{rel}","templated":true}]}}