{"id":18373,"date":"2012-12-01T01:45:10","date_gmt":"2012-12-01T01:45:10","guid":{"rendered":"http:\/\/www.hoymercedes.com.ar\/principal\/?p=18373"},"modified":"2012-12-01T01:45:14","modified_gmt":"2012-12-01T01:45:14","slug":"este-miercoles-estaria-fundacion-banco-provincia-con-karina-rabolini-en-mercedes","status":"publish","type":"post","link":"https:\/\/www.hoymercedes.com.ar\/principal\/2012\/12\/01\/este-miercoles-estaria-fundacion-banco-provincia-con-karina-rabolini-en-mercedes\/","title":{"rendered":"Este mi\u00e9rcoles estar\u00eda Fundaci\u00f3n Banco Provincia con Karina Rabolini en Mercedes"},"content":{"rendered":"<p>Este mi\u00e9rcoles estar\u00eda\u00a0en nuestra ciudad la esposa del gobernador Daniel Scioli como Presidenta de la Fundaci\u00f3n Banco\u00a0Provincia, \u00a0Karina Rabolini.<\/p>\n<p>Los motivos de la visita ser\u00edan efectuar alg\u00fan tipo de intercambio institucional entre la comuna de nuestra ciudad y la Fundaci\u00f3n que podr\u00eda incluir entrega de alg\u00fan elemento para desempe\u00f1o institucional en t\u00e9rminos de beneficio social.<\/p>\n<p>Si bien la informaci\u00f3n ha empezado por el momento a circular s\u00f3lo en los \u00e1mbitos pol\u00edticos oficialistas, especialmente en la militancia, podr\u00eda convertirse en un paso m\u00e1s entre las relaciones provinciales y municipales.<\/p>\n","protected":false},"excerpt":{"rendered":"<p>Este mi\u00e9rcoles estar\u00eda\u00a0en nuestra ciudad la esposa del gobernador Daniel Scioli como Presidenta de la Fundaci\u00f3n Banco\u00a0Provincia, \u00a0Karina Rabolini. Los &#8230; <a title=\"Este mi\u00e9rcoles estar\u00eda Fundaci\u00f3n Banco Provincia con Karina Rabolini en Mercedes\" class=\"read-more\" href=\"https:\/\/www.hoymercedes.com.ar\/principal\/2012\/12\/01\/este-miercoles-estaria-fundacion-banco-provincia-con-karina-rabolini-en-mercedes\/\" aria-label=\"Leer m\u00e1s sobre Este mi\u00e9rcoles estar\u00eda Fundaci\u00f3n Banco Provincia con Karina Rabolini en Mercedes\">Leer m\u00e1s<\/a><\/p>\n","protected":false},"author":1,"featured_media":0,"comment_status":"open","ping_status":"open","sticky":false,"template":"","format":"standard","meta":{"_monsterinsights_skip_tracking":false,"_monsterinsights_sitenote_active":false,"_monsterinsights_sitenote_note":"","_monsterinsights_sitenote_category":0,"jetpack_post_was_ever_published":false,"_jetpack_newsletter_access":"","_jetpack_dont_email_post_to_subs":false,"_jetpack_newsletter_tier_id":0,"_jetpack_memberships_contains_paywalled_content":false,"_jetpack_memberships_contains_paid_content":false,"footnotes":"","jetpack_publicize_message":"","jetpack_publicize_feature_enabled":true,"jetpack_social_post_already_shared":false,"jetpack_social_options":{"image_generator_settings":{"template":"highway","default_image_id":0,"font":"","enabled":false},"version":2},"_wpas_customize_per_network":false},"categories":[5],"tags":[39,3025,3023],"class_list":["post-18373","post","type-post","status-publish","format-standard","hentry","category-politica","tag-carlos-selva","tag-fundacion-banco-provincia","tag-karina-rabolini","generate-columns","tablet-grid-50","mobile-grid-100","grid-parent","grid-50"],"jetpack_publicize_connections":[],"jetpack_featured_media_url":"","wps_subtitle":"","jetpack_sharing_enabled":true,"_links":{"self":[{"href":"https:\/\/www.hoymercedes.com.ar\/principal\/wp-json\/wp\/v2\/posts\/18373","targetHints":{"allow":["GET"]}}],"collection":[{"href":"https:\/\/www.hoymercedes.com.ar\/principal\/wp-json\/wp\/v2\/posts"}],"about":[{"href":"https:\/\/www.hoymercedes.com.ar\/principal\/wp-json\/wp\/v2\/types\/post"}],"author":[{"embeddable":true,"href":"https:\/\/www.hoymercedes.com.ar\/principal\/wp-json\/wp\/v2\/users\/1"}],"replies":[{"embeddable":true,"href":"https:\/\/www.hoymercedes.com.ar\/principal\/wp-json\/wp\/v2\/comments?post=18373"}],"version-history":[{"count":0,"href":"https:\/\/www.hoymercedes.com.ar\/principal\/wp-json\/wp\/v2\/posts\/18373\/revisions"}],"wp:attachment":[{"href":"https:\/\/www.hoymercedes.com.ar\/principal\/wp-json\/wp\/v2\/media?parent=18373"}],"wp:term":[{"taxonomy":"category","embeddable":true,"href":"https:\/\/www.hoymercedes.com.ar\/principal\/wp-json\/wp\/v2\/categories?post=18373"},{"taxonomy":"post_tag","embeddable":true,"href":"https:\/\/www.hoymercedes.com.ar\/principal\/wp-json\/wp\/v2\/tags?post=18373"}],"curies":[{"name":"wp","href":"https:\/\/api.w.org\/{rel}","templated":true}]}}