{"id":183731,"date":"2025-04-03T17:30:00","date_gmt":"2025-04-03T20:30:00","guid":{"rendered":"https:\/\/www.hoymercedes.com.ar\/principal\/?p=183731"},"modified":"2025-04-03T17:10:47","modified_gmt":"2025-04-03T20:10:47","slug":"muy-asistido-acto-por-malvinas-ratifica-el-apoyo-a-la-causa-y-a-nuestros-heroes-locales","status":"publish","type":"post","link":"https:\/\/www.hoymercedes.com.ar\/principal\/2025\/04\/03\/muy-asistido-acto-por-malvinas-ratifica-el-apoyo-a-la-causa-y-a-nuestros-heroes-locales\/","title":{"rendered":"Muy asistido acto por Malvinas ratifica el apoyo a la causa y a nuestros h\u00e9roes locales"},"content":{"rendered":"\n<figure class=\"wp-block-image size-large\"><img loading=\"lazy\" decoding=\"async\" width=\"1024\" height=\"682\" data-attachment-id=\"183732\" data-permalink=\"https:\/\/www.hoymercedes.com.ar\/principal\/2025\/04\/03\/muy-asistido-acto-por-malvinas-ratifica-el-apoyo-a-la-causa-y-a-nuestros-heroes-locales\/sja_4873\/#main\" data-orig-file=\"https:\/\/www.hoymercedes.com.ar\/principal\/wp-content\/uploads\/2025\/04\/SJA_4873.jpg\" data-orig-size=\"1319,879\" data-comments-opened=\"0\" data-image-meta=\"{&quot;aperture&quot;:&quot;0&quot;,&quot;credit&quot;:&quot;SEBASTIANAMBROSSIO&quot;,&quot;camera&quot;:&quot;&quot;,&quot;caption&quot;:&quot;&quot;,&quot;created_timestamp&quot;:&quot;0&quot;,&quot;copyright&quot;:&quot;SebastianAmbrossio&quot;,&quot;focal_length&quot;:&quot;0&quot;,&quot;iso&quot;:&quot;0&quot;,&quot;shutter_speed&quot;:&quot;0&quot;,&quot;title&quot;:&quot;&quot;,&quot;orientation&quot;:&quot;0&quot;}\" data-image-title=\"Muy asistido acto por Malvinas ratifica el apoyo a la causa y a nuestros h\u00e9roes locales\" data-image-description=\"&lt;p&gt;Muy asistido acto por Malvinas ratifica el apoyo a la causa y a nuestros h\u00e9roes locales&lt;\/p&gt;\n\" data-image-caption=\"&lt;p&gt;Muy asistido acto por Malvinas ratifica el apoyo a la causa y a nuestros h\u00e9roes locales&lt;\/p&gt;\n\" data-large-file=\"https:\/\/www.hoymercedes.com.ar\/principal\/wp-content\/uploads\/2025\/04\/SJA_4873-1024x682.jpg\" src=\"https:\/\/www.hoymercedes.com.ar\/principal\/wp-content\/uploads\/2025\/04\/SJA_4873-1024x682.jpg\" alt=\"\" class=\"wp-image-183732\" srcset=\"https:\/\/www.hoymercedes.com.ar\/principal\/wp-content\/uploads\/2025\/04\/SJA_4873-1024x682.jpg 1024w, https:\/\/www.hoymercedes.com.ar\/principal\/wp-content\/uploads\/2025\/04\/SJA_4873-630x420.jpg 630w, https:\/\/www.hoymercedes.com.ar\/principal\/wp-content\/uploads\/2025\/04\/SJA_4873-150x100.jpg 150w, https:\/\/www.hoymercedes.com.ar\/principal\/wp-content\/uploads\/2025\/04\/SJA_4873-700x465.jpg 700w, https:\/\/www.hoymercedes.com.ar\/principal\/wp-content\/uploads\/2025\/04\/SJA_4873.jpg 1319w\" sizes=\"auto, (max-width: 1024px) 100vw, 1024px\" \/><\/figure>\n\n\n\n<p>Con un gran marco de asistentes se llev\u00f3 adelante el Acto por el <strong>D\u00eda del Veterano y de los Ca\u00eddos en la guerra de Malvinas.<\/strong> Los veteranos de Mercedes fueron los grandes protagonistas acompa\u00f1ados de familiares y gran n\u00famero de instituciones y escuelas. El intendente <strong>Ustarroz <\/strong>y el Senador <strong>Eduardo \u201cWado\u201d de Pedro<\/strong> fueron parte de la actividad.<\/p>\n\n\n\n<p><strong>Acto<\/strong><\/p>\n\n\n\n<p>El acto se desarroll\u00f3 frente al monumento a los Veteranos y Ca\u00eddos ubicado en Plaza San Jos\u00e9. Cont\u00f3 con una gran cantidad de asistentes provenientes de instituciones, escuelas, clubes, fuerzas de seguridad, funcionarios judiciales, colegios profesionales y m\u00e1s. Entre ellos estuvo tambi\u00e9n el mencionado Senador <strong>Eduardo \u201cWado\u201d de Pedro<\/strong>, el diputado nacional MC <strong>Carlos Selva <\/strong>y muy especialmente familiares de los veteranos locales.<\/p>\n\n\n\n<figure class=\"wp-block-image size-large\"><img loading=\"lazy\" decoding=\"async\" width=\"1024\" height=\"682\" data-attachment-id=\"183733\" data-permalink=\"https:\/\/www.hoymercedes.com.ar\/principal\/2025\/04\/03\/muy-asistido-acto-por-malvinas-ratifica-el-apoyo-a-la-causa-y-a-nuestros-heroes-locales\/sja_5074\/#main\" data-orig-file=\"https:\/\/www.hoymercedes.com.ar\/principal\/wp-content\/uploads\/2025\/04\/SJA_5074.jpg\" data-orig-size=\"1319,879\" data-comments-opened=\"0\" data-image-meta=\"{&quot;aperture&quot;:&quot;0&quot;,&quot;credit&quot;:&quot;SEBASTIANAMBROSSIO&quot;,&quot;camera&quot;:&quot;&quot;,&quot;caption&quot;:&quot;&quot;,&quot;created_timestamp&quot;:&quot;0&quot;,&quot;copyright&quot;:&quot;SebastianAmbrossio&quot;,&quot;focal_length&quot;:&quot;0&quot;,&quot;iso&quot;:&quot;0&quot;,&quot;shutter_speed&quot;:&quot;0&quot;,&quot;title&quot;:&quot;&quot;,&quot;orientation&quot;:&quot;0&quot;}\" data-image-title=\"SJA_5074\" data-image-description=\"\" data-image-caption=\"\" data-large-file=\"https:\/\/www.hoymercedes.com.ar\/principal\/wp-content\/uploads\/2025\/04\/SJA_5074-1024x682.jpg\" src=\"https:\/\/www.hoymercedes.com.ar\/principal\/wp-content\/uploads\/2025\/04\/SJA_5074-1024x682.jpg\" alt=\"\" class=\"wp-image-183733\" srcset=\"https:\/\/www.hoymercedes.com.ar\/principal\/wp-content\/uploads\/2025\/04\/SJA_5074-1024x682.jpg 1024w, https:\/\/www.hoymercedes.com.ar\/principal\/wp-content\/uploads\/2025\/04\/SJA_5074-630x420.jpg 630w, https:\/\/www.hoymercedes.com.ar\/principal\/wp-content\/uploads\/2025\/04\/SJA_5074-150x100.jpg 150w, https:\/\/www.hoymercedes.com.ar\/principal\/wp-content\/uploads\/2025\/04\/SJA_5074-700x465.jpg 700w, https:\/\/www.hoymercedes.com.ar\/principal\/wp-content\/uploads\/2025\/04\/SJA_5074.jpg 1319w\" sizes=\"auto, (max-width: 1024px) 100vw, 1024px\" \/><\/figure>\n\n\n\n<p><strong>Centro<\/strong><\/p>\n\n\n\n<p>El inicio estuvo a cargo del <strong>Obispo auxiliar Mauricio landra<\/strong>. Luego tom\u00f3 la palabra <strong>Marcelo De Cunto<\/strong>, presidente del Centro de Veteranos y Ca\u00eddos de Mercedes.<\/p>\n\n\n\n<p>\u201cHoy estamos reunidos para conmemorar el 2 de abril de 1982. El 2 de abril de ese a\u00f1o fue un d\u00eda emblem\u00e1tico para la patria. Se entr\u00f3 en guerra con Gran Breta\u00f1a. Fue un d\u00eda euf\u00f3rico\u201d record\u00f3 De Cunto.<\/p>\n\n\n\n<p>M\u00e1s adelante sostuvo que \u201cla soberan\u00eda nos corresponde no solamente por el territorio, sino que nos corresponde por historia y nos identifica como seres humanos\u201d y \u201cvoy a pedir memoria para recordar siempre a nuestros 632 soldados que lucharon con valent\u00eda, con honor, hasta perder su vida. Soldados que est\u00e1n todav\u00eda en la isla cuid\u00e1ndola\u201d<\/p>\n\n\n\n<p>Remarc\u00f3 que \u201cel reclamo sobre nuestra soberan\u00eda debe estar firme, debe ser en paz, democr\u00e1ticamente y diplom\u00e1ticamente. Pero a mi consideraci\u00f3n hay una cosa que es fundamental, que es el primer escal\u00f3n. El primer escal\u00f3n para m\u00ed es que nos tienen que encontrar unidos como argentinos y me parece que en este momento no lo estamos logrando y eso me pone mal\u201d<\/p>\n\n\n\n<p>Destac\u00f3 tambi\u00e9n \u201ca la mujer, a la mujer malvinera, que es como vimos reci\u00e9n a la mam\u00e1 de Walter (Castro), son las mujeres que realmente sufrieron en esta historia. Y tambi\u00e9n agradecer a nuestras compa\u00f1eras, esposas, que fueron las que nos bancaron despu\u00e9s de la guerra en ese momento tan dif\u00edcil\u201d<\/p>\n\n\n\n<p>\u201cPor \u00faltimo, para cerrar, me quiero solidarizar con todos los veteranos de guerra que hoy asistieron al acto oficial de la Naci\u00f3n y no los dejaron participar\u201d sostuvo y coment\u00f3 al cierre que conoci\u00f3 recientemente una historia donde hablaba un pap\u00e1 con una ni\u00f1a y el final era que, en la guerra, nadie gana y que los ca\u00eddos \u201cestaban abajo de una cruz blanca, en territorio argentino, pero que estaban vivos, cuidando la isla\u201d<\/p>\n\n\n\n<figure class=\"wp-block-image size-large\"><img loading=\"lazy\" decoding=\"async\" width=\"1024\" height=\"682\" data-attachment-id=\"183734\" data-permalink=\"https:\/\/www.hoymercedes.com.ar\/principal\/2025\/04\/03\/muy-asistido-acto-por-malvinas-ratifica-el-apoyo-a-la-causa-y-a-nuestros-heroes-locales\/sja_5027\/#main\" data-orig-file=\"https:\/\/www.hoymercedes.com.ar\/principal\/wp-content\/uploads\/2025\/04\/SJA_5027.jpg\" data-orig-size=\"1319,879\" data-comments-opened=\"0\" data-image-meta=\"{&quot;aperture&quot;:&quot;0&quot;,&quot;credit&quot;:&quot;SEBASTIANAMBROSSIO&quot;,&quot;camera&quot;:&quot;&quot;,&quot;caption&quot;:&quot;&quot;,&quot;created_timestamp&quot;:&quot;0&quot;,&quot;copyright&quot;:&quot;SebastianAmbrossio&quot;,&quot;focal_length&quot;:&quot;0&quot;,&quot;iso&quot;:&quot;0&quot;,&quot;shutter_speed&quot;:&quot;0&quot;,&quot;title&quot;:&quot;&quot;,&quot;orientation&quot;:&quot;0&quot;}\" data-image-title=\"SJA_5027\" data-image-description=\"\" data-image-caption=\"\" data-large-file=\"https:\/\/www.hoymercedes.com.ar\/principal\/wp-content\/uploads\/2025\/04\/SJA_5027-1024x682.jpg\" src=\"https:\/\/www.hoymercedes.com.ar\/principal\/wp-content\/uploads\/2025\/04\/SJA_5027-1024x682.jpg\" alt=\"\" class=\"wp-image-183734\" srcset=\"https:\/\/www.hoymercedes.com.ar\/principal\/wp-content\/uploads\/2025\/04\/SJA_5027-1024x682.jpg 1024w, https:\/\/www.hoymercedes.com.ar\/principal\/wp-content\/uploads\/2025\/04\/SJA_5027-630x420.jpg 630w, https:\/\/www.hoymercedes.com.ar\/principal\/wp-content\/uploads\/2025\/04\/SJA_5027-150x100.jpg 150w, https:\/\/www.hoymercedes.com.ar\/principal\/wp-content\/uploads\/2025\/04\/SJA_5027-700x465.jpg 700w, https:\/\/www.hoymercedes.com.ar\/principal\/wp-content\/uploads\/2025\/04\/SJA_5027.jpg 1319w\" sizes=\"auto, (max-width: 1024px) 100vw, 1024px\" \/><\/figure>\n\n\n\n<p><strong>Palabras<\/strong><\/p>\n\n\n\n<p>El intendente Juan I. Ustarroz inici\u00f3 su exposici\u00f3n felicitando y agradeciendo a los Veteranos, destacando el apoyo de sus familias y de la comunidad.<\/p>\n\n\n\n<p>Record\u00f3 dos historias donde la solidaridad, el compromiso, el respeto y el amor sobre Malvinas eran su eje expresando que \u201cseguramente hay much\u00edsimas historias que representan el sentir mayoritario de un pueblo. Creo que esta plaza, hoy, es tambi\u00e9n parte de ese reconocimiento, esta plaza del encuentro, esta plaza de, como dice el Papa Francisco, la memoria agradecida con nuestros combatientes, con nuestros h\u00e9roes, con sus familiares. Esta plaza que los abraza, porque fundamentalmente a ellos les queda una misi\u00f3n muy dif\u00edcil tambi\u00e9n, que es la de transmitir, la de contar, la de ejercer la memoria\u201d porque \u201ces volver a pasar por el coraz\u00f3n lo que uno vivi\u00f3, y uno no estuvo en la guerra, pero permite representarnos lo duro y dif\u00edcil que fue para ellos, para sus familias, para muchos ciudadanos y ciudadanas\u201d<\/p>\n\n\n\n<p>Tambi\u00e9n que deseaba \u201cagradecerles profundamente, pedir siempre que los acompa\u00f1emos, que acompa\u00f1emos a ellos, a su familia\u201d ratificando \u201cnuestra soberan\u00eda sobre las islas\u201d y que \u201ctenemos que reconstruir una historia sobre la base de la esperanza, sobre la base de la unidad, que Malvinas es una causa que nos une para poder luchar por la soberan\u00eda y para poder construir una sociedad mejor\u201d entre otros conceptos.<\/p>\n\n\n\n<figure class=\"wp-block-image size-large\"><img loading=\"lazy\" decoding=\"async\" width=\"1024\" height=\"682\" data-attachment-id=\"183735\" data-permalink=\"https:\/\/www.hoymercedes.com.ar\/principal\/2025\/04\/03\/muy-asistido-acto-por-malvinas-ratifica-el-apoyo-a-la-causa-y-a-nuestros-heroes-locales\/sja_5051\/#main\" data-orig-file=\"https:\/\/www.hoymercedes.com.ar\/principal\/wp-content\/uploads\/2025\/04\/SJA_5051.jpg\" data-orig-size=\"1319,879\" data-comments-opened=\"0\" data-image-meta=\"{&quot;aperture&quot;:&quot;0&quot;,&quot;credit&quot;:&quot;SEBASTIANAMBROSSIO&quot;,&quot;camera&quot;:&quot;&quot;,&quot;caption&quot;:&quot;&quot;,&quot;created_timestamp&quot;:&quot;0&quot;,&quot;copyright&quot;:&quot;SebastianAmbrossio&quot;,&quot;focal_length&quot;:&quot;0&quot;,&quot;iso&quot;:&quot;0&quot;,&quot;shutter_speed&quot;:&quot;0&quot;,&quot;title&quot;:&quot;&quot;,&quot;orientation&quot;:&quot;0&quot;}\" data-image-title=\"SJA_5051\" data-image-description=\"\" data-image-caption=\"\" data-large-file=\"https:\/\/www.hoymercedes.com.ar\/principal\/wp-content\/uploads\/2025\/04\/SJA_5051-1024x682.jpg\" src=\"https:\/\/www.hoymercedes.com.ar\/principal\/wp-content\/uploads\/2025\/04\/SJA_5051-1024x682.jpg\" alt=\"\" class=\"wp-image-183735\" srcset=\"https:\/\/www.hoymercedes.com.ar\/principal\/wp-content\/uploads\/2025\/04\/SJA_5051-1024x682.jpg 1024w, https:\/\/www.hoymercedes.com.ar\/principal\/wp-content\/uploads\/2025\/04\/SJA_5051-630x420.jpg 630w, https:\/\/www.hoymercedes.com.ar\/principal\/wp-content\/uploads\/2025\/04\/SJA_5051-150x100.jpg 150w, https:\/\/www.hoymercedes.com.ar\/principal\/wp-content\/uploads\/2025\/04\/SJA_5051-700x465.jpg 700w, https:\/\/www.hoymercedes.com.ar\/principal\/wp-content\/uploads\/2025\/04\/SJA_5051.jpg 1319w\" sizes=\"auto, (max-width: 1024px) 100vw, 1024px\" \/><\/figure>\n\n\n\n<p><strong>Participaci\u00f3n<\/strong><\/p>\n\n\n\n<p>Entre las escuelas presentes se encontraban Jard\u00edn N\u00b0907, Jard\u00edn N\u00b0909, Jard\u00edn N\u00b0904, Escuela Primara N\u00b036, Colegio San Patricio, Escuela de Educaci\u00f3n Art\u00edstica, Escuela Primaria N\u00b07, Camila Rol\u00f3n, Escuela de Educaci\u00f3n T\u00e9cnica N\u00b01, Colegio Misericodia, Escuela Primaria N\u00b025, Escuela Primaria N\u00b026, Escuela Primaria N\u00b010, Instituto Padre Ansaldo, Colegio Santa Mar\u00eda, Instituto de formaci\u00f3n de Formaci\u00f3n Docente y T\u00e9cnica N\u00b07, Escuela Espacial N\u00b0504 y Colegio San Lu\u00eds Gonzaga, adem\u00e1s de sindicatos, poder judicial, polic\u00edas, bomberos, gendarmer\u00eda, colegios profesionales, y muchos m\u00e1s, siendo, una vez m\u00e1s, un acto realmente muy convocante.<\/p>\n","protected":false},"excerpt":{"rendered":"<p>Con un gran marco de asistentes se llev\u00f3 adelante el Acto por el D\u00eda del Veterano y de los Ca\u00eddos &#8230; <a title=\"Muy asistido acto por Malvinas ratifica el apoyo a la causa y a nuestros h\u00e9roes locales\" class=\"read-more\" href=\"https:\/\/www.hoymercedes.com.ar\/principal\/2025\/04\/03\/muy-asistido-acto-por-malvinas-ratifica-el-apoyo-a-la-causa-y-a-nuestros-heroes-locales\/\" aria-label=\"Leer m\u00e1s sobre Muy asistido acto por Malvinas ratifica el apoyo a la causa y a nuestros h\u00e9roes locales\">Leer m\u00e1s<\/a><\/p>\n","protected":false},"author":1,"featured_media":183732,"comment_status":"closed","ping_status":"open","sticky":false,"template":"","format":"standard","meta":{"_monsterinsights_skip_tracking":false,"_monsterinsights_sitenote_active":false,"_monsterinsights_sitenote_note":"","_monsterinsights_sitenote_category":0,"jetpack_post_was_ever_published":false,"_jetpack_newsletter_access":"","_jetpack_dont_email_post_to_subs":false,"_jetpack_newsletter_tier_id":0,"_jetpack_memberships_contains_paywalled_content":false,"_jetpack_memberships_contains_paid_content":false,"footnotes":"","jetpack_publicize_message":"","jetpack_publicize_feature_enabled":true,"jetpack_social_post_already_shared":true,"jetpack_social_options":{"image_generator_settings":{"template":"highway","default_image_id":0,"font":"","enabled":false},"version":2},"_wpas_customize_per_network":false},"categories":[8],"tags":[18706],"class_list":["post-183731","post","type-post","status-publish","format-standard","has-post-thumbnail","hentry","category-sociedad","tag-acto-por-malvinas","generate-columns","tablet-grid-50","mobile-grid-100","grid-parent","grid-50"],"jetpack_publicize_connections":[],"jetpack_featured_media_url":"https:\/\/www.hoymercedes.com.ar\/principal\/wp-content\/uploads\/2025\/04\/SJA_4873.jpg","wps_subtitle":"Memoria","jetpack_sharing_enabled":true,"_links":{"self":[{"href":"https:\/\/www.hoymercedes.com.ar\/principal\/wp-json\/wp\/v2\/posts\/183731","targetHints":{"allow":["GET"]}}],"collection":[{"href":"https:\/\/www.hoymercedes.com.ar\/principal\/wp-json\/wp\/v2\/posts"}],"about":[{"href":"https:\/\/www.hoymercedes.com.ar\/principal\/wp-json\/wp\/v2\/types\/post"}],"author":[{"embeddable":true,"href":"https:\/\/www.hoymercedes.com.ar\/principal\/wp-json\/wp\/v2\/users\/1"}],"replies":[{"embeddable":true,"href":"https:\/\/www.hoymercedes.com.ar\/principal\/wp-json\/wp\/v2\/comments?post=183731"}],"version-history":[{"count":2,"href":"https:\/\/www.hoymercedes.com.ar\/principal\/wp-json\/wp\/v2\/posts\/183731\/revisions"}],"predecessor-version":[{"id":183737,"href":"https:\/\/www.hoymercedes.com.ar\/principal\/wp-json\/wp\/v2\/posts\/183731\/revisions\/183737"}],"wp:featuredmedia":[{"embeddable":true,"href":"https:\/\/www.hoymercedes.com.ar\/principal\/wp-json\/wp\/v2\/media\/183732"}],"wp:attachment":[{"href":"https:\/\/www.hoymercedes.com.ar\/principal\/wp-json\/wp\/v2\/media?parent=183731"}],"wp:term":[{"taxonomy":"category","embeddable":true,"href":"https:\/\/www.hoymercedes.com.ar\/principal\/wp-json\/wp\/v2\/categories?post=183731"},{"taxonomy":"post_tag","embeddable":true,"href":"https:\/\/www.hoymercedes.com.ar\/principal\/wp-json\/wp\/v2\/tags?post=183731"}],"curies":[{"name":"wp","href":"https:\/\/api.w.org\/{rel}","templated":true}]}}