{"id":183773,"date":"2025-04-05T15:33:22","date_gmt":"2025-04-05T18:33:22","guid":{"rendered":"https:\/\/www.hoymercedes.com.ar\/principal\/?p=183773"},"modified":"2025-04-05T15:33:24","modified_gmt":"2025-04-05T18:33:24","slug":"peticiones-particulares-por-el-presupuesto-participativo-y-el-transito","status":"publish","type":"post","link":"https:\/\/www.hoymercedes.com.ar\/principal\/2025\/04\/05\/peticiones-particulares-por-el-presupuesto-participativo-y-el-transito\/","title":{"rendered":"Peticiones particulares por el presupuesto participativo y el tr\u00e1nsito"},"content":{"rendered":"\n<p>D\u00edas atr\u00e1s, el concejal mandato cumplido Carlos Mosso present\u00f3 ante el Concejo Deliberante de Mercedes y al Departamento Ejecutivo dos peticiones particulares. La primera est\u00e1 relacionada por el presupuesto participativo, en tanto, la segunda solicita cambios de sentidos en las calles del Barrio San Francisco. <\/p>\n\n\n\n<p>A modo de resumen, Moss explic\u00f3 que la petici\u00f3n particular primera \u00abtiene que ver con el no cumplimiento desde el 2020 de la Ordenanza Presupuesto Participativo. La misma Petici\u00f3n con alg\u00fanos cambios l\u00f3gicos se la dirig\u00ed al Funcionario Santiago Altube responsable de la ejecuci\u00f3n y al HCD para que se involucren en el tema y exijan cumplimiento\u00bb.<\/p>\n\n\n\n<p>\u00abLa segunda petici\u00f3n est\u00e1 dirigida al HCD, proponiendo cambios en sentidos de calles del Barrio San Francisco\u00bb, agreg\u00f3 Mosso. Entre los cambios solicitados, se encuentran la conversi\u00f3n a mano \u00fanica de las calles 3, 5 y 7 entre 102 y 2, adem\u00e1s de ajustes en la se\u00f1alizaci\u00f3n de la calle 9 entre avenida 2 y calle 114, cuya disposici\u00f3n actual estar\u00eda en contradicci\u00f3n con una ordenanza vigente.<\/p>\n\n\n\n<p>\u00abCreo que est\u00e1 claro que no es la primera vez que me involucro en diversos temas desde afuera y dentro del HCD, los ciudadanos tenemos derechos , obligaciones y en ese sentido tambi\u00e9n podemos reclamar, sugerir, criticar pero por sobre todo proponer\u00bb, resalt\u00f3 el ex concejal y referente barrial.<\/p>\n","protected":false},"excerpt":{"rendered":"<p>D\u00edas atr\u00e1s, el concejal mandato cumplido Carlos Mosso present\u00f3 ante el Concejo Deliberante de Mercedes y al Departamento Ejecutivo dos &#8230; <a title=\"Peticiones particulares por el presupuesto participativo y el tr\u00e1nsito\" class=\"read-more\" href=\"https:\/\/www.hoymercedes.com.ar\/principal\/2025\/04\/05\/peticiones-particulares-por-el-presupuesto-participativo-y-el-transito\/\" aria-label=\"Leer m\u00e1s sobre Peticiones particulares por el presupuesto participativo y el tr\u00e1nsito\">Leer m\u00e1s<\/a><\/p>\n","protected":false},"author":1,"featured_media":135032,"comment_status":"closed","ping_status":"open","sticky":false,"template":"","format":"standard","meta":{"_monsterinsights_skip_tracking":false,"_monsterinsights_sitenote_active":false,"_monsterinsights_sitenote_note":"","_monsterinsights_sitenote_category":0,"jetpack_post_was_ever_published":false,"_jetpack_newsletter_access":"","_jetpack_dont_email_post_to_subs":false,"_jetpack_newsletter_tier_id":0,"_jetpack_memberships_contains_paywalled_content":false,"_jetpack_memberships_contains_paid_content":false,"footnotes":"","jetpack_publicize_message":"","jetpack_publicize_feature_enabled":true,"jetpack_social_post_already_shared":true,"jetpack_social_options":{"image_generator_settings":{"template":"highway","default_image_id":0,"font":"","enabled":false},"version":2},"_wpas_customize_per_network":false},"categories":[8],"tags":[],"class_list":["post-183773","post","type-post","status-publish","format-standard","has-post-thumbnail","hentry","category-sociedad","generate-columns","tablet-grid-50","mobile-grid-100","grid-parent","grid-50"],"jetpack_publicize_connections":[],"jetpack_featured_media_url":"https:\/\/www.hoymercedes.com.ar\/principal\/wp-content\/uploads\/2021\/08\/Carlos-Mosso-HCD.jpeg","wps_subtitle":"","jetpack_sharing_enabled":true,"_links":{"self":[{"href":"https:\/\/www.hoymercedes.com.ar\/principal\/wp-json\/wp\/v2\/posts\/183773","targetHints":{"allow":["GET"]}}],"collection":[{"href":"https:\/\/www.hoymercedes.com.ar\/principal\/wp-json\/wp\/v2\/posts"}],"about":[{"href":"https:\/\/www.hoymercedes.com.ar\/principal\/wp-json\/wp\/v2\/types\/post"}],"author":[{"embeddable":true,"href":"https:\/\/www.hoymercedes.com.ar\/principal\/wp-json\/wp\/v2\/users\/1"}],"replies":[{"embeddable":true,"href":"https:\/\/www.hoymercedes.com.ar\/principal\/wp-json\/wp\/v2\/comments?post=183773"}],"version-history":[{"count":1,"href":"https:\/\/www.hoymercedes.com.ar\/principal\/wp-json\/wp\/v2\/posts\/183773\/revisions"}],"predecessor-version":[{"id":183774,"href":"https:\/\/www.hoymercedes.com.ar\/principal\/wp-json\/wp\/v2\/posts\/183773\/revisions\/183774"}],"wp:featuredmedia":[{"embeddable":true,"href":"https:\/\/www.hoymercedes.com.ar\/principal\/wp-json\/wp\/v2\/media\/135032"}],"wp:attachment":[{"href":"https:\/\/www.hoymercedes.com.ar\/principal\/wp-json\/wp\/v2\/media?parent=183773"}],"wp:term":[{"taxonomy":"category","embeddable":true,"href":"https:\/\/www.hoymercedes.com.ar\/principal\/wp-json\/wp\/v2\/categories?post=183773"},{"taxonomy":"post_tag","embeddable":true,"href":"https:\/\/www.hoymercedes.com.ar\/principal\/wp-json\/wp\/v2\/tags?post=183773"}],"curies":[{"name":"wp","href":"https:\/\/api.w.org\/{rel}","templated":true}]}}