{"id":183775,"date":"2025-04-05T16:29:35","date_gmt":"2025-04-05T19:29:35","guid":{"rendered":"https:\/\/www.hoymercedes.com.ar\/principal\/?p=183775"},"modified":"2025-04-05T16:29:38","modified_gmt":"2025-04-05T19:29:38","slug":"encuentro-de-bibliotecarios-en-centro-de-veteranos","status":"publish","type":"post","link":"https:\/\/www.hoymercedes.com.ar\/principal\/2025\/04\/05\/encuentro-de-bibliotecarios-en-centro-de-veteranos\/","title":{"rendered":"Encuentro de bibliotecarios en Centro de Veteranos"},"content":{"rendered":"\n<p>Desde el Municipio de Mercedes informaron que en el marco de los eventos llevados adelante por el D\u00eda del Veterano de la Guerra en las Islas Malvinas, se llev\u00f3 adelante un encuentro entre los responsables de las bibliotecas escolares y los Veteranos de Mercedes. <\/p>\n\n\n\n<p>\u00abEl encuentro en la Casa de los Veteranos a cargo del Centro de Veterano de Malvinas permiti\u00f3 reunir al equipo educativo de la Municipalidad, encabezado por el Jefe Comunal Juan Ustarroz, el secretario de educaci\u00f3n, Jos\u00e9 Lu\u00eds Pisano, el inspector distrital de gesti\u00f3n p\u00fablica, Cristian Ponce y bibliotecarias y bibliotecarios de diversas escuelas de Mercedes que se llevaron material impreso para ampliar las bibliotecas escolares con la tem\u00e1tica de Malvinas\u00bb, explica la informaci\u00f3n municipal.<\/p>\n\n\n\n<p>La actividad se efectu\u00f3 en el marco de acciones vinculadas al 2 de abril, cuyo acto central estuvo impulsado por los veteranos y h\u00e9roes locales y cont\u00f3 con un fuerte apoyo ciudadano e institucional y la planificaci\u00f3n del Mercedes Aprende Unida.<\/p>\n\n\n<div class=\"wp-block-image\">\n<figure class=\"aligncenter size-full\"><img loading=\"lazy\" decoding=\"async\" width=\"800\" height=\"601\" data-attachment-id=\"183776\" data-permalink=\"https:\/\/www.hoymercedes.com.ar\/principal\/2025\/04\/05\/encuentro-de-bibliotecarios-en-centro-de-veteranos\/libros-malvinas-1\/#main\" data-orig-file=\"https:\/\/www.hoymercedes.com.ar\/principal\/wp-content\/uploads\/2025\/04\/Libros-Malvinas-1.jpg\" data-orig-size=\"800,601\" data-comments-opened=\"0\" data-image-meta=\"{&quot;aperture&quot;:&quot;0&quot;,&quot;credit&quot;:&quot;&quot;,&quot;camera&quot;:&quot;&quot;,&quot;caption&quot;:&quot;&quot;,&quot;created_timestamp&quot;:&quot;0&quot;,&quot;copyright&quot;:&quot;&quot;,&quot;focal_length&quot;:&quot;0&quot;,&quot;iso&quot;:&quot;0&quot;,&quot;shutter_speed&quot;:&quot;0&quot;,&quot;title&quot;:&quot;&quot;,&quot;orientation&quot;:&quot;0&quot;}\" data-image-title=\"Libros-Malvinas-1\" data-image-description=\"\" data-image-caption=\"\" data-large-file=\"https:\/\/www.hoymercedes.com.ar\/principal\/wp-content\/uploads\/2025\/04\/Libros-Malvinas-1.jpg\" src=\"https:\/\/www.hoymercedes.com.ar\/principal\/wp-content\/uploads\/2025\/04\/Libros-Malvinas-1.jpg\" alt=\"\" class=\"wp-image-183776\" srcset=\"https:\/\/www.hoymercedes.com.ar\/principal\/wp-content\/uploads\/2025\/04\/Libros-Malvinas-1.jpg 800w, https:\/\/www.hoymercedes.com.ar\/principal\/wp-content\/uploads\/2025\/04\/Libros-Malvinas-1-630x473.jpg 630w, https:\/\/www.hoymercedes.com.ar\/principal\/wp-content\/uploads\/2025\/04\/Libros-Malvinas-1-150x113.jpg 150w\" sizes=\"auto, (max-width: 800px) 100vw, 800px\" \/><\/figure>\n<\/div>","protected":false},"excerpt":{"rendered":"<p>Desde el Municipio de Mercedes informaron que en el marco de los eventos llevados adelante por el D\u00eda del Veterano &#8230; <a title=\"Encuentro de bibliotecarios en Centro de Veteranos\" class=\"read-more\" href=\"https:\/\/www.hoymercedes.com.ar\/principal\/2025\/04\/05\/encuentro-de-bibliotecarios-en-centro-de-veteranos\/\" aria-label=\"Leer m\u00e1s sobre Encuentro de bibliotecarios en Centro de Veteranos\">Leer m\u00e1s<\/a><\/p>\n","protected":false},"author":1,"featured_media":183776,"comment_status":"closed","ping_status":"open","sticky":false,"template":"","format":"standard","meta":{"_monsterinsights_skip_tracking":false,"_monsterinsights_sitenote_active":false,"_monsterinsights_sitenote_note":"","_monsterinsights_sitenote_category":0,"jetpack_post_was_ever_published":false,"_jetpack_newsletter_access":"","_jetpack_dont_email_post_to_subs":false,"_jetpack_newsletter_tier_id":0,"_jetpack_memberships_contains_paywalled_content":false,"_jetpack_memberships_contains_paid_content":false,"footnotes":"","jetpack_publicize_message":"","jetpack_publicize_feature_enabled":true,"jetpack_social_post_already_shared":true,"jetpack_social_options":{"image_generator_settings":{"template":"highway","default_image_id":0,"font":"","enabled":false},"version":2},"_wpas_customize_per_network":false},"categories":[8],"tags":[],"class_list":["post-183775","post","type-post","status-publish","format-standard","has-post-thumbnail","hentry","category-sociedad","generate-columns","tablet-grid-50","mobile-grid-100","grid-parent","grid-50"],"jetpack_publicize_connections":[],"jetpack_featured_media_url":"https:\/\/www.hoymercedes.com.ar\/principal\/wp-content\/uploads\/2025\/04\/Libros-Malvinas-1.jpg","wps_subtitle":"","jetpack_sharing_enabled":true,"_links":{"self":[{"href":"https:\/\/www.hoymercedes.com.ar\/principal\/wp-json\/wp\/v2\/posts\/183775","targetHints":{"allow":["GET"]}}],"collection":[{"href":"https:\/\/www.hoymercedes.com.ar\/principal\/wp-json\/wp\/v2\/posts"}],"about":[{"href":"https:\/\/www.hoymercedes.com.ar\/principal\/wp-json\/wp\/v2\/types\/post"}],"author":[{"embeddable":true,"href":"https:\/\/www.hoymercedes.com.ar\/principal\/wp-json\/wp\/v2\/users\/1"}],"replies":[{"embeddable":true,"href":"https:\/\/www.hoymercedes.com.ar\/principal\/wp-json\/wp\/v2\/comments?post=183775"}],"version-history":[{"count":1,"href":"https:\/\/www.hoymercedes.com.ar\/principal\/wp-json\/wp\/v2\/posts\/183775\/revisions"}],"predecessor-version":[{"id":183777,"href":"https:\/\/www.hoymercedes.com.ar\/principal\/wp-json\/wp\/v2\/posts\/183775\/revisions\/183777"}],"wp:featuredmedia":[{"embeddable":true,"href":"https:\/\/www.hoymercedes.com.ar\/principal\/wp-json\/wp\/v2\/media\/183776"}],"wp:attachment":[{"href":"https:\/\/www.hoymercedes.com.ar\/principal\/wp-json\/wp\/v2\/media?parent=183775"}],"wp:term":[{"taxonomy":"category","embeddable":true,"href":"https:\/\/www.hoymercedes.com.ar\/principal\/wp-json\/wp\/v2\/categories?post=183775"},{"taxonomy":"post_tag","embeddable":true,"href":"https:\/\/www.hoymercedes.com.ar\/principal\/wp-json\/wp\/v2\/tags?post=183775"}],"curies":[{"name":"wp","href":"https:\/\/api.w.org\/{rel}","templated":true}]}}