{"id":183846,"date":"2025-04-08T21:40:19","date_gmt":"2025-04-09T00:40:19","guid":{"rendered":"https:\/\/www.hoymercedes.com.ar\/principal\/?p=183846"},"modified":"2025-04-08T21:40:22","modified_gmt":"2025-04-09T00:40:22","slug":"gran-obra-en-el-teatro-argentino-libre-y-gratuita","status":"publish","type":"post","link":"https:\/\/www.hoymercedes.com.ar\/principal\/2025\/04\/08\/gran-obra-en-el-teatro-argentino-libre-y-gratuita\/","title":{"rendered":"Gran obra en el Teatro Argentino libre y gratuita"},"content":{"rendered":"\n<figure class=\"wp-block-image size-full\"><img loading=\"lazy\" decoding=\"async\" width=\"1000\" height=\"650\" data-attachment-id=\"183847\" data-permalink=\"https:\/\/www.hoymercedes.com.ar\/principal\/2025\/04\/08\/gran-obra-en-el-teatro-argentino-libre-y-gratuita\/teatro-titocossa\/#main\" data-orig-file=\"https:\/\/www.hoymercedes.com.ar\/principal\/wp-content\/uploads\/2025\/04\/teatro-titocossa.jpg\" data-orig-size=\"1000,650\" data-comments-opened=\"0\" data-image-meta=\"{&quot;aperture&quot;:&quot;0&quot;,&quot;credit&quot;:&quot;&quot;,&quot;camera&quot;:&quot;&quot;,&quot;caption&quot;:&quot;&quot;,&quot;created_timestamp&quot;:&quot;0&quot;,&quot;copyright&quot;:&quot;&quot;,&quot;focal_length&quot;:&quot;0&quot;,&quot;iso&quot;:&quot;0&quot;,&quot;shutter_speed&quot;:&quot;0&quot;,&quot;title&quot;:&quot;&quot;,&quot;orientation&quot;:&quot;0&quot;}\" data-image-title=\"teatro-titocossa\" data-image-description=\"&lt;p&gt;Gran obra en el Teatro Argentino libre y gratuita&lt;\/p&gt;\n\" data-image-caption=\"&lt;p&gt;Gran obra en el Teatro Argentino libre y gratuita&lt;\/p&gt;\n\" data-large-file=\"https:\/\/www.hoymercedes.com.ar\/principal\/wp-content\/uploads\/2025\/04\/teatro-titocossa.jpg\" src=\"https:\/\/www.hoymercedes.com.ar\/principal\/wp-content\/uploads\/2025\/04\/teatro-titocossa.jpg\" alt=\"\" class=\"wp-image-183847\" srcset=\"https:\/\/www.hoymercedes.com.ar\/principal\/wp-content\/uploads\/2025\/04\/teatro-titocossa.jpg 1000w, https:\/\/www.hoymercedes.com.ar\/principal\/wp-content\/uploads\/2025\/04\/teatro-titocossa-630x410.jpg 630w, https:\/\/www.hoymercedes.com.ar\/principal\/wp-content\/uploads\/2025\/04\/teatro-titocossa-150x98.jpg 150w\" sizes=\"auto, (max-width: 1000px) 100vw, 1000px\" \/><\/figure>\n\n\n\n<p>Se viene una invitaci\u00f3n de primera l\u00ednea para las y los mercedinos. El pr\u00f3ximo 17 de abril el Teatro Argentino abre sus puertas para poder disfrutar de la obra teatral \u201cYa nadie recuerda a Fr\u00e9d\u00e9ric Chopin\u201d del reconocido&nbsp; Tito Cosa.<\/p>\n\n\n\n<p><strong>Ciclo<\/strong><\/p>\n\n\n\n<p>La propuesta se enmarca en la iniciativa de la Direcci\u00f3n de Cultura bajo el programa \u201cJueves de Teatro Argentino\u201d buscando potenciar el acceso de las y los mercedinos a historias que nos emocionan, nos hacen re\u00edr, pensar y sentirnos parte.<\/p>\n\n\n\n<p>\u201cLos jueves con este ciclo, el Teatro Municipal se llena de propuestas valiosas que llegan a nuestra ciudad para acercarnos a lo mejor del teatro argentino y celebrar nuestra identidad. Un espacio de encuentro, de comunidad, de disfrute. Porque ir al teatro siempre es un buen plan, porque nos hace bien\u201d destacaron desde el Teatro desde el equipo conducido por Jimena Rivas.<\/p>\n\n\n\n<p><strong>Obra<\/strong><\/p>\n\n\n\n<p>En esta ocasi\u00f3n ser\u00e1 de acceso libre y gratuito. En este caso se trata de una pieza teatral \u201cdeclarada de inter\u00e9s cultural\u201d por la legislatura de la Ciudad de Bueno Aires siendo del reconocido y siempre recordado \u201cTito Cosa\u201d,<\/p>\n\n\n\n<p>La presentaci\u00f3n ser\u00e1, en esta ocasi\u00f3n, el 17 de abril a las 20hs, en el Teatro Argentino, con el apoyo del Instituto de Cultura de PBA<\/p>\n\n\n\n<p><strong>Ficha art\u00edstica t\u00e9cnica:<\/strong>Autor: Roberto Cossa, protagonizada por: Stella Matute, Amancay Esp\u00edndola, Gonzalo Moreno, Daniel Dibiase, Daniel Toppino, Brenda Fabregat, Direcci\u00f3n: Norberto Gonzalo. &nbsp;<\/p>\n","protected":false},"excerpt":{"rendered":"<p>Se viene una invitaci\u00f3n de primera l\u00ednea para las y los mercedinos. El pr\u00f3ximo 17 de abril el Teatro Argentino &#8230; <a title=\"Gran obra en el Teatro Argentino libre y gratuita\" class=\"read-more\" href=\"https:\/\/www.hoymercedes.com.ar\/principal\/2025\/04\/08\/gran-obra-en-el-teatro-argentino-libre-y-gratuita\/\" aria-label=\"Leer m\u00e1s sobre Gran obra en el Teatro Argentino libre y gratuita\">Leer m\u00e1s<\/a><\/p>\n","protected":false},"author":1,"featured_media":183847,"comment_status":"closed","ping_status":"open","sticky":false,"template":"","format":"standard","meta":{"_monsterinsights_skip_tracking":false,"_monsterinsights_sitenote_active":false,"_monsterinsights_sitenote_note":"","_monsterinsights_sitenote_category":0,"jetpack_post_was_ever_published":false,"_jetpack_newsletter_access":"","_jetpack_dont_email_post_to_subs":false,"_jetpack_newsletter_tier_id":0,"_jetpack_memberships_contains_paywalled_content":false,"_jetpack_memberships_contains_paid_content":false,"footnotes":"","jetpack_publicize_message":"","jetpack_publicize_feature_enabled":true,"jetpack_social_post_already_shared":true,"jetpack_social_options":{"image_generator_settings":{"template":"highway","default_image_id":0,"font":"","enabled":false},"version":2},"_wpas_customize_per_network":false},"categories":[104],"tags":[967,3147,20378],"class_list":["post-183846","post","type-post","status-publish","format-standard","has-post-thumbnail","hentry","category-cultura","tag-cultura-mercedes","tag-teatro-argentino","tag-tito-cosa","generate-columns","tablet-grid-50","mobile-grid-100","grid-parent","grid-50"],"jetpack_publicize_connections":[],"jetpack_featured_media_url":"https:\/\/www.hoymercedes.com.ar\/principal\/wp-content\/uploads\/2025\/04\/teatro-titocossa.jpg","wps_subtitle":"Para disfrutar","jetpack_sharing_enabled":true,"_links":{"self":[{"href":"https:\/\/www.hoymercedes.com.ar\/principal\/wp-json\/wp\/v2\/posts\/183846","targetHints":{"allow":["GET"]}}],"collection":[{"href":"https:\/\/www.hoymercedes.com.ar\/principal\/wp-json\/wp\/v2\/posts"}],"about":[{"href":"https:\/\/www.hoymercedes.com.ar\/principal\/wp-json\/wp\/v2\/types\/post"}],"author":[{"embeddable":true,"href":"https:\/\/www.hoymercedes.com.ar\/principal\/wp-json\/wp\/v2\/users\/1"}],"replies":[{"embeddable":true,"href":"https:\/\/www.hoymercedes.com.ar\/principal\/wp-json\/wp\/v2\/comments?post=183846"}],"version-history":[{"count":2,"href":"https:\/\/www.hoymercedes.com.ar\/principal\/wp-json\/wp\/v2\/posts\/183846\/revisions"}],"predecessor-version":[{"id":183849,"href":"https:\/\/www.hoymercedes.com.ar\/principal\/wp-json\/wp\/v2\/posts\/183846\/revisions\/183849"}],"wp:featuredmedia":[{"embeddable":true,"href":"https:\/\/www.hoymercedes.com.ar\/principal\/wp-json\/wp\/v2\/media\/183847"}],"wp:attachment":[{"href":"https:\/\/www.hoymercedes.com.ar\/principal\/wp-json\/wp\/v2\/media?parent=183846"}],"wp:term":[{"taxonomy":"category","embeddable":true,"href":"https:\/\/www.hoymercedes.com.ar\/principal\/wp-json\/wp\/v2\/categories?post=183846"},{"taxonomy":"post_tag","embeddable":true,"href":"https:\/\/www.hoymercedes.com.ar\/principal\/wp-json\/wp\/v2\/tags?post=183846"}],"curies":[{"name":"wp","href":"https:\/\/api.w.org\/{rel}","templated":true}]}}