{"id":183851,"date":"2025-04-09T14:57:32","date_gmt":"2025-04-09T17:57:32","guid":{"rendered":"https:\/\/www.hoymercedes.com.ar\/principal\/?p=183851"},"modified":"2025-04-09T14:57:34","modified_gmt":"2025-04-09T17:57:34","slug":"presentacion-y-charla-en-mercedes-libro-sobre-historia-y-mitos-de-cromnon","status":"publish","type":"post","link":"https:\/\/www.hoymercedes.com.ar\/principal\/2025\/04\/09\/presentacion-y-charla-en-mercedes-libro-sobre-historia-y-mitos-de-cromnon\/","title":{"rendered":"Presentaci\u00f3n y charla en Mercedes libro sobre historia y mitos de Crom\u00f1on"},"content":{"rendered":"\n<figure class=\"wp-block-image size-full\"><img loading=\"lazy\" decoding=\"async\" width=\"1024\" height=\"744\" data-attachment-id=\"183852\" data-permalink=\"https:\/\/www.hoymercedes.com.ar\/principal\/2025\/04\/09\/presentacion-y-charla-en-mercedes-libro-sobre-historia-y-mitos-de-cromnon\/laroca-cromanon\/#main\" data-orig-file=\"https:\/\/www.hoymercedes.com.ar\/principal\/wp-content\/uploads\/2025\/04\/Laroca-Cromanon.jpg\" data-orig-size=\"1024,744\" data-comments-opened=\"0\" data-image-meta=\"{&quot;aperture&quot;:&quot;0&quot;,&quot;credit&quot;:&quot;&quot;,&quot;camera&quot;:&quot;&quot;,&quot;caption&quot;:&quot;&quot;,&quot;created_timestamp&quot;:&quot;0&quot;,&quot;copyright&quot;:&quot;&quot;,&quot;focal_length&quot;:&quot;0&quot;,&quot;iso&quot;:&quot;0&quot;,&quot;shutter_speed&quot;:&quot;0&quot;,&quot;title&quot;:&quot;&quot;,&quot;orientation&quot;:&quot;0&quot;}\" data-image-title=\"Laroca-Croma\u00f1on\" data-image-description=\"&lt;p&gt;Presentaci\u00f3n y charla en Mercedes libro sobre historia y mitos de Crom\u00f1on&lt;\/p&gt;\n\" data-image-caption=\"\" data-large-file=\"https:\/\/www.hoymercedes.com.ar\/principal\/wp-content\/uploads\/2025\/04\/Laroca-Cromanon.jpg\" src=\"https:\/\/www.hoymercedes.com.ar\/principal\/wp-content\/uploads\/2025\/04\/Laroca-Cromanon.jpg\" alt=\"\" class=\"wp-image-183852\" srcset=\"https:\/\/www.hoymercedes.com.ar\/principal\/wp-content\/uploads\/2025\/04\/Laroca-Cromanon.jpg 1024w, https:\/\/www.hoymercedes.com.ar\/principal\/wp-content\/uploads\/2025\/04\/Laroca-Cromanon-630x458.jpg 630w, https:\/\/www.hoymercedes.com.ar\/principal\/wp-content\/uploads\/2025\/04\/Laroca-Cromanon-150x109.jpg 150w\" sizes=\"auto, (max-width: 1024px) 100vw, 1024px\" \/><\/figure>\n\n\n\n<p>En el teatro Argentino se llevar\u00e1 adelante una charla y presentaci\u00f3n del libro que narra la historia de Croma\u00f1on. <strong>\u201cVoces, tiempo y verdad\u201d<\/strong> y sus sobrevivientes escrito por Bruno Laroca, quien estar\u00e1 presente. Ser\u00e1 el pr\u00f3ximo <strong>16 de abril a las 18hs<\/strong>. La invitaci\u00f3n es abierta a toda la poblaci\u00f3n.<\/p>\n\n\n\n<p><strong>Bruno Laroca<\/strong> coment\u00f3 que \u201cjusto estamos en el a\u00f1o del 20 aniversario de la masacre y con este libro \u00abVoces, tiempo y verdad\u00bb nos propusimos recorrer todo el pa\u00eds, llegar a todas las provincias, a todas las ciudades y en el marco de esas presentaciones que son p\u00fablicas y gratuitas siempre, llegamos en esta oportunidad a Mercedes\u201d conto el autor.<\/p>\n\n\n\n<p>Coment\u00f3 que \u201cel t\u00edtulo tiene que ver con las voces, que son las voces que no fueron escuchadas a lo largo de estos 20 a\u00f1os o muy poco escuchadas, el tiempo porque han pasado ya dos d\u00e9cadas de la masacre y sin embargo hab\u00eda un mont\u00f3n de cosas que decir o mitos que derrumbar. Y verdad porque justamente con este libro nos propusimos contar la verdad porque la historia a lo largo del tiempo tambi\u00e9n ha sido diluida o fue contada por personajes que no ten\u00edan la menor idea de lo que pas\u00f3 aquella noche, sin embargo tomaron posici\u00f3n en los medios de comunicaci\u00f3n con un discurso m\u00e1s referente a lo que tiene que ver el odio y la venganza que a generar conciencia para que Croma\u00f1\u00f3n no vuelva a ocurrir nunca m\u00e1s\u201d narr\u00f3 Laroca.<\/p>\n\n\n\n<p>Respecto a la noche de la tragedia mencion\u00f3 que \u201cesa noche fallaron un mont\u00f3n de cosas. Fue creo que una cadena de sucesos que terminaron generando esta masacre en la muerte de 194 personas\u201d con una mirada cr\u00edtica de los sucesos.<\/p>\n\n\n\n<p>Retomando la cuesti\u00f3n del libro mencion\u00f3 que \u201cel libro es un proyecto que armamos junto a la organizaci\u00f3n \u2018No Nos Cuenten Croma\u00f1\u00f3n\u2019, que es una organizaci\u00f3n de sobrevivientes que desde el mismo 30 de diciembre del 2004 pr\u00e1cticamente se fue formando por sobrevivientes y algunos familiares de v\u00edctimas y hasta el d\u00eda de hoy siguen haciendo, dando charlas en colegios y haciendo actividades para que la memoria sobre Croma\u00f1\u00f3n, lo que pas\u00f3 en Croma\u00f1\u00f3n est\u00e9 activa. Habl\u00e9 con ellos, con ellos surgi\u00f3 la idea de qu\u00e9 libro\u201d<\/p>\n\n\n\n<p>Coment\u00f3 que en cada presentaci\u00f3n \u201cmuchos lo reciben con una gran sorpresa en un mont\u00f3n de cosas. Se quedan como asombrados de un mont\u00f3n de cuestiones que a 20 a\u00f1os fueron mitos que se instalaron que hubo que derrumbar\u201d<\/p>\n\n\n\n<p>Respect\u00f3 a lo que se vivir\u00e1 coment\u00f3 que \u201ces una charla completamente abierta, la entrada es gratuita. Se va a poder conseguir el libro tambi\u00e9n que se consigue a trav\u00e9s de la p\u00e1gina de internet. Es un libro que ya va por su cuarta edici\u00f3n y vamos a llegar este a\u00f1o creo que a los 5.000 ejemplares vendidos en apenas un a\u00f1o y medio. Para un libro hoy en d\u00eda es todo un r\u00e9cord. M\u00e1s que no se vendi\u00f3 por las cadenas de librer\u00edas que hoy tienen alcance nacional, sino que es un trabajo totalmente independiente, autofinanciado por uno de los cuenten, Romagn\u00f3n, que es una ONG sin fines de lucro de sobrevivientes. Y el lugar me dijeron que es muy lindo\u201d<\/p>\n","protected":false},"excerpt":{"rendered":"<p>En el teatro Argentino se llevar\u00e1 adelante una charla y presentaci\u00f3n del libro que narra la historia de Croma\u00f1on. \u201cVoces, &#8230; <a title=\"Presentaci\u00f3n y charla en Mercedes libro sobre historia y mitos de Crom\u00f1on\" class=\"read-more\" href=\"https:\/\/www.hoymercedes.com.ar\/principal\/2025\/04\/09\/presentacion-y-charla-en-mercedes-libro-sobre-historia-y-mitos-de-cromnon\/\" aria-label=\"Leer m\u00e1s sobre Presentaci\u00f3n y charla en Mercedes libro sobre historia y mitos de Crom\u00f1on\">Leer m\u00e1s<\/a><\/p>\n","protected":false},"author":1,"featured_media":183852,"comment_status":"closed","ping_status":"open","sticky":false,"template":"","format":"standard","meta":{"_monsterinsights_skip_tracking":false,"_monsterinsights_sitenote_active":false,"_monsterinsights_sitenote_note":"","_monsterinsights_sitenote_category":0,"jetpack_post_was_ever_published":false,"_jetpack_newsletter_access":"","_jetpack_dont_email_post_to_subs":false,"_jetpack_newsletter_tier_id":0,"_jetpack_memberships_contains_paywalled_content":false,"_jetpack_memberships_contains_paid_content":false,"footnotes":"","jetpack_publicize_message":"","jetpack_publicize_feature_enabled":true,"jetpack_social_post_already_shared":true,"jetpack_social_options":{"image_generator_settings":{"template":"highway","default_image_id":0,"font":"","enabled":false},"version":2},"_wpas_customize_per_network":false},"categories":[104],"tags":[20380],"class_list":["post-183851","post","type-post","status-publish","format-standard","has-post-thumbnail","hentry","category-cultura","tag-cromanon","generate-columns","tablet-grid-50","mobile-grid-100","grid-parent","grid-50"],"jetpack_publicize_connections":[],"jetpack_featured_media_url":"https:\/\/www.hoymercedes.com.ar\/principal\/wp-content\/uploads\/2025\/04\/Laroca-Cromanon.jpg","wps_subtitle":"Presentaci\u00f3n y Charla","jetpack_sharing_enabled":true,"_links":{"self":[{"href":"https:\/\/www.hoymercedes.com.ar\/principal\/wp-json\/wp\/v2\/posts\/183851","targetHints":{"allow":["GET"]}}],"collection":[{"href":"https:\/\/www.hoymercedes.com.ar\/principal\/wp-json\/wp\/v2\/posts"}],"about":[{"href":"https:\/\/www.hoymercedes.com.ar\/principal\/wp-json\/wp\/v2\/types\/post"}],"author":[{"embeddable":true,"href":"https:\/\/www.hoymercedes.com.ar\/principal\/wp-json\/wp\/v2\/users\/1"}],"replies":[{"embeddable":true,"href":"https:\/\/www.hoymercedes.com.ar\/principal\/wp-json\/wp\/v2\/comments?post=183851"}],"version-history":[{"count":2,"href":"https:\/\/www.hoymercedes.com.ar\/principal\/wp-json\/wp\/v2\/posts\/183851\/revisions"}],"predecessor-version":[{"id":183854,"href":"https:\/\/www.hoymercedes.com.ar\/principal\/wp-json\/wp\/v2\/posts\/183851\/revisions\/183854"}],"wp:featuredmedia":[{"embeddable":true,"href":"https:\/\/www.hoymercedes.com.ar\/principal\/wp-json\/wp\/v2\/media\/183852"}],"wp:attachment":[{"href":"https:\/\/www.hoymercedes.com.ar\/principal\/wp-json\/wp\/v2\/media?parent=183851"}],"wp:term":[{"taxonomy":"category","embeddable":true,"href":"https:\/\/www.hoymercedes.com.ar\/principal\/wp-json\/wp\/v2\/categories?post=183851"},{"taxonomy":"post_tag","embeddable":true,"href":"https:\/\/www.hoymercedes.com.ar\/principal\/wp-json\/wp\/v2\/tags?post=183851"}],"curies":[{"name":"wp","href":"https:\/\/api.w.org\/{rel}","templated":true}]}}