{"id":183864,"date":"2025-04-10T10:52:45","date_gmt":"2025-04-10T13:52:45","guid":{"rendered":"https:\/\/www.hoymercedes.com.ar\/principal\/?p=183864"},"modified":"2025-04-10T10:52:47","modified_gmt":"2025-04-10T13:52:47","slug":"fuerte-apoyo-a-los-jubilados-en-una-nueva-marcha-en-mercedes","status":"publish","type":"post","link":"https:\/\/www.hoymercedes.com.ar\/principal\/2025\/04\/10\/fuerte-apoyo-a-los-jubilados-en-una-nueva-marcha-en-mercedes\/","title":{"rendered":"Fuerte apoyo a los jubilados en una nueva marcha en Mercedes"},"content":{"rendered":"\n<figure class=\"wp-block-image size-full is-resized\"><img loading=\"lazy\" decoding=\"async\" width=\"900\" height=\"600\" data-attachment-id=\"183865\" data-permalink=\"https:\/\/www.hoymercedes.com.ar\/principal\/2025\/04\/10\/fuerte-apoyo-a-los-jubilados-en-una-nueva-marcha-en-mercedes\/marcha-jubilados\/#main\" data-orig-file=\"https:\/\/www.hoymercedes.com.ar\/principal\/wp-content\/uploads\/2025\/04\/Marcha-Jubilados.jpg\" data-orig-size=\"900,600\" data-comments-opened=\"0\" data-image-meta=\"{&quot;aperture&quot;:&quot;0&quot;,&quot;credit&quot;:&quot;&quot;,&quot;camera&quot;:&quot;&quot;,&quot;caption&quot;:&quot;&quot;,&quot;created_timestamp&quot;:&quot;0&quot;,&quot;copyright&quot;:&quot;&quot;,&quot;focal_length&quot;:&quot;0&quot;,&quot;iso&quot;:&quot;0&quot;,&quot;shutter_speed&quot;:&quot;0&quot;,&quot;title&quot;:&quot;&quot;,&quot;orientation&quot;:&quot;0&quot;}\" data-image-title=\"Marcha-Jubilados\" data-image-description=\"&lt;p&gt;Fuerte apoyo a los jubilados en una nueva marcha en Mercedes&lt;\/p&gt;\n\" data-image-caption=\"&lt;p&gt;Fuerte apoyo a los jubilados en una nueva marcha en Mercedes&lt;\/p&gt;\n\" data-large-file=\"https:\/\/www.hoymercedes.com.ar\/principal\/wp-content\/uploads\/2025\/04\/Marcha-Jubilados.jpg\" src=\"https:\/\/www.hoymercedes.com.ar\/principal\/wp-content\/uploads\/2025\/04\/Marcha-Jubilados.jpg\" alt=\"\" class=\"wp-image-183865\" style=\"width:960px;height:auto\" srcset=\"https:\/\/www.hoymercedes.com.ar\/principal\/wp-content\/uploads\/2025\/04\/Marcha-Jubilados.jpg 900w, https:\/\/www.hoymercedes.com.ar\/principal\/wp-content\/uploads\/2025\/04\/Marcha-Jubilados-630x420.jpg 630w, https:\/\/www.hoymercedes.com.ar\/principal\/wp-content\/uploads\/2025\/04\/Marcha-Jubilados-150x100.jpg 150w\" sizes=\"auto, (max-width: 900px) 100vw, 900px\" \/><\/figure>\n\n\n\n<p>Este mi\u00e9rcoles se llev\u00f3 adelante una nueva marcha por la defensa de la calidad de vida de los jubilados, quienes m\u00e1s han perdido con el brutal ajuste de Milei, con quita de medicamentos y prestaciones m\u00e9dicas.<\/p>\n\n\n\n<p>En plaza San Mart\u00edn \u201ccontra el maltrato\u201d a los jubilados y pensionados se produjo un gran encuentro de apoyo, no s\u00f3lo con representantes de Centros de Jubilados y Pensionados, sino tambi\u00e9n de vecinos y representaciones institucionales.<\/p>\n\n\n\n<p>Primero tomaron la palabra varios representantes y luego marcharon por el casco hist\u00f3rico de la ciudad.<\/p>\n","protected":false},"excerpt":{"rendered":"<p>Este mi\u00e9rcoles se llev\u00f3 adelante una nueva marcha por la defensa de la calidad de vida de los jubilados, quienes &#8230; <a title=\"Fuerte apoyo a los jubilados en una nueva marcha en Mercedes\" class=\"read-more\" href=\"https:\/\/www.hoymercedes.com.ar\/principal\/2025\/04\/10\/fuerte-apoyo-a-los-jubilados-en-una-nueva-marcha-en-mercedes\/\" aria-label=\"Leer m\u00e1s sobre Fuerte apoyo a los jubilados en una nueva marcha en Mercedes\">Leer m\u00e1s<\/a><\/p>\n","protected":false},"author":1,"featured_media":183865,"comment_status":"closed","ping_status":"open","sticky":false,"template":"","format":"standard","meta":{"_monsterinsights_skip_tracking":false,"_monsterinsights_sitenote_active":false,"_monsterinsights_sitenote_note":"","_monsterinsights_sitenote_category":0,"jetpack_post_was_ever_published":false,"_jetpack_newsletter_access":"","_jetpack_dont_email_post_to_subs":false,"_jetpack_newsletter_tier_id":0,"_jetpack_memberships_contains_paywalled_content":false,"_jetpack_memberships_contains_paid_content":false,"footnotes":"","jetpack_publicize_message":"","jetpack_publicize_feature_enabled":true,"jetpack_social_post_already_shared":true,"jetpack_social_options":{"image_generator_settings":{"template":"highway","default_image_id":0,"font":"","enabled":false},"version":2},"_wpas_customize_per_network":false},"categories":[8],"tags":[20382,20383],"class_list":["post-183864","post","type-post","status-publish","format-standard","has-post-thumbnail","hentry","category-sociedad","tag-marcha-jubilados-mercedes","tag-no-al-maltrato-de-jubilados","generate-columns","tablet-grid-50","mobile-grid-100","grid-parent","grid-50"],"jetpack_publicize_connections":[],"jetpack_featured_media_url":"https:\/\/www.hoymercedes.com.ar\/principal\/wp-content\/uploads\/2025\/04\/Marcha-Jubilados.jpg","wps_subtitle":"Reclamos sociales","jetpack_sharing_enabled":true,"_links":{"self":[{"href":"https:\/\/www.hoymercedes.com.ar\/principal\/wp-json\/wp\/v2\/posts\/183864","targetHints":{"allow":["GET"]}}],"collection":[{"href":"https:\/\/www.hoymercedes.com.ar\/principal\/wp-json\/wp\/v2\/posts"}],"about":[{"href":"https:\/\/www.hoymercedes.com.ar\/principal\/wp-json\/wp\/v2\/types\/post"}],"author":[{"embeddable":true,"href":"https:\/\/www.hoymercedes.com.ar\/principal\/wp-json\/wp\/v2\/users\/1"}],"replies":[{"embeddable":true,"href":"https:\/\/www.hoymercedes.com.ar\/principal\/wp-json\/wp\/v2\/comments?post=183864"}],"version-history":[{"count":2,"href":"https:\/\/www.hoymercedes.com.ar\/principal\/wp-json\/wp\/v2\/posts\/183864\/revisions"}],"predecessor-version":[{"id":183867,"href":"https:\/\/www.hoymercedes.com.ar\/principal\/wp-json\/wp\/v2\/posts\/183864\/revisions\/183867"}],"wp:featuredmedia":[{"embeddable":true,"href":"https:\/\/www.hoymercedes.com.ar\/principal\/wp-json\/wp\/v2\/media\/183865"}],"wp:attachment":[{"href":"https:\/\/www.hoymercedes.com.ar\/principal\/wp-json\/wp\/v2\/media?parent=183864"}],"wp:term":[{"taxonomy":"category","embeddable":true,"href":"https:\/\/www.hoymercedes.com.ar\/principal\/wp-json\/wp\/v2\/categories?post=183864"},{"taxonomy":"post_tag","embeddable":true,"href":"https:\/\/www.hoymercedes.com.ar\/principal\/wp-json\/wp\/v2\/tags?post=183864"}],"curies":[{"name":"wp","href":"https:\/\/api.w.org\/{rel}","templated":true}]}}