{"id":183872,"date":"2025-04-10T13:34:55","date_gmt":"2025-04-10T16:34:55","guid":{"rendered":"https:\/\/www.hoymercedes.com.ar\/principal\/?p=183872"},"modified":"2025-04-10T13:34:56","modified_gmt":"2025-04-10T16:34:56","slug":"gowland-bomberos-se-reunen-para-avanzar-con-el-destacamento","status":"publish","type":"post","link":"https:\/\/www.hoymercedes.com.ar\/principal\/2025\/04\/10\/gowland-bomberos-se-reunen-para-avanzar-con-el-destacamento\/","title":{"rendered":"Gowland: Bomberos se re\u00fanen para avanzar con el destacamento"},"content":{"rendered":"\n<figure class=\"wp-block-image size-large\"><img loading=\"lazy\" decoding=\"async\" width=\"1024\" height=\"754\" data-attachment-id=\"183873\" data-permalink=\"https:\/\/www.hoymercedes.com.ar\/principal\/2025\/04\/10\/gowland-bomberos-se-reunen-para-avanzar-con-el-destacamento\/bomberos-gowland-1\/#main\" data-orig-file=\"https:\/\/www.hoymercedes.com.ar\/principal\/wp-content\/uploads\/2025\/04\/Bomberos-Gowland-1.jpg\" data-orig-size=\"1080,795\" data-comments-opened=\"0\" data-image-meta=\"{&quot;aperture&quot;:&quot;0&quot;,&quot;credit&quot;:&quot;&quot;,&quot;camera&quot;:&quot;&quot;,&quot;caption&quot;:&quot;&quot;,&quot;created_timestamp&quot;:&quot;0&quot;,&quot;copyright&quot;:&quot;&quot;,&quot;focal_length&quot;:&quot;0&quot;,&quot;iso&quot;:&quot;0&quot;,&quot;shutter_speed&quot;:&quot;0&quot;,&quot;title&quot;:&quot;&quot;,&quot;orientation&quot;:&quot;0&quot;}\" data-image-title=\"Bomberos-Gowland-1\" data-image-description=\"&lt;p&gt;Gowland: Bomberos se re\u00fanen para avanzar con el destacamento&lt;\/p&gt;\n\" data-image-caption=\"&lt;p&gt;Gowland: Bomberos se re\u00fanen para avanzar con el destacamento&lt;\/p&gt;\n\" data-large-file=\"https:\/\/www.hoymercedes.com.ar\/principal\/wp-content\/uploads\/2025\/04\/Bomberos-Gowland-1-1024x754.jpg\" src=\"https:\/\/www.hoymercedes.com.ar\/principal\/wp-content\/uploads\/2025\/04\/Bomberos-Gowland-1-1024x754.jpg\" alt=\"\" class=\"wp-image-183873\" srcset=\"https:\/\/www.hoymercedes.com.ar\/principal\/wp-content\/uploads\/2025\/04\/Bomberos-Gowland-1-1024x754.jpg 1024w, https:\/\/www.hoymercedes.com.ar\/principal\/wp-content\/uploads\/2025\/04\/Bomberos-Gowland-1-630x464.jpg 630w, https:\/\/www.hoymercedes.com.ar\/principal\/wp-content\/uploads\/2025\/04\/Bomberos-Gowland-1-150x110.jpg 150w, https:\/\/www.hoymercedes.com.ar\/principal\/wp-content\/uploads\/2025\/04\/Bomberos-Gowland-1.jpg 1080w\" sizes=\"auto, (max-width: 1024px) 100vw, 1024px\" \/><\/figure>\n\n\n\n<p>Representantes de la comisi\u00f3n de Bomberos Voluntarios se reunieron con la comisi\u00f3n de la Sociedad de Fomento de Gowland y Agote este viernes pasado con el objetivo de solicitar apoyo, nuevos socios y m\u00e1s voluntarios para la construcci\u00f3n del destacamento de bomberos en Gowland.<\/p>\n\n\n\n<p>En la reuni\u00f3n se destac\u00f3 la importancia del nuevo destacamento para mejorar la seguridad en la comunidad. Se discutieron estrategias para involucrar a la comunidad, incluyendo eventos de recaudaci\u00f3n de fondos. Y se acord\u00f3 crear un plan para captar recursos y promover y animar a m\u00e1s vecinos a inscribirse para realizar el curso de ingreso a Bomberos Voluntarios.<\/p>\n\n\n\n<figure class=\"wp-block-image size-large\"><img loading=\"lazy\" decoding=\"async\" width=\"1024\" height=\"752\" data-attachment-id=\"183874\" data-permalink=\"https:\/\/www.hoymercedes.com.ar\/principal\/2025\/04\/10\/gowland-bomberos-se-reunen-para-avanzar-con-el-destacamento\/bomberos-gowland-2\/#main\" data-orig-file=\"https:\/\/www.hoymercedes.com.ar\/principal\/wp-content\/uploads\/2025\/04\/Bomberos-Gowland-2.jpg\" data-orig-size=\"1080,793\" data-comments-opened=\"0\" data-image-meta=\"{&quot;aperture&quot;:&quot;0&quot;,&quot;credit&quot;:&quot;&quot;,&quot;camera&quot;:&quot;&quot;,&quot;caption&quot;:&quot;&quot;,&quot;created_timestamp&quot;:&quot;0&quot;,&quot;copyright&quot;:&quot;&quot;,&quot;focal_length&quot;:&quot;0&quot;,&quot;iso&quot;:&quot;0&quot;,&quot;shutter_speed&quot;:&quot;0&quot;,&quot;title&quot;:&quot;&quot;,&quot;orientation&quot;:&quot;0&quot;}\" data-image-title=\"Bomberos-Gowland-2\" data-image-description=\"\" data-image-caption=\"\" data-large-file=\"https:\/\/www.hoymercedes.com.ar\/principal\/wp-content\/uploads\/2025\/04\/Bomberos-Gowland-2-1024x752.jpg\" src=\"https:\/\/www.hoymercedes.com.ar\/principal\/wp-content\/uploads\/2025\/04\/Bomberos-Gowland-2-1024x752.jpg\" alt=\"Gowland: Bomberos se re\u00fanen para avanzar con el destacamento\" class=\"wp-image-183874\" srcset=\"https:\/\/www.hoymercedes.com.ar\/principal\/wp-content\/uploads\/2025\/04\/Bomberos-Gowland-2-1024x752.jpg 1024w, https:\/\/www.hoymercedes.com.ar\/principal\/wp-content\/uploads\/2025\/04\/Bomberos-Gowland-2-630x463.jpg 630w, https:\/\/www.hoymercedes.com.ar\/principal\/wp-content\/uploads\/2025\/04\/Bomberos-Gowland-2-150x110.jpg 150w, https:\/\/www.hoymercedes.com.ar\/principal\/wp-content\/uploads\/2025\/04\/Bomberos-Gowland-2.jpg 1080w\" sizes=\"auto, (max-width: 1024px) 100vw, 1024px\" \/><\/figure>\n\n\n\n<p>El encuentro sirvi\u00f3 tambi\u00e9n para fortalecer los lazos entre ambas organizaciones para que el destacamento de Gowland sea un hecho.<\/p>\n\n\n\n<p>\u201cAnimate a ser parte y asociate a Bomberos, ac\u00e1 les dejamos el link y los tel\u00e9fonos para que les resulte m\u00e1s f\u00e1cil. Llam\u00e1 a los tel\u00e9fonos de administraci\u00f3n 2324 427 300 \u00f3 +54 9 2324 585242\u201d, publicitan los Bomberos Voluntarios de Mercedes.<\/p>\n","protected":false},"excerpt":{"rendered":"<p>Representantes de la comisi\u00f3n de Bomberos Voluntarios se reunieron con la comisi\u00f3n de la Sociedad de Fomento de Gowland y &#8230; <a title=\"Gowland: Bomberos se re\u00fanen para avanzar con el destacamento\" class=\"read-more\" href=\"https:\/\/www.hoymercedes.com.ar\/principal\/2025\/04\/10\/gowland-bomberos-se-reunen-para-avanzar-con-el-destacamento\/\" aria-label=\"Leer m\u00e1s sobre Gowland: Bomberos se re\u00fanen para avanzar con el destacamento\">Leer m\u00e1s<\/a><\/p>\n","protected":false},"author":1,"featured_media":183873,"comment_status":"closed","ping_status":"open","sticky":false,"template":"","format":"standard","meta":{"_monsterinsights_skip_tracking":false,"_monsterinsights_sitenote_active":false,"_monsterinsights_sitenote_note":"","_monsterinsights_sitenote_category":0,"jetpack_post_was_ever_published":false,"_jetpack_newsletter_access":"","_jetpack_dont_email_post_to_subs":false,"_jetpack_newsletter_tier_id":0,"_jetpack_memberships_contains_paywalled_content":false,"_jetpack_memberships_contains_paid_content":false,"footnotes":"","jetpack_publicize_message":"","jetpack_publicize_feature_enabled":true,"jetpack_social_post_already_shared":true,"jetpack_social_options":{"image_generator_settings":{"template":"highway","default_image_id":0,"font":"","enabled":false},"version":2},"_wpas_customize_per_network":false},"categories":[5608],"tags":[19392,20384,20385],"class_list":["post-183872","post","type-post","status-publish","format-standard","has-post-thumbnail","hentry","category-sin-categoria","tag-bomberos-en-gowland","tag-inzaurgarat","tag-quaglia","generate-columns","tablet-grid-50","mobile-grid-100","grid-parent","grid-50"],"jetpack_publicize_connections":[],"jetpack_featured_media_url":"https:\/\/www.hoymercedes.com.ar\/principal\/wp-content\/uploads\/2025\/04\/Bomberos-Gowland-1.jpg","wps_subtitle":"Avance institucional ","jetpack_sharing_enabled":true,"_links":{"self":[{"href":"https:\/\/www.hoymercedes.com.ar\/principal\/wp-json\/wp\/v2\/posts\/183872","targetHints":{"allow":["GET"]}}],"collection":[{"href":"https:\/\/www.hoymercedes.com.ar\/principal\/wp-json\/wp\/v2\/posts"}],"about":[{"href":"https:\/\/www.hoymercedes.com.ar\/principal\/wp-json\/wp\/v2\/types\/post"}],"author":[{"embeddable":true,"href":"https:\/\/www.hoymercedes.com.ar\/principal\/wp-json\/wp\/v2\/users\/1"}],"replies":[{"embeddable":true,"href":"https:\/\/www.hoymercedes.com.ar\/principal\/wp-json\/wp\/v2\/comments?post=183872"}],"version-history":[{"count":2,"href":"https:\/\/www.hoymercedes.com.ar\/principal\/wp-json\/wp\/v2\/posts\/183872\/revisions"}],"predecessor-version":[{"id":183876,"href":"https:\/\/www.hoymercedes.com.ar\/principal\/wp-json\/wp\/v2\/posts\/183872\/revisions\/183876"}],"wp:featuredmedia":[{"embeddable":true,"href":"https:\/\/www.hoymercedes.com.ar\/principal\/wp-json\/wp\/v2\/media\/183873"}],"wp:attachment":[{"href":"https:\/\/www.hoymercedes.com.ar\/principal\/wp-json\/wp\/v2\/media?parent=183872"}],"wp:term":[{"taxonomy":"category","embeddable":true,"href":"https:\/\/www.hoymercedes.com.ar\/principal\/wp-json\/wp\/v2\/categories?post=183872"},{"taxonomy":"post_tag","embeddable":true,"href":"https:\/\/www.hoymercedes.com.ar\/principal\/wp-json\/wp\/v2\/tags?post=183872"}],"curies":[{"name":"wp","href":"https:\/\/api.w.org\/{rel}","templated":true}]}}