{"id":183879,"date":"2025-04-10T16:47:00","date_gmt":"2025-04-10T19:47:00","guid":{"rendered":"https:\/\/www.hoymercedes.com.ar\/principal\/?p=183879"},"modified":"2025-04-10T14:52:17","modified_gmt":"2025-04-10T17:52:17","slug":"accion-y-terror-en-el-cine-mercedes-2","status":"publish","type":"post","link":"https:\/\/www.hoymercedes.com.ar\/principal\/2025\/04\/10\/accion-y-terror-en-el-cine-mercedes-2\/","title":{"rendered":"Acci\u00f3n y terror en el Cine Mercedes"},"content":{"rendered":"\n<p>Desde el viernes 11 al martes 15 de abril, el Cine Mercedes presenta dos pel\u00edculas con acci\u00f3n y terror. Contin\u00faa Minecraft en dos funciones diarias, mientras que se estrena en la pantalla local \u00abScreamboat: La Masacre del Ra\u00f3n\u00bb. <\/p>\n\n\n\n<figure class=\"wp-block-image size-full\"><img loading=\"lazy\" decoding=\"async\" width=\"827\" height=\"826\" data-attachment-id=\"183881\" data-permalink=\"https:\/\/www.hoymercedes.com.ar\/principal\/2025\/04\/10\/accion-y-terror-en-el-cine-mercedes-2\/gacetilla-cine-mercedes-2-7\/#main\" data-orig-file=\"https:\/\/www.hoymercedes.com.ar\/principal\/wp-content\/uploads\/2025\/04\/Gacetilla-Cine-Mercedes-2.png\" data-orig-size=\"827,826\" data-comments-opened=\"0\" data-image-meta=\"{&quot;aperture&quot;:&quot;0&quot;,&quot;credit&quot;:&quot;&quot;,&quot;camera&quot;:&quot;&quot;,&quot;caption&quot;:&quot;&quot;,&quot;created_timestamp&quot;:&quot;0&quot;,&quot;copyright&quot;:&quot;&quot;,&quot;focal_length&quot;:&quot;0&quot;,&quot;iso&quot;:&quot;0&quot;,&quot;shutter_speed&quot;:&quot;0&quot;,&quot;title&quot;:&quot;&quot;,&quot;orientation&quot;:&quot;0&quot;}\" data-image-title=\"Gacetilla Cine Mercedes (2)\" data-image-description=\"\" data-image-caption=\"\" data-large-file=\"https:\/\/www.hoymercedes.com.ar\/principal\/wp-content\/uploads\/2025\/04\/Gacetilla-Cine-Mercedes-2.png\" src=\"https:\/\/www.hoymercedes.com.ar\/principal\/wp-content\/uploads\/2025\/04\/Gacetilla-Cine-Mercedes-2.png\" alt=\"\" class=\"wp-image-183881\" srcset=\"https:\/\/www.hoymercedes.com.ar\/principal\/wp-content\/uploads\/2025\/04\/Gacetilla-Cine-Mercedes-2.png 827w, https:\/\/www.hoymercedes.com.ar\/principal\/wp-content\/uploads\/2025\/04\/Gacetilla-Cine-Mercedes-2-621x620.png 621w, https:\/\/www.hoymercedes.com.ar\/principal\/wp-content\/uploads\/2025\/04\/Gacetilla-Cine-Mercedes-2-150x150.png 150w\" sizes=\"auto, (max-width: 827px) 100vw, 827px\" \/><\/figure>\n\n\n\n<p>Sinopsis \u00abMinecraft\u00bb:  Cuatro inadaptados -Garrett \u00abEl Basurero\u00bb Garrison (Momoa), Henry (Hansen), Natalie (Myers) y Dawn (Brooks)- se encuentran luchando con problemas ordinarios cuando de repente se ven arrastrados a trav\u00e9s de un misterioso portal al Mundo Exterior: un extra\u00f1o pa\u00eds de las maravillas c\u00fabico que se nutre de la imaginaci\u00f3n. Para volver a casa, tendr\u00e1n que dominar este mundo (y protegerlo de cosas malvadas como Piglins y Zombies, tambi\u00e9n) mientras se embarcan en una b\u00fasqueda m\u00e1gica con un inesperado experto artesano, Steve (Black). Juntos, su aventura desafiar\u00e1 a los cinco a ser audaces y a volver a conectar con las cualidades que hacen que cada uno de ellos sea \u00fanico y creativo&#8230; las mismas habilidades que necesitan para prosperar de nuevo en el mundo real.<\/p>\n\n\n\n<p>Sinopsis \u00abScreamboat\u00bb: Un travieso rat\u00f3n acecha a un grupo de neoyorquinos en un viaje nocturno en ferry, desatando un caos asesino en un viaje relajante. \u00bfPodr\u00e1 la variopinta tripulaci\u00f3n del barco encontrar la manera de detener a esta criatura asesina?<\/p>\n\n\n\n<p><\/p>\n","protected":false},"excerpt":{"rendered":"<p>Desde el viernes 11 al martes 15 de abril, el Cine Mercedes presenta dos pel\u00edculas con acci\u00f3n y terror. Contin\u00faa &#8230; <a title=\"Acci\u00f3n y terror en el Cine Mercedes\" class=\"read-more\" href=\"https:\/\/www.hoymercedes.com.ar\/principal\/2025\/04\/10\/accion-y-terror-en-el-cine-mercedes-2\/\" aria-label=\"Leer m\u00e1s sobre Acci\u00f3n y terror en el Cine Mercedes\">Leer m\u00e1s<\/a><\/p>\n","protected":false},"author":1,"featured_media":183880,"comment_status":"closed","ping_status":"open","sticky":false,"template":"","format":"standard","meta":{"_monsterinsights_skip_tracking":false,"_monsterinsights_sitenote_active":false,"_monsterinsights_sitenote_note":"","_monsterinsights_sitenote_category":0,"jetpack_post_was_ever_published":false,"_jetpack_newsletter_access":"","_jetpack_dont_email_post_to_subs":false,"_jetpack_newsletter_tier_id":0,"_jetpack_memberships_contains_paywalled_content":false,"_jetpack_memberships_contains_paid_content":false,"footnotes":"","jetpack_publicize_message":"","jetpack_publicize_feature_enabled":true,"jetpack_social_post_already_shared":true,"jetpack_social_options":{"image_generator_settings":{"template":"highway","default_image_id":0,"font":"","enabled":false},"version":2},"_wpas_customize_per_network":false},"categories":[8],"tags":[],"class_list":["post-183879","post","type-post","status-publish","format-standard","has-post-thumbnail","hentry","category-sociedad","generate-columns","tablet-grid-50","mobile-grid-100","grid-parent","grid-50"],"jetpack_publicize_connections":[],"jetpack_featured_media_url":"https:\/\/www.hoymercedes.com.ar\/principal\/wp-content\/uploads\/2025\/04\/screamboat-833504788-large.jpg","wps_subtitle":"","jetpack_sharing_enabled":true,"_links":{"self":[{"href":"https:\/\/www.hoymercedes.com.ar\/principal\/wp-json\/wp\/v2\/posts\/183879","targetHints":{"allow":["GET"]}}],"collection":[{"href":"https:\/\/www.hoymercedes.com.ar\/principal\/wp-json\/wp\/v2\/posts"}],"about":[{"href":"https:\/\/www.hoymercedes.com.ar\/principal\/wp-json\/wp\/v2\/types\/post"}],"author":[{"embeddable":true,"href":"https:\/\/www.hoymercedes.com.ar\/principal\/wp-json\/wp\/v2\/users\/1"}],"replies":[{"embeddable":true,"href":"https:\/\/www.hoymercedes.com.ar\/principal\/wp-json\/wp\/v2\/comments?post=183879"}],"version-history":[{"count":1,"href":"https:\/\/www.hoymercedes.com.ar\/principal\/wp-json\/wp\/v2\/posts\/183879\/revisions"}],"predecessor-version":[{"id":183882,"href":"https:\/\/www.hoymercedes.com.ar\/principal\/wp-json\/wp\/v2\/posts\/183879\/revisions\/183882"}],"wp:featuredmedia":[{"embeddable":true,"href":"https:\/\/www.hoymercedes.com.ar\/principal\/wp-json\/wp\/v2\/media\/183880"}],"wp:attachment":[{"href":"https:\/\/www.hoymercedes.com.ar\/principal\/wp-json\/wp\/v2\/media?parent=183879"}],"wp:term":[{"taxonomy":"category","embeddable":true,"href":"https:\/\/www.hoymercedes.com.ar\/principal\/wp-json\/wp\/v2\/categories?post=183879"},{"taxonomy":"post_tag","embeddable":true,"href":"https:\/\/www.hoymercedes.com.ar\/principal\/wp-json\/wp\/v2\/tags?post=183879"}],"curies":[{"name":"wp","href":"https:\/\/api.w.org\/{rel}","templated":true}]}}