{"id":183889,"date":"2025-04-12T03:12:28","date_gmt":"2025-04-12T06:12:28","guid":{"rendered":"https:\/\/www.hoymercedes.com.ar\/principal\/?p=183889"},"modified":"2025-04-12T03:12:29","modified_gmt":"2025-04-12T06:12:29","slug":"arranca-la-convencion-internacional-de-tatuadores","status":"publish","type":"post","link":"https:\/\/www.hoymercedes.com.ar\/principal\/2025\/04\/12\/arranca-la-convencion-internacional-de-tatuadores\/","title":{"rendered":"Arranca la  \u201cConvenci\u00f3n Internacional de Tatuadores\u201d"},"content":{"rendered":"\n<figure class=\"wp-block-image size-large\"><img loading=\"lazy\" decoding=\"async\" width=\"1024\" height=\"682\" data-attachment-id=\"183890\" data-permalink=\"https:\/\/www.hoymercedes.com.ar\/principal\/2025\/04\/12\/arranca-la-convencion-internacional-de-tatuadores\/d-2\/#main\" data-orig-file=\"https:\/\/www.hoymercedes.com.ar\/principal\/wp-content\/uploads\/2025\/04\/D.jpg\" data-orig-size=\"1319,879\" data-comments-opened=\"0\" data-image-meta=\"{&quot;aperture&quot;:&quot;0&quot;,&quot;credit&quot;:&quot;&quot;,&quot;camera&quot;:&quot;&quot;,&quot;caption&quot;:&quot;&quot;,&quot;created_timestamp&quot;:&quot;0&quot;,&quot;copyright&quot;:&quot;&quot;,&quot;focal_length&quot;:&quot;0&quot;,&quot;iso&quot;:&quot;0&quot;,&quot;shutter_speed&quot;:&quot;0&quot;,&quot;title&quot;:&quot;&quot;,&quot;orientation&quot;:&quot;0&quot;}\" data-image-title=\"Arranca la  \u201cConvenci\u00f3n Internacional de Tatuadores\u201d\" data-image-description=\"&lt;p&gt;Arranca la  \u201cConvenci\u00f3n Internacional de Tatuadores\u201d&lt;\/p&gt;\n\" data-image-caption=\"&lt;p&gt;Arranca la  \u201cConvenci\u00f3n Internacional de Tatuadores\u201d&lt;\/p&gt;\n\" data-large-file=\"https:\/\/www.hoymercedes.com.ar\/principal\/wp-content\/uploads\/2025\/04\/D-1024x682.jpg\" src=\"https:\/\/www.hoymercedes.com.ar\/principal\/wp-content\/uploads\/2025\/04\/D-1024x682.jpg\" alt=\"\" class=\"wp-image-183890\" srcset=\"https:\/\/www.hoymercedes.com.ar\/principal\/wp-content\/uploads\/2025\/04\/D-1024x682.jpg 1024w, https:\/\/www.hoymercedes.com.ar\/principal\/wp-content\/uploads\/2025\/04\/D-630x420.jpg 630w, https:\/\/www.hoymercedes.com.ar\/principal\/wp-content\/uploads\/2025\/04\/D-150x100.jpg 150w, https:\/\/www.hoymercedes.com.ar\/principal\/wp-content\/uploads\/2025\/04\/D-700x465.jpg 700w, https:\/\/www.hoymercedes.com.ar\/principal\/wp-content\/uploads\/2025\/04\/D.jpg 1319w\" sizes=\"auto, (max-width: 1024px) 100vw, 1024px\" \/><\/figure>\n\n\n\n<p>Este fin de semana en La Trocha se viene la <strong>Convenci\u00f3n Internacional del Tatuadores<\/strong>. Tras el \u00e9xito de las ediciones anteriores se invita a participar de m\u00faltiples actividades art\u00edsticas. Cuenta con el apoyo de la Direcci\u00f3n de Cultura en vinculaci\u00f3n con el sector privado.<\/p>\n\n\n\n<p><strong>Christian Pellegrino<\/strong>, impulsor de la acci\u00f3n, coment\u00f3 que es \u201cla tercera edici\u00f3n, m\u00e1s internacional que nunca. Vamos con todo para esta porque tenemos muchas atracciones para el p\u00fablico en general\u201d dijo.<\/p>\n\n\n\n<p>Destac\u00f3 que \u201cser\u00e1 el s\u00e1bado y el domingo, desde las 10hs, con m\u00e1s de 150 tatuadores de todo el pa\u00eds, m\u00e1s representantes de Colombia, Uruguay, Venezuela\u201d y alg\u00fan otro pa\u00eds que est\u00e1 por confirmar el arribo.<\/p>\n\n\n\n<p>Sostuvo que \u201cvan a haber competencias de estilos como es habitual. Va a haber pantalla gigante a los costados y arriba de todo el escenario, todo interactivo, por lo cual la gente a la hora de la premiaci\u00f3n va a poder apreciar y ver cada tatuaje en detalle\u201d y \u201chabr\u00e1 una puesta en escena buen\u00edsima\u201d<\/p>\n\n\n\n<figure class=\"wp-block-image size-large\"><img loading=\"lazy\" decoding=\"async\" width=\"1024\" height=\"682\" data-attachment-id=\"183891\" data-permalink=\"https:\/\/www.hoymercedes.com.ar\/principal\/2025\/04\/12\/arranca-la-convencion-internacional-de-tatuadores\/a-9\/#main\" data-orig-file=\"https:\/\/www.hoymercedes.com.ar\/principal\/wp-content\/uploads\/2025\/04\/A.jpg\" data-orig-size=\"1319,879\" data-comments-opened=\"0\" data-image-meta=\"{&quot;aperture&quot;:&quot;0&quot;,&quot;credit&quot;:&quot;&quot;,&quot;camera&quot;:&quot;&quot;,&quot;caption&quot;:&quot;&quot;,&quot;created_timestamp&quot;:&quot;0&quot;,&quot;copyright&quot;:&quot;&quot;,&quot;focal_length&quot;:&quot;0&quot;,&quot;iso&quot;:&quot;0&quot;,&quot;shutter_speed&quot;:&quot;0&quot;,&quot;title&quot;:&quot;&quot;,&quot;orientation&quot;:&quot;0&quot;}\" data-image-title=\"A\" data-image-description=\"\" data-image-caption=\"\" data-large-file=\"https:\/\/www.hoymercedes.com.ar\/principal\/wp-content\/uploads\/2025\/04\/A-1024x682.jpg\" src=\"https:\/\/www.hoymercedes.com.ar\/principal\/wp-content\/uploads\/2025\/04\/A-1024x682.jpg\" alt=\"\" class=\"wp-image-183891\" srcset=\"https:\/\/www.hoymercedes.com.ar\/principal\/wp-content\/uploads\/2025\/04\/A-1024x682.jpg 1024w, https:\/\/www.hoymercedes.com.ar\/principal\/wp-content\/uploads\/2025\/04\/A-630x420.jpg 630w, https:\/\/www.hoymercedes.com.ar\/principal\/wp-content\/uploads\/2025\/04\/A-150x100.jpg 150w, https:\/\/www.hoymercedes.com.ar\/principal\/wp-content\/uploads\/2025\/04\/A-700x465.jpg 700w, https:\/\/www.hoymercedes.com.ar\/principal\/wp-content\/uploads\/2025\/04\/A.jpg 1319w\" sizes=\"auto, (max-width: 1024px) 100vw, 1024px\" \/><\/figure>\n\n\n\n<p>Tambi\u00e9n habr\u00e1 \u201ctenemos muchos stands de ropa e indumentaria de primera calidad, food trucks, dise\u00f1os exclusivos, rock, traps, freestyle, gastronom\u00eda, desde desayuno a merienda, con una cantidad de propuestas realmente muy interesantes\u201d manifest\u00f3 el artista y reconocido tatuador.<\/p>\n\n\n\n<p>Habr\u00e1, adem\u00e1s, competencias de ciclismo bmx, patineta y mucho m\u00e1s. Las propuestas se inician a las 10hs en La Trocha, con acceso libre y gratuito y se extienden durante toda la jornada tanto del s\u00e1bado como del domingo.<\/p>\n","protected":false},"excerpt":{"rendered":"<p>Este fin de semana en La Trocha se viene la Convenci\u00f3n Internacional del Tatuadores. Tras el \u00e9xito de las ediciones &#8230; <a title=\"Arranca la  \u201cConvenci\u00f3n Internacional de Tatuadores\u201d\" class=\"read-more\" href=\"https:\/\/www.hoymercedes.com.ar\/principal\/2025\/04\/12\/arranca-la-convencion-internacional-de-tatuadores\/\" aria-label=\"Leer m\u00e1s sobre Arranca la  \u201cConvenci\u00f3n Internacional de Tatuadores\u201d\">Leer m\u00e1s<\/a><\/p>\n","protected":false},"author":1,"featured_media":183890,"comment_status":"closed","ping_status":"open","sticky":false,"template":"","format":"standard","meta":{"_monsterinsights_skip_tracking":false,"_monsterinsights_sitenote_active":false,"_monsterinsights_sitenote_note":"","_monsterinsights_sitenote_category":0,"jetpack_post_was_ever_published":false,"_jetpack_newsletter_access":"","_jetpack_dont_email_post_to_subs":false,"_jetpack_newsletter_tier_id":0,"_jetpack_memberships_contains_paywalled_content":false,"_jetpack_memberships_contains_paid_content":false,"footnotes":"","jetpack_publicize_message":"","jetpack_publicize_feature_enabled":true,"jetpack_social_post_already_shared":true,"jetpack_social_options":{"image_generator_settings":{"template":"highway","default_image_id":0,"font":"","enabled":false},"version":2},"_wpas_customize_per_network":false},"categories":[104],"tags":[19478,20386],"class_list":["post-183889","post","type-post","status-publish","format-standard","has-post-thumbnail","hentry","category-cultura","tag-convencion-de-tatuajes-mercedes","tag-tatuajes-mercedes","generate-columns","tablet-grid-50","mobile-grid-100","grid-parent","grid-50"],"jetpack_publicize_connections":[],"jetpack_featured_media_url":"https:\/\/www.hoymercedes.com.ar\/principal\/wp-content\/uploads\/2025\/04\/D.jpg","wps_subtitle":"Encuentros","jetpack_sharing_enabled":true,"_links":{"self":[{"href":"https:\/\/www.hoymercedes.com.ar\/principal\/wp-json\/wp\/v2\/posts\/183889","targetHints":{"allow":["GET"]}}],"collection":[{"href":"https:\/\/www.hoymercedes.com.ar\/principal\/wp-json\/wp\/v2\/posts"}],"about":[{"href":"https:\/\/www.hoymercedes.com.ar\/principal\/wp-json\/wp\/v2\/types\/post"}],"author":[{"embeddable":true,"href":"https:\/\/www.hoymercedes.com.ar\/principal\/wp-json\/wp\/v2\/users\/1"}],"replies":[{"embeddable":true,"href":"https:\/\/www.hoymercedes.com.ar\/principal\/wp-json\/wp\/v2\/comments?post=183889"}],"version-history":[{"count":2,"href":"https:\/\/www.hoymercedes.com.ar\/principal\/wp-json\/wp\/v2\/posts\/183889\/revisions"}],"predecessor-version":[{"id":183893,"href":"https:\/\/www.hoymercedes.com.ar\/principal\/wp-json\/wp\/v2\/posts\/183889\/revisions\/183893"}],"wp:featuredmedia":[{"embeddable":true,"href":"https:\/\/www.hoymercedes.com.ar\/principal\/wp-json\/wp\/v2\/media\/183890"}],"wp:attachment":[{"href":"https:\/\/www.hoymercedes.com.ar\/principal\/wp-json\/wp\/v2\/media?parent=183889"}],"wp:term":[{"taxonomy":"category","embeddable":true,"href":"https:\/\/www.hoymercedes.com.ar\/principal\/wp-json\/wp\/v2\/categories?post=183889"},{"taxonomy":"post_tag","embeddable":true,"href":"https:\/\/www.hoymercedes.com.ar\/principal\/wp-json\/wp\/v2\/tags?post=183889"}],"curies":[{"name":"wp","href":"https:\/\/api.w.org\/{rel}","templated":true}]}}