{"id":183909,"date":"2025-04-13T17:43:10","date_gmt":"2025-04-13T20:43:10","guid":{"rendered":"https:\/\/www.hoymercedes.com.ar\/principal\/?p=183909"},"modified":"2025-04-13T17:43:12","modified_gmt":"2025-04-13T20:43:12","slug":"club-mercedes-no-logra-levantar-y-volvio-a-caer-en-primera-c-video","status":"publish","type":"post","link":"https:\/\/www.hoymercedes.com.ar\/principal\/2025\/04\/13\/club-mercedes-no-logra-levantar-y-volvio-a-caer-en-primera-c-video\/","title":{"rendered":"Club Mercedes no logra levantar y volvi\u00f3 a caer en Primera C (Video)"},"content":{"rendered":"\n<figure class=\"wp-block-embed is-type-video is-provider-youtube wp-block-embed-youtube wp-embed-aspect-16-9 wp-has-aspect-ratio\"><div class=\"wp-block-embed__wrapper\">\n<span class=\"embed-youtube\" style=\"text-align:center; display: block;\"><iframe loading=\"lazy\" class=\"youtube-player\" width=\"1200\" height=\"675\" src=\"https:\/\/www.youtube.com\/embed\/WAHjFzplEHA?version=3&#038;rel=1&#038;showsearch=0&#038;showinfo=1&#038;iv_load_policy=1&#038;fs=1&#038;hl=es-ES&#038;autohide=2&#038;wmode=transparent\" allowfullscreen=\"true\" style=\"border:0;\" sandbox=\"allow-scripts allow-same-origin allow-popups allow-presentation allow-popups-to-escape-sandbox\"><\/iframe><\/span>\n<\/div><\/figure>\n\n\n\n<p>El equipo de nuestra ciudad cay\u00f3 de visitante ante Deportivo Espa\u00f1ol. Fue por la m\u00ednima diferencia. Los dirigidos por Mena lograron tan s\u00f3lo 1 punto de \u00faltimos 12 jugados.<\/p>\n\n\n\n<p>Club Mercedes hizo un mal partido habiendo podido perder por m\u00e1s tantos, pero los locales no tuvieron finos en la definici\u00f3n.<\/p>\n\n\n\n<p>Espa\u00f1ol lleg\u00f3 a su segunda victoria del campeonato con un gol de Mauricio Fern\u00e1ndez logrando sumar 8 tantos en el campeonato.<\/p>\n\n\n\n<p>Mauricio Fern\u00e1ndez declar\u00f3 que \u201cestamos contentos con esta victoria. Necesit\u00e1bamos ganar y se dio\u201d y mencion\u00f3 que el entrenador \u201cpidi\u00f3 m\u00e1s tenencia y hoy pudimos hacerlo\u201d destacando que \u201cganar los 3 puntos es muy importante para seguir as\u00ed y acostumbrarnos a ganar\u201d.<\/p>\n\n\n\n<p>De esta manera Club Mercedes queda con 4 puntos en la tabla, teniendo s\u00f3lo debajo a Mu\u00f1iz con 1 y Cambaceres con 0, justamente con quienes sum\u00f3 puntos.<\/p>\n","protected":false},"excerpt":{"rendered":"<p>El equipo de nuestra ciudad cay\u00f3 de visitante ante Deportivo Espa\u00f1ol. Fue por la m\u00ednima diferencia. Los dirigidos por Mena &#8230; <a title=\"Club Mercedes no logra levantar y volvi\u00f3 a caer en Primera C (Video)\" class=\"read-more\" href=\"https:\/\/www.hoymercedes.com.ar\/principal\/2025\/04\/13\/club-mercedes-no-logra-levantar-y-volvio-a-caer-en-primera-c-video\/\" aria-label=\"Leer m\u00e1s sobre Club Mercedes no logra levantar y volvi\u00f3 a caer en Primera C (Video)\">Leer m\u00e1s<\/a><\/p>\n","protected":false},"author":1,"featured_media":183911,"comment_status":"closed","ping_status":"open","sticky":false,"template":"","format":"standard","meta":{"_monsterinsights_skip_tracking":false,"_monsterinsights_sitenote_active":false,"_monsterinsights_sitenote_note":"","_monsterinsights_sitenote_category":0,"jetpack_post_was_ever_published":false,"_jetpack_newsletter_access":"","_jetpack_dont_email_post_to_subs":false,"_jetpack_newsletter_tier_id":0,"_jetpack_memberships_contains_paywalled_content":false,"_jetpack_memberships_contains_paid_content":false,"footnotes":"","jetpack_publicize_message":"","jetpack_publicize_feature_enabled":true,"jetpack_social_post_already_shared":true,"jetpack_social_options":{"image_generator_settings":{"template":"highway","default_image_id":0,"font":"","enabled":false},"version":2},"_wpas_customize_per_network":false},"categories":[21],"tags":[122,19134],"class_list":["post-183909","post","type-post","status-publish","format-standard","has-post-thumbnail","hentry","category-deportes","tag-club-mercedes","tag-deportivo-espanol","generate-columns","tablet-grid-50","mobile-grid-100","grid-parent","grid-50"],"jetpack_publicize_connections":[],"jetpack_featured_media_url":"https:\/\/www.hoymercedes.com.ar\/principal\/wp-content\/uploads\/2025\/04\/DeportivoEspanol-ClubMercedes.png","wps_subtitle":"Primera C","jetpack_sharing_enabled":true,"_links":{"self":[{"href":"https:\/\/www.hoymercedes.com.ar\/principal\/wp-json\/wp\/v2\/posts\/183909","targetHints":{"allow":["GET"]}}],"collection":[{"href":"https:\/\/www.hoymercedes.com.ar\/principal\/wp-json\/wp\/v2\/posts"}],"about":[{"href":"https:\/\/www.hoymercedes.com.ar\/principal\/wp-json\/wp\/v2\/types\/post"}],"author":[{"embeddable":true,"href":"https:\/\/www.hoymercedes.com.ar\/principal\/wp-json\/wp\/v2\/users\/1"}],"replies":[{"embeddable":true,"href":"https:\/\/www.hoymercedes.com.ar\/principal\/wp-json\/wp\/v2\/comments?post=183909"}],"version-history":[{"count":2,"href":"https:\/\/www.hoymercedes.com.ar\/principal\/wp-json\/wp\/v2\/posts\/183909\/revisions"}],"predecessor-version":[{"id":183913,"href":"https:\/\/www.hoymercedes.com.ar\/principal\/wp-json\/wp\/v2\/posts\/183909\/revisions\/183913"}],"wp:featuredmedia":[{"embeddable":true,"href":"https:\/\/www.hoymercedes.com.ar\/principal\/wp-json\/wp\/v2\/media\/183911"}],"wp:attachment":[{"href":"https:\/\/www.hoymercedes.com.ar\/principal\/wp-json\/wp\/v2\/media?parent=183909"}],"wp:term":[{"taxonomy":"category","embeddable":true,"href":"https:\/\/www.hoymercedes.com.ar\/principal\/wp-json\/wp\/v2\/categories?post=183909"},{"taxonomy":"post_tag","embeddable":true,"href":"https:\/\/www.hoymercedes.com.ar\/principal\/wp-json\/wp\/v2\/tags?post=183909"}],"curies":[{"name":"wp","href":"https:\/\/api.w.org\/{rel}","templated":true}]}}