{"id":183916,"date":"2025-04-14T10:26:23","date_gmt":"2025-04-14T13:26:23","guid":{"rendered":"https:\/\/www.hoymercedes.com.ar\/principal\/?p=183916"},"modified":"2025-04-14T10:26:25","modified_gmt":"2025-04-14T13:26:25","slug":"mariel-solari-presento-en-vivo-su-disco-buscando-el-dia","status":"publish","type":"post","link":"https:\/\/www.hoymercedes.com.ar\/principal\/2025\/04\/14\/mariel-solari-presento-en-vivo-su-disco-buscando-el-dia\/","title":{"rendered":"Mariel Solari present\u00f3 en vivo su disco \u201cBuscando el d\u00eda\u201d"},"content":{"rendered":"\n<figure class=\"wp-block-image size-full is-resized\"><img loading=\"lazy\" decoding=\"async\" width=\"927\" height=\"618\" data-attachment-id=\"183917\" data-permalink=\"https:\/\/www.hoymercedes.com.ar\/principal\/2025\/04\/14\/mariel-solari-presento-en-vivo-su-disco-buscando-el-dia\/mariel-solari-2025\/#main\" data-orig-file=\"https:\/\/www.hoymercedes.com.ar\/principal\/wp-content\/uploads\/2025\/04\/Mariel-Solari-2025.jpg\" data-orig-size=\"927,618\" data-comments-opened=\"0\" data-image-meta=\"{&quot;aperture&quot;:&quot;0&quot;,&quot;credit&quot;:&quot;&quot;,&quot;camera&quot;:&quot;&quot;,&quot;caption&quot;:&quot;&quot;,&quot;created_timestamp&quot;:&quot;0&quot;,&quot;copyright&quot;:&quot;&quot;,&quot;focal_length&quot;:&quot;0&quot;,&quot;iso&quot;:&quot;0&quot;,&quot;shutter_speed&quot;:&quot;0&quot;,&quot;title&quot;:&quot;&quot;,&quot;orientation&quot;:&quot;0&quot;}\" data-image-title=\"Mariel Solari &amp;#8211; 2025\" data-image-description=\"&lt;p&gt;Mariel Solari present\u00f3 en vivo su disco \u201cBuscando el d\u00eda\u201d&lt;\/p&gt;\n\" data-image-caption=\"&lt;p&gt;Mariel Solari present\u00f3 en vivo su disco \u201cBuscando el d\u00eda\u201d&lt;\/p&gt;\n\" data-large-file=\"https:\/\/www.hoymercedes.com.ar\/principal\/wp-content\/uploads\/2025\/04\/Mariel-Solari-2025.jpg\" src=\"https:\/\/www.hoymercedes.com.ar\/principal\/wp-content\/uploads\/2025\/04\/Mariel-Solari-2025.jpg\" alt=\"\" class=\"wp-image-183917\" style=\"width:960px;height:auto\" srcset=\"https:\/\/www.hoymercedes.com.ar\/principal\/wp-content\/uploads\/2025\/04\/Mariel-Solari-2025.jpg 927w, https:\/\/www.hoymercedes.com.ar\/principal\/wp-content\/uploads\/2025\/04\/Mariel-Solari-2025-630x420.jpg 630w, https:\/\/www.hoymercedes.com.ar\/principal\/wp-content\/uploads\/2025\/04\/Mariel-Solari-2025-150x100.jpg 150w\" sizes=\"auto, (max-width: 927px) 100vw, 927px\" \/><\/figure>\n\n\n\n<p>Este s\u00e1bado \u201cLa trovadora\u201d Mariel se present\u00f3 en el Centro Cultural Bompell\u00f3n con un gran marco de p\u00fablico y con m\u00fasicos invitados.<br>Ya hace un mes el disco \u201cBuscando el d\u00eda\u201d est\u00e1 sonando en las plataformas m\u00e1s conocidas como Spootify o Youtube, pero la artista oriunda de Reconquista decidi\u00f3 presentarlo en vivo este s\u00e1bado en Bompell\u00f3n.<br>Una muy buena convocatoria tuvo la propuesta art\u00edstica, donde Solari hizo un repaso de las canciones del flamante disco, pero tambi\u00e9n hubo oportunidad para escuchar temas de la m\u00fasica popular argentina y latinoamericana.<br>El show tuvo un tono intimista, como resulta conceptualmente el disco, y cont\u00f3 con la actuaci\u00f3n de m\u00fasicos invitados como Santy Pauli, Virginia Altube, Marilina Erramuspe, Joa Romero, Daniela Scofone, Erika Brandauer y su hijo Sim\u00f3n Pollero (Saymuns).<\/p>\n","protected":false},"excerpt":{"rendered":"<p>Este s\u00e1bado \u201cLa trovadora\u201d Mariel se present\u00f3 en el Centro Cultural Bompell\u00f3n con un gran marco de p\u00fablico y con &#8230; <a title=\"Mariel Solari present\u00f3 en vivo su disco \u201cBuscando el d\u00eda\u201d\" class=\"read-more\" href=\"https:\/\/www.hoymercedes.com.ar\/principal\/2025\/04\/14\/mariel-solari-presento-en-vivo-su-disco-buscando-el-dia\/\" aria-label=\"Leer m\u00e1s sobre Mariel Solari present\u00f3 en vivo su disco \u201cBuscando el d\u00eda\u201d\">Leer m\u00e1s<\/a><\/p>\n","protected":false},"author":1,"featured_media":183917,"comment_status":"closed","ping_status":"open","sticky":false,"template":"","format":"standard","meta":{"_monsterinsights_skip_tracking":false,"_monsterinsights_sitenote_active":false,"_monsterinsights_sitenote_note":"","_monsterinsights_sitenote_category":0,"jetpack_post_was_ever_published":false,"_jetpack_newsletter_access":"","_jetpack_dont_email_post_to_subs":false,"_jetpack_newsletter_tier_id":0,"_jetpack_memberships_contains_paywalled_content":false,"_jetpack_memberships_contains_paid_content":false,"footnotes":"","jetpack_publicize_message":"","jetpack_publicize_feature_enabled":true,"jetpack_social_post_already_shared":true,"jetpack_social_options":{"image_generator_settings":{"template":"highway","default_image_id":0,"font":"","enabled":false},"version":2},"_wpas_customize_per_network":false},"categories":[104],"tags":[],"class_list":["post-183916","post","type-post","status-publish","format-standard","has-post-thumbnail","hentry","category-cultura","generate-columns","tablet-grid-50","mobile-grid-100","grid-parent","grid-50"],"jetpack_publicize_connections":[],"jetpack_featured_media_url":"https:\/\/www.hoymercedes.com.ar\/principal\/wp-content\/uploads\/2025\/04\/Mariel-Solari-2025.jpg","wps_subtitle":"Presentaci\u00f3n oficial ","jetpack_sharing_enabled":true,"_links":{"self":[{"href":"https:\/\/www.hoymercedes.com.ar\/principal\/wp-json\/wp\/v2\/posts\/183916","targetHints":{"allow":["GET"]}}],"collection":[{"href":"https:\/\/www.hoymercedes.com.ar\/principal\/wp-json\/wp\/v2\/posts"}],"about":[{"href":"https:\/\/www.hoymercedes.com.ar\/principal\/wp-json\/wp\/v2\/types\/post"}],"author":[{"embeddable":true,"href":"https:\/\/www.hoymercedes.com.ar\/principal\/wp-json\/wp\/v2\/users\/1"}],"replies":[{"embeddable":true,"href":"https:\/\/www.hoymercedes.com.ar\/principal\/wp-json\/wp\/v2\/comments?post=183916"}],"version-history":[{"count":2,"href":"https:\/\/www.hoymercedes.com.ar\/principal\/wp-json\/wp\/v2\/posts\/183916\/revisions"}],"predecessor-version":[{"id":183919,"href":"https:\/\/www.hoymercedes.com.ar\/principal\/wp-json\/wp\/v2\/posts\/183916\/revisions\/183919"}],"wp:featuredmedia":[{"embeddable":true,"href":"https:\/\/www.hoymercedes.com.ar\/principal\/wp-json\/wp\/v2\/media\/183917"}],"wp:attachment":[{"href":"https:\/\/www.hoymercedes.com.ar\/principal\/wp-json\/wp\/v2\/media?parent=183916"}],"wp:term":[{"taxonomy":"category","embeddable":true,"href":"https:\/\/www.hoymercedes.com.ar\/principal\/wp-json\/wp\/v2\/categories?post=183916"},{"taxonomy":"post_tag","embeddable":true,"href":"https:\/\/www.hoymercedes.com.ar\/principal\/wp-json\/wp\/v2\/tags?post=183916"}],"curies":[{"name":"wp","href":"https:\/\/api.w.org\/{rel}","templated":true}]}}