{"id":183938,"date":"2025-04-14T18:08:00","date_gmt":"2025-04-14T21:08:00","guid":{"rendered":"https:\/\/www.hoymercedes.com.ar\/principal\/?p=183938"},"modified":"2025-04-14T16:14:28","modified_gmt":"2025-04-14T19:14:28","slug":"el-miercoles-16-anses-atendera-en-gowland","status":"publish","type":"post","link":"https:\/\/www.hoymercedes.com.ar\/principal\/2025\/04\/14\/el-miercoles-16-anses-atendera-en-gowland\/","title":{"rendered":"El mi\u00e9rcoles 16 ANSES atender\u00e1 en Gowland"},"content":{"rendered":"\n<p>ANSES, organismo dependiente del Ministerio de Capital Humano, inform\u00f3 que este mi\u00e9rcoles 16 de abril estar\u00e1n en la Sociedad de Fomento de Gowland (Calle 511 N\u00b0 292) para llevar adelante uno de los operativos de atenci\u00f3n que llevan adelante en diferentes ciudades del pa\u00eds. Desde la hora 9 y hasta el mediod\u00eda se instalar\u00edan los dispositivos del ANSES para consultas y tr\u00e1mites.\u00a0<\/p>\n\n\n\n<p>Los interesados pueden acercarse con DNI y la documentaci\u00f3n requerida para realizar gestiones sobre la Asignaci\u00f3n Universal por Hijo y por Embarazo, asignaciones familiares y de pago \u00fanico (Nacimiento, Matrimonio y Adopci\u00f3n), presentaci\u00f3n del certificado escolar, Prestaci\u00f3n por Desempleo, Tarifa Social, cambio de lugar de cobro, designaci\u00f3n de apoderados, generaci\u00f3n de Clave de la Seguridad Social, constancia de empadronamiento a una Obra Social, actualizaci\u00f3n de datos personales, entre otras.<\/p>\n\n\n\n<p>Las ubicaciones, los d\u00edas y horarios en los que se desarrollan los operativos en el resto del pa\u00eds pueden consultarse\u00a0<a href=\"https:\/\/www.anses.gob.ar\/operativos-territoriales\" target=\"_blank\" rel=\"noreferrer noopener\">aqu\u00ed<\/a>.<\/p>\n","protected":false},"excerpt":{"rendered":"<p>ANSES, organismo dependiente del Ministerio de Capital Humano, inform\u00f3 que este mi\u00e9rcoles 16 de abril estar\u00e1n en la Sociedad de &#8230; <a title=\"El mi\u00e9rcoles 16 ANSES atender\u00e1 en Gowland\" class=\"read-more\" href=\"https:\/\/www.hoymercedes.com.ar\/principal\/2025\/04\/14\/el-miercoles-16-anses-atendera-en-gowland\/\" aria-label=\"Leer m\u00e1s sobre El mi\u00e9rcoles 16 ANSES atender\u00e1 en Gowland\">Leer m\u00e1s<\/a><\/p>\n","protected":false},"author":1,"featured_media":151261,"comment_status":"closed","ping_status":"open","sticky":false,"template":"","format":"standard","meta":{"_monsterinsights_skip_tracking":false,"_monsterinsights_sitenote_active":false,"_monsterinsights_sitenote_note":"","_monsterinsights_sitenote_category":0,"jetpack_post_was_ever_published":false,"_jetpack_newsletter_access":"","_jetpack_dont_email_post_to_subs":false,"_jetpack_newsletter_tier_id":0,"_jetpack_memberships_contains_paywalled_content":false,"_jetpack_memberships_contains_paid_content":false,"footnotes":"","jetpack_publicize_message":"","jetpack_publicize_feature_enabled":true,"jetpack_social_post_already_shared":true,"jetpack_social_options":{"image_generator_settings":{"template":"highway","default_image_id":0,"font":"","enabled":false},"version":2},"_wpas_customize_per_network":false},"categories":[8],"tags":[],"class_list":["post-183938","post","type-post","status-publish","format-standard","has-post-thumbnail","hentry","category-sociedad","generate-columns","tablet-grid-50","mobile-grid-100","grid-parent","grid-50"],"jetpack_publicize_connections":[],"jetpack_featured_media_url":"https:\/\/www.hoymercedes.com.ar\/principal\/wp-content\/uploads\/2022\/07\/Fachadas-ANSES.jpg","wps_subtitle":"","jetpack_sharing_enabled":true,"_links":{"self":[{"href":"https:\/\/www.hoymercedes.com.ar\/principal\/wp-json\/wp\/v2\/posts\/183938","targetHints":{"allow":["GET"]}}],"collection":[{"href":"https:\/\/www.hoymercedes.com.ar\/principal\/wp-json\/wp\/v2\/posts"}],"about":[{"href":"https:\/\/www.hoymercedes.com.ar\/principal\/wp-json\/wp\/v2\/types\/post"}],"author":[{"embeddable":true,"href":"https:\/\/www.hoymercedes.com.ar\/principal\/wp-json\/wp\/v2\/users\/1"}],"replies":[{"embeddable":true,"href":"https:\/\/www.hoymercedes.com.ar\/principal\/wp-json\/wp\/v2\/comments?post=183938"}],"version-history":[{"count":1,"href":"https:\/\/www.hoymercedes.com.ar\/principal\/wp-json\/wp\/v2\/posts\/183938\/revisions"}],"predecessor-version":[{"id":183939,"href":"https:\/\/www.hoymercedes.com.ar\/principal\/wp-json\/wp\/v2\/posts\/183938\/revisions\/183939"}],"wp:featuredmedia":[{"embeddable":true,"href":"https:\/\/www.hoymercedes.com.ar\/principal\/wp-json\/wp\/v2\/media\/151261"}],"wp:attachment":[{"href":"https:\/\/www.hoymercedes.com.ar\/principal\/wp-json\/wp\/v2\/media?parent=183938"}],"wp:term":[{"taxonomy":"category","embeddable":true,"href":"https:\/\/www.hoymercedes.com.ar\/principal\/wp-json\/wp\/v2\/categories?post=183938"},{"taxonomy":"post_tag","embeddable":true,"href":"https:\/\/www.hoymercedes.com.ar\/principal\/wp-json\/wp\/v2\/tags?post=183938"}],"curies":[{"name":"wp","href":"https:\/\/api.w.org\/{rel}","templated":true}]}}