{"id":183993,"date":"2023-05-20T09:52:00","date_gmt":"2023-05-20T12:52:00","guid":{"rendered":"https:\/\/www.hoymercedes.com.ar\/principal\/?p=183993"},"modified":"2025-04-16T09:55:58","modified_gmt":"2025-04-16T12:55:58","slug":"encuentro-entre-area-de-salud-mental-y-equipos-de-orientacion-escolar","status":"publish","type":"post","link":"https:\/\/www.hoymercedes.com.ar\/principal\/2023\/05\/20\/encuentro-entre-area-de-salud-mental-y-equipos-de-orientacion-escolar\/","title":{"rendered":"Encuentro entre \u00e1rea de Salud Mental y Equipos de Orientaci\u00f3n Escolar"},"content":{"rendered":"\n<figure class=\"wp-block-image size-full is-resized\"><img loading=\"lazy\" decoding=\"async\" width=\"602\" height=\"451\" data-attachment-id=\"183994\" data-permalink=\"https:\/\/www.hoymercedes.com.ar\/principal\/2023\/05\/20\/encuentro-entre-area-de-salud-mental-y-equipos-de-orientacion-escolar\/salud-1\/#main\" data-orig-file=\"https:\/\/www.hoymercedes.com.ar\/principal\/wp-content\/uploads\/2025\/04\/Salud-1.jpg\" data-orig-size=\"602,451\" data-comments-opened=\"0\" data-image-meta=\"{&quot;aperture&quot;:&quot;0&quot;,&quot;credit&quot;:&quot;&quot;,&quot;camera&quot;:&quot;&quot;,&quot;caption&quot;:&quot;&quot;,&quot;created_timestamp&quot;:&quot;0&quot;,&quot;copyright&quot;:&quot;&quot;,&quot;focal_length&quot;:&quot;0&quot;,&quot;iso&quot;:&quot;0&quot;,&quot;shutter_speed&quot;:&quot;0&quot;,&quot;title&quot;:&quot;&quot;,&quot;orientation&quot;:&quot;0&quot;}\" data-image-title=\"Salud-1\" data-image-description=\"\" data-image-caption=\"\" data-large-file=\"https:\/\/www.hoymercedes.com.ar\/principal\/wp-content\/uploads\/2025\/04\/Salud-1.jpg\" src=\"https:\/\/www.hoymercedes.com.ar\/principal\/wp-content\/uploads\/2025\/04\/Salud-1.jpg\" alt=\"\" class=\"wp-image-183994\" style=\"width:960px;height:auto\" srcset=\"https:\/\/www.hoymercedes.com.ar\/principal\/wp-content\/uploads\/2025\/04\/Salud-1.jpg 602w, https:\/\/www.hoymercedes.com.ar\/principal\/wp-content\/uploads\/2025\/04\/Salud-1-150x112.jpg 150w\" sizes=\"auto, (max-width: 602px) 100vw, 602px\" \/><\/figure>\n\n\n\n<p>El pasado viernes 19 de mayo, la inspectora de Psicolog\u00eda Comunitaria y Pedagog\u00eda Social Viviana Vives invit\u00f3 a dispositivos de Salud Mental (de gesti\u00f3n Nacional, Provincial y Municipal) a participar del Plenario para los Equipos de Orientaci\u00f3n Escolar en lo local&nbsp; que se llev\u00f3 a cabo en la Escuela de Est\u00e9tica n\u00b01.<\/p>\n\n\n\n<p>En el marco de un c\u00e1lido recibimiento,&nbsp; los referentes de estos dispositivos presentaron los espacios y propuestas, y los talleres sobre Salud Mental y Consumos Problem\u00e1ticos que se desarrollar\u00e1n en las escuelas secundarias de la ciudad.<\/p>\n\n\n\n<p>\u201cAgradecemos el recibimiento de los equipos, y apostamos a continuar construyendo un abordaje integral en conjunto, en pos del bienestar de los ni\u00f1xs y j\u00f3venes de nuestra ciudad\u201d concluyeron desde Salud Mental.<\/p>\n","protected":false},"excerpt":{"rendered":"<p>El pasado viernes 19 de mayo, la inspectora de Psicolog\u00eda Comunitaria y Pedagog\u00eda Social Viviana Vives invit\u00f3 a dispositivos de &#8230; <a title=\"Encuentro entre \u00e1rea de Salud Mental y Equipos de Orientaci\u00f3n Escolar\" class=\"read-more\" href=\"https:\/\/www.hoymercedes.com.ar\/principal\/2023\/05\/20\/encuentro-entre-area-de-salud-mental-y-equipos-de-orientacion-escolar\/\" aria-label=\"Leer m\u00e1s sobre Encuentro entre \u00e1rea de Salud Mental y Equipos de Orientaci\u00f3n Escolar\">Leer m\u00e1s<\/a><\/p>\n","protected":false},"author":1,"featured_media":183994,"comment_status":"closed","ping_status":"open","sticky":false,"template":"","format":"standard","meta":{"_monsterinsights_skip_tracking":false,"_monsterinsights_sitenote_active":false,"_monsterinsights_sitenote_note":"","_monsterinsights_sitenote_category":0,"jetpack_post_was_ever_published":false,"_jetpack_newsletter_access":"","_jetpack_dont_email_post_to_subs":false,"_jetpack_newsletter_tier_id":0,"_jetpack_memberships_contains_paywalled_content":false,"_jetpack_memberships_contains_paid_content":false,"footnotes":"","jetpack_publicize_message":"","jetpack_publicize_feature_enabled":true,"jetpack_social_post_already_shared":true,"jetpack_social_options":{"image_generator_settings":{"template":"highway","default_image_id":0,"font":"","enabled":false},"version":2},"_wpas_customize_per_network":false},"categories":[8],"tags":[],"class_list":["post-183993","post","type-post","status-publish","format-standard","has-post-thumbnail","hentry","category-sociedad","generate-columns","tablet-grid-50","mobile-grid-100","grid-parent","grid-50"],"jetpack_publicize_connections":[],"jetpack_featured_media_url":"https:\/\/www.hoymercedes.com.ar\/principal\/wp-content\/uploads\/2025\/04\/Salud-1.jpg","wps_subtitle":"","jetpack_sharing_enabled":true,"_links":{"self":[{"href":"https:\/\/www.hoymercedes.com.ar\/principal\/wp-json\/wp\/v2\/posts\/183993","targetHints":{"allow":["GET"]}}],"collection":[{"href":"https:\/\/www.hoymercedes.com.ar\/principal\/wp-json\/wp\/v2\/posts"}],"about":[{"href":"https:\/\/www.hoymercedes.com.ar\/principal\/wp-json\/wp\/v2\/types\/post"}],"author":[{"embeddable":true,"href":"https:\/\/www.hoymercedes.com.ar\/principal\/wp-json\/wp\/v2\/users\/1"}],"replies":[{"embeddable":true,"href":"https:\/\/www.hoymercedes.com.ar\/principal\/wp-json\/wp\/v2\/comments?post=183993"}],"version-history":[{"count":1,"href":"https:\/\/www.hoymercedes.com.ar\/principal\/wp-json\/wp\/v2\/posts\/183993\/revisions"}],"predecessor-version":[{"id":183995,"href":"https:\/\/www.hoymercedes.com.ar\/principal\/wp-json\/wp\/v2\/posts\/183993\/revisions\/183995"}],"wp:featuredmedia":[{"embeddable":true,"href":"https:\/\/www.hoymercedes.com.ar\/principal\/wp-json\/wp\/v2\/media\/183994"}],"wp:attachment":[{"href":"https:\/\/www.hoymercedes.com.ar\/principal\/wp-json\/wp\/v2\/media?parent=183993"}],"wp:term":[{"taxonomy":"category","embeddable":true,"href":"https:\/\/www.hoymercedes.com.ar\/principal\/wp-json\/wp\/v2\/categories?post=183993"},{"taxonomy":"post_tag","embeddable":true,"href":"https:\/\/www.hoymercedes.com.ar\/principal\/wp-json\/wp\/v2\/tags?post=183993"}],"curies":[{"name":"wp","href":"https:\/\/api.w.org\/{rel}","templated":true}]}}