{"id":183998,"date":"2025-04-17T00:24:21","date_gmt":"2025-04-17T03:24:21","guid":{"rendered":"https:\/\/www.hoymercedes.com.ar\/principal\/?p=183998"},"modified":"2025-04-17T00:24:23","modified_gmt":"2025-04-17T03:24:23","slug":"plantear-que-hay-fondos-publicos-sobre-los-que-no-existe-control-es-absolutamente-falso","status":"publish","type":"post","link":"https:\/\/www.hoymercedes.com.ar\/principal\/2025\/04\/17\/plantear-que-hay-fondos-publicos-sobre-los-que-no-existe-control-es-absolutamente-falso\/","title":{"rendered":"Plantear que hay fondos p\u00fablicos sobre los que no existe control es absolutamente falso"},"content":{"rendered":"\n<p>Solicitada oficial de la Municipalidad de Mercedes: <\/p>\n\n\n\n<p>La Municipalidad de Mercedes, ante una nueva campa\u00f1a de desinformaci\u00f3n impulsada por distintos sectores pol\u00edticos de nuestra ciudad, informa:<\/p>\n\n\n\n<p>. Ante la necesidad de atender una demanda evidente, la de la construcci\u00f3n de un nuevo cuartel de Bomberos Voluntarios en la localidad de Gowland, el municipio present\u00f3 un proyecto para modificar una ordenanza de 2020 y poder destinar una parte de recursos afectados originalmente a otra \u00e1rea.<\/p>\n\n\n\n<p>. Esa ordenanza, la 8354\/2020, afectaba los recursos generados por la venta de lotes del Sector Industrial Planificado a la construcci\u00f3n de \u201cinfraestructura productiva\u201d. Como un nuevo cuartel de Bomberos no pod\u00eda considerarse en esa categor\u00eda, el municipio present\u00f3 la ordenanza 9573\/2025, aprobada de lunes pasado, que incorpora la posibilidad de destinar recursos a la construcci\u00f3n de \u201cinfraestructura social\u201d.<\/p>\n\n\n\n<p>. De los recursos que conserva por la venta de aquellos lotes, el municipio asignar\u00e1 un porcentaje a los Bomberos Voluntarios, que completar\u00e1n la cifra necesaria para la edificaci\u00f3n del cuartel con aportes de la propia instituci\u00f3n e inclusive de los vecinos de las localidades de Gowland y Agote. Los Bomberos s\u00f3lo pueden usar a tal fin el subsidio entregado por el municipio.<\/p>\n\n\n\n<p>. El remanente de los recursos seguir\u00e1 afectados a la \u201cconstrucci\u00f3n de infraestructura productiva y\/o social\u201d, tal como establece la nueva ordenanza. La municipalidad no podr\u00e1 usar esos fondos en ning\u00fan otro destino y no formar\u00e1n parte del gasto corriente. ASIMISMO, COMO SUCEDE A\u00d1O A A\u00d1O, EL TRIBUNAL DE CUENTAS Y EL PROPIO HONORABLE CONCEJO DELIBERANTE PODR\u00c1N VERIFICAR QU\u00c9 DESTINO SE LES DIO A LOS FONDOS.<\/p>\n\n\n\n<p>. Por lo tanto, plantear que los fondos remanentes ser\u00e1n de \u201clibre disponibilidad\u201d, como han hecho sectores de la oposici\u00f3n, significa una falsedad absoluta: la famosa miente, miente, que algo queda. En cualquier caso, es imposible no ver un trasfondo pol\u00edtico en la interpretaci\u00f3n intencionada que hicieron del hecho los bloques opositores. Que, de m\u00ednima, busca empa\u00f1ar una excelente noticia.<\/p>\n\n\n\n<p>. Resultar\u00eda muy beneficioso para Mercedes, que la energ\u00eda que destinaron los concejales de la oposici\u00f3n en tratar de ensuciar un proceso eficiente y transparente que s\u00f3lo busca fortalecer la infraestructura local, apoyar una instituci\u00f3n ejemplar y atender una demanda de una localidad en crecimiento constante, la destinen en reclamarle al Gobierno Nacional que libere los fondos que tienen retenidos para obras en nuestra Ciudad, obras adem\u00e1s que venimos sosteniendo gracias al esfuerzo de nuestra comunidad y al aporte del Gobierno de la Provincia de Buenos Aires.<\/p>\n","protected":false},"excerpt":{"rendered":"<p>Solicitada oficial de la Municipalidad de Mercedes: La Municipalidad de Mercedes, ante una nueva campa\u00f1a de desinformaci\u00f3n impulsada por distintos &#8230; <a title=\"Plantear que hay fondos p\u00fablicos sobre los que no existe control es absolutamente falso\" class=\"read-more\" href=\"https:\/\/www.hoymercedes.com.ar\/principal\/2025\/04\/17\/plantear-que-hay-fondos-publicos-sobre-los-que-no-existe-control-es-absolutamente-falso\/\" aria-label=\"Leer m\u00e1s sobre Plantear que hay fondos p\u00fablicos sobre los que no existe control es absolutamente falso\">Leer m\u00e1s<\/a><\/p>\n","protected":false},"author":1,"featured_media":184003,"comment_status":"closed","ping_status":"open","sticky":false,"template":"","format":"standard","meta":{"_monsterinsights_skip_tracking":false,"_monsterinsights_sitenote_active":false,"_monsterinsights_sitenote_note":"","_monsterinsights_sitenote_category":0,"jetpack_post_was_ever_published":false,"_jetpack_newsletter_access":"","_jetpack_dont_email_post_to_subs":false,"_jetpack_newsletter_tier_id":0,"_jetpack_memberships_contains_paywalled_content":false,"_jetpack_memberships_contains_paid_content":false,"footnotes":"","jetpack_publicize_message":"","jetpack_publicize_feature_enabled":true,"jetpack_social_post_already_shared":true,"jetpack_social_options":{"image_generator_settings":{"template":"highway","default_image_id":0,"font":"","enabled":false},"version":2},"_wpas_customize_per_network":false},"categories":[8],"tags":[],"class_list":["post-183998","post","type-post","status-publish","format-standard","has-post-thumbnail","hentry","category-sociedad","generate-columns","tablet-grid-50","mobile-grid-100","grid-parent","grid-50"],"jetpack_publicize_connections":[],"jetpack_featured_media_url":"https:\/\/www.hoymercedes.com.ar\/principal\/wp-content\/uploads\/2025\/04\/MunicipalidadDeMercedes.jpg","wps_subtitle":"","jetpack_sharing_enabled":true,"_links":{"self":[{"href":"https:\/\/www.hoymercedes.com.ar\/principal\/wp-json\/wp\/v2\/posts\/183998","targetHints":{"allow":["GET"]}}],"collection":[{"href":"https:\/\/www.hoymercedes.com.ar\/principal\/wp-json\/wp\/v2\/posts"}],"about":[{"href":"https:\/\/www.hoymercedes.com.ar\/principal\/wp-json\/wp\/v2\/types\/post"}],"author":[{"embeddable":true,"href":"https:\/\/www.hoymercedes.com.ar\/principal\/wp-json\/wp\/v2\/users\/1"}],"replies":[{"embeddable":true,"href":"https:\/\/www.hoymercedes.com.ar\/principal\/wp-json\/wp\/v2\/comments?post=183998"}],"version-history":[{"count":1,"href":"https:\/\/www.hoymercedes.com.ar\/principal\/wp-json\/wp\/v2\/posts\/183998\/revisions"}],"predecessor-version":[{"id":184004,"href":"https:\/\/www.hoymercedes.com.ar\/principal\/wp-json\/wp\/v2\/posts\/183998\/revisions\/184004"}],"wp:featuredmedia":[{"embeddable":true,"href":"https:\/\/www.hoymercedes.com.ar\/principal\/wp-json\/wp\/v2\/media\/184003"}],"wp:attachment":[{"href":"https:\/\/www.hoymercedes.com.ar\/principal\/wp-json\/wp\/v2\/media?parent=183998"}],"wp:term":[{"taxonomy":"category","embeddable":true,"href":"https:\/\/www.hoymercedes.com.ar\/principal\/wp-json\/wp\/v2\/categories?post=183998"},{"taxonomy":"post_tag","embeddable":true,"href":"https:\/\/www.hoymercedes.com.ar\/principal\/wp-json\/wp\/v2\/tags?post=183998"}],"curies":[{"name":"wp","href":"https:\/\/api.w.org\/{rel}","templated":true}]}}