{"id":184033,"date":"2025-04-17T16:50:00","date_gmt":"2025-04-17T19:50:00","guid":{"rendered":"https:\/\/www.hoymercedes.com.ar\/principal\/?p=184033"},"modified":"2025-04-17T16:50:03","modified_gmt":"2025-04-17T19:50:03","slug":"nueva-titular-en-la-ayudantia-fiscal-de-carmen-de-areco","status":"publish","type":"post","link":"https:\/\/www.hoymercedes.com.ar\/principal\/2025\/04\/17\/nueva-titular-en-la-ayudantia-fiscal-de-carmen-de-areco\/","title":{"rendered":"Nueva titular en la Ayudant\u00eda Fiscal de Carmen de Areco"},"content":{"rendered":"\n<p>En la jornada del pasado martes 15, el fiscal general del Departamento Judicial de Mercedes, dr. Pablo Merola recibi\u00f3 juramento a la titular de la Ayudant\u00eda Fiscal de la localidad de Carmen de Areco. Se trata de la dra. Estefania Spena, quien fuera desde hace varios a\u00f1os secretaria en dicha dependencia.<\/p>\n\n\n\n<figure class=\"wp-block-image size-large\"><img loading=\"lazy\" decoding=\"async\" width=\"1024\" height=\"670\" data-attachment-id=\"184034\" data-permalink=\"https:\/\/www.hoymercedes.com.ar\/principal\/2025\/04\/17\/nueva-titular-en-la-ayudantia-fiscal-de-carmen-de-areco\/attachment\/1000196509\/#main\" data-orig-file=\"https:\/\/www.hoymercedes.com.ar\/principal\/wp-content\/uploads\/2025\/04\/1000196509.jpg\" data-orig-size=\"1280,837\" data-comments-opened=\"0\" data-image-meta=\"{&quot;aperture&quot;:&quot;0&quot;,&quot;credit&quot;:&quot;&quot;,&quot;camera&quot;:&quot;&quot;,&quot;caption&quot;:&quot;&quot;,&quot;created_timestamp&quot;:&quot;0&quot;,&quot;copyright&quot;:&quot;&quot;,&quot;focal_length&quot;:&quot;0&quot;,&quot;iso&quot;:&quot;0&quot;,&quot;shutter_speed&quot;:&quot;0&quot;,&quot;title&quot;:&quot;&quot;,&quot;orientation&quot;:&quot;0&quot;}\" data-image-title=\"1000196509\" data-image-description=\"\" data-image-caption=\"\" data-large-file=\"https:\/\/www.hoymercedes.com.ar\/principal\/wp-content\/uploads\/2025\/04\/1000196509-1024x670.jpg\" src=\"https:\/\/www.hoymercedes.com.ar\/principal\/wp-content\/uploads\/2025\/04\/1000196509-1024x670.jpg\" alt=\"\" class=\"wp-image-184034\" srcset=\"https:\/\/www.hoymercedes.com.ar\/principal\/wp-content\/uploads\/2025\/04\/1000196509-1024x670.jpg 1024w, https:\/\/www.hoymercedes.com.ar\/principal\/wp-content\/uploads\/2025\/04\/1000196509-630x412.jpg 630w, https:\/\/www.hoymercedes.com.ar\/principal\/wp-content\/uploads\/2025\/04\/1000196509-150x98.jpg 150w, https:\/\/www.hoymercedes.com.ar\/principal\/wp-content\/uploads\/2025\/04\/1000196509.jpg 1280w\" sizes=\"auto, (max-width: 1024px) 100vw, 1024px\" \/><\/figure>\n\n\n\n<p>En la fecha tom\u00f3 posesi\u00f3n de su cargo como Ayudante Fiscal, cargo que se encontraba vacante desde el cese de funciones del dr. Juan Pablo Bonett.<\/p>\n\n\n\n<p>La dra. Spena continuar\u00e1 contribuyendo al servicio de la dependencia descentralizada mejorando la atenci\u00f3n de la realidad delictual de dicho partido y de su p\u00fablico; en base a su trayectoria de responsabilidad, dedicaci\u00f3n y compromiso demostrado en su desempe\u00f1o en el Ministerio P\u00fablico Fiscal.<\/p>\n\n\n\n<p>Fuente: \u00c1rea Comunicacional &#8211; Ministerio P\u00fablico Fiscal Departamental Mercedes<\/p>\n","protected":false},"excerpt":{"rendered":"<p>En la jornada del pasado martes 15, el fiscal general del Departamento Judicial de Mercedes, dr. Pablo Merola recibi\u00f3 juramento &#8230; <a title=\"Nueva titular en la Ayudant\u00eda Fiscal de Carmen de Areco\" class=\"read-more\" href=\"https:\/\/www.hoymercedes.com.ar\/principal\/2025\/04\/17\/nueva-titular-en-la-ayudantia-fiscal-de-carmen-de-areco\/\" aria-label=\"Leer m\u00e1s sobre Nueva titular en la Ayudant\u00eda Fiscal de Carmen de Areco\">Leer m\u00e1s<\/a><\/p>\n","protected":false},"author":1,"featured_media":184034,"comment_status":"closed","ping_status":"open","sticky":false,"template":"","format":"standard","meta":{"_monsterinsights_skip_tracking":false,"_monsterinsights_sitenote_active":false,"_monsterinsights_sitenote_note":"","_monsterinsights_sitenote_category":0,"jetpack_post_was_ever_published":false,"_jetpack_newsletter_access":"","_jetpack_dont_email_post_to_subs":false,"_jetpack_newsletter_tier_id":0,"_jetpack_memberships_contains_paywalled_content":false,"_jetpack_memberships_contains_paid_content":false,"footnotes":"","jetpack_publicize_message":"","jetpack_publicize_feature_enabled":true,"jetpack_social_post_already_shared":true,"jetpack_social_options":{"image_generator_settings":{"template":"highway","default_image_id":0,"font":"","enabled":false},"version":2},"_wpas_customize_per_network":false},"categories":[8],"tags":[],"class_list":["post-184033","post","type-post","status-publish","format-standard","has-post-thumbnail","hentry","category-sociedad","generate-columns","tablet-grid-50","mobile-grid-100","grid-parent","grid-50"],"jetpack_publicize_connections":[],"jetpack_featured_media_url":"https:\/\/www.hoymercedes.com.ar\/principal\/wp-content\/uploads\/2025\/04\/1000196509.jpg","wps_subtitle":"","jetpack_sharing_enabled":true,"_links":{"self":[{"href":"https:\/\/www.hoymercedes.com.ar\/principal\/wp-json\/wp\/v2\/posts\/184033","targetHints":{"allow":["GET"]}}],"collection":[{"href":"https:\/\/www.hoymercedes.com.ar\/principal\/wp-json\/wp\/v2\/posts"}],"about":[{"href":"https:\/\/www.hoymercedes.com.ar\/principal\/wp-json\/wp\/v2\/types\/post"}],"author":[{"embeddable":true,"href":"https:\/\/www.hoymercedes.com.ar\/principal\/wp-json\/wp\/v2\/users\/1"}],"replies":[{"embeddable":true,"href":"https:\/\/www.hoymercedes.com.ar\/principal\/wp-json\/wp\/v2\/comments?post=184033"}],"version-history":[{"count":1,"href":"https:\/\/www.hoymercedes.com.ar\/principal\/wp-json\/wp\/v2\/posts\/184033\/revisions"}],"predecessor-version":[{"id":184035,"href":"https:\/\/www.hoymercedes.com.ar\/principal\/wp-json\/wp\/v2\/posts\/184033\/revisions\/184035"}],"wp:featuredmedia":[{"embeddable":true,"href":"https:\/\/www.hoymercedes.com.ar\/principal\/wp-json\/wp\/v2\/media\/184034"}],"wp:attachment":[{"href":"https:\/\/www.hoymercedes.com.ar\/principal\/wp-json\/wp\/v2\/media?parent=184033"}],"wp:term":[{"taxonomy":"category","embeddable":true,"href":"https:\/\/www.hoymercedes.com.ar\/principal\/wp-json\/wp\/v2\/categories?post=184033"},{"taxonomy":"post_tag","embeddable":true,"href":"https:\/\/www.hoymercedes.com.ar\/principal\/wp-json\/wp\/v2\/tags?post=184033"}],"curies":[{"name":"wp","href":"https:\/\/api.w.org\/{rel}","templated":true}]}}