{"id":184073,"date":"2025-04-20T17:18:00","date_gmt":"2025-04-20T20:18:00","guid":{"rendered":"https:\/\/www.hoymercedes.com.ar\/principal\/?p=184073"},"modified":"2025-04-20T20:04:21","modified_gmt":"2025-04-20T23:04:21","slug":"mercedes-sade-rindio-homenaje-a-roberto-j-payro","status":"publish","type":"post","link":"https:\/\/www.hoymercedes.com.ar\/principal\/2025\/04\/20\/mercedes-sade-rindio-homenaje-a-roberto-j-payro\/","title":{"rendered":"Mercedes SADE I rindi\u00f3 homenaje a Roberto J. Payr\u00f3"},"content":{"rendered":"\n<p>El pasado s\u00e1bado 19 de abril, se cumpli\u00f3 un nuevo aniversario del nacimiento del escritor \u00f1, periodista, dramaturgo y primer corresponsal de guerra argentino Roberto J. Payr\u00f3. A 158 a\u00f1os de ese acontecimiento, los escritores mercedinos reunidos en Mercedes SADE Internacional se dieron cita en la Plaza Rivadavia (San Luis) para homenajear al escritor mercedino donde se encuentra su monumento sobre calle 22. <\/p>\n\n\n\n<figure class=\"wp-block-image size-full\"><img loading=\"lazy\" decoding=\"async\" width=\"800\" height=\"533\" data-attachment-id=\"184099\" data-permalink=\"https:\/\/www.hoymercedes.com.ar\/principal\/2025\/04\/20\/mercedes-sade-rindio-homenaje-a-roberto-j-payro\/fb_img_1745189361685_copy_800x533\/#main\" data-orig-file=\"https:\/\/www.hoymercedes.com.ar\/principal\/wp-content\/uploads\/2025\/04\/FB_IMG_1745189361685_copy_800x533.jpg\" data-orig-size=\"800,533\" data-comments-opened=\"0\" data-image-meta=\"{&quot;aperture&quot;:&quot;0&quot;,&quot;credit&quot;:&quot;&quot;,&quot;camera&quot;:&quot;&quot;,&quot;caption&quot;:&quot;&quot;,&quot;created_timestamp&quot;:&quot;0&quot;,&quot;copyright&quot;:&quot;&quot;,&quot;focal_length&quot;:&quot;0&quot;,&quot;iso&quot;:&quot;0&quot;,&quot;shutter_speed&quot;:&quot;0&quot;,&quot;title&quot;:&quot;&quot;,&quot;orientation&quot;:&quot;0&quot;}\" data-image-title=\"FB_IMG_1745189361685_copy_800x533\" data-image-description=\"&lt;p&gt;Papa Francisca&lt;\/p&gt;\n\" data-image-caption=\"\" data-large-file=\"https:\/\/www.hoymercedes.com.ar\/principal\/wp-content\/uploads\/2025\/04\/FB_IMG_1745189361685_copy_800x533.jpg\" src=\"https:\/\/www.hoymercedes.com.ar\/principal\/wp-content\/uploads\/2025\/04\/FB_IMG_1745189361685_copy_800x533.jpg\" alt=\"\" class=\"wp-image-184099\" srcset=\"https:\/\/www.hoymercedes.com.ar\/principal\/wp-content\/uploads\/2025\/04\/FB_IMG_1745189361685_copy_800x533.jpg 800w, https:\/\/www.hoymercedes.com.ar\/principal\/wp-content\/uploads\/2025\/04\/FB_IMG_1745189361685_copy_800x533-630x420.jpg 630w, https:\/\/www.hoymercedes.com.ar\/principal\/wp-content\/uploads\/2025\/04\/FB_IMG_1745189361685_copy_800x533-150x100.jpg 150w, https:\/\/www.hoymercedes.com.ar\/principal\/wp-content\/uploads\/2025\/04\/FB_IMG_1745189361685_copy_800x533-700x465.jpg 700w\" sizes=\"auto, (max-width: 800px) 100vw, 800px\" \/><\/figure>\n\n\n\n<p>Durante el acto, se present\u00f3 y entregaron copias de la edici\u00f3n de las Antolog\u00edas producidas por M.SADE.I, entre ellas la referida a la madre \u00abel poema m\u00e1s largo del mundo con 226 autores\u00bb. Esta obra literaria fue creada por la cantante y escritora M\u00f3nica Petrillo con la intervenci\u00f3n de autores de todo el mundo durante la pandemia del covid-19<\/p>\n\n\n\n<p>En la ma\u00f1ana del s\u00e1bado, tambi\u00e9n, la escritora Graciela Brown ley\u00f3 una parte de la obra de Payr\u00f3 junto al monolito creado por Humberto Bracco.<\/p>\n\n\n\n<figure class=\"wp-block-image size-full\"><img loading=\"lazy\" decoding=\"async\" width=\"800\" height=\"533\" data-attachment-id=\"184098\" data-permalink=\"https:\/\/www.hoymercedes.com.ar\/principal\/2025\/04\/20\/mercedes-sade-rindio-homenaje-a-roberto-j-payro\/fb_img_1745189355530_copy_800x533\/#main\" data-orig-file=\"https:\/\/www.hoymercedes.com.ar\/principal\/wp-content\/uploads\/2025\/04\/FB_IMG_1745189355530_copy_800x533.jpg\" data-orig-size=\"800,533\" data-comments-opened=\"0\" data-image-meta=\"{&quot;aperture&quot;:&quot;0&quot;,&quot;credit&quot;:&quot;&quot;,&quot;camera&quot;:&quot;&quot;,&quot;caption&quot;:&quot;&quot;,&quot;created_timestamp&quot;:&quot;0&quot;,&quot;copyright&quot;:&quot;&quot;,&quot;focal_length&quot;:&quot;0&quot;,&quot;iso&quot;:&quot;0&quot;,&quot;shutter_speed&quot;:&quot;0&quot;,&quot;title&quot;:&quot;&quot;,&quot;orientation&quot;:&quot;0&quot;}\" data-image-title=\"FB_IMG_1745189355530_copy_800x533\" data-image-description=\"\" data-image-caption=\"\" data-large-file=\"https:\/\/www.hoymercedes.com.ar\/principal\/wp-content\/uploads\/2025\/04\/FB_IMG_1745189355530_copy_800x533.jpg\" src=\"https:\/\/www.hoymercedes.com.ar\/principal\/wp-content\/uploads\/2025\/04\/FB_IMG_1745189355530_copy_800x533.jpg\" alt=\"\" class=\"wp-image-184098\" srcset=\"https:\/\/www.hoymercedes.com.ar\/principal\/wp-content\/uploads\/2025\/04\/FB_IMG_1745189355530_copy_800x533.jpg 800w, https:\/\/www.hoymercedes.com.ar\/principal\/wp-content\/uploads\/2025\/04\/FB_IMG_1745189355530_copy_800x533-630x420.jpg 630w, https:\/\/www.hoymercedes.com.ar\/principal\/wp-content\/uploads\/2025\/04\/FB_IMG_1745189355530_copy_800x533-150x100.jpg 150w, https:\/\/www.hoymercedes.com.ar\/principal\/wp-content\/uploads\/2025\/04\/FB_IMG_1745189355530_copy_800x533-700x465.jpg 700w\" sizes=\"auto, (max-width: 800px) 100vw, 800px\" \/><\/figure>\n\n\n\n<p>Finalmente, Jorge Citr\u00e1ngolo Casal anunci\u00f3 la lista de escritores y obras que integrar\u00e1n el gran \u00abLibro de las Bibliotecas\u00bb.:<\/p>\n\n\n\n<ul class=\"wp-block-list\">\n<li>1 \u2013 Ana Mar\u00eda Carballo \u2013 Biblioteca Eufori\u00f3n de La Plata<\/li>\n\n\n\n<li>2 \u2013 Milfred Mart\u00ednez \u2013 Biblioteca defacto<\/li>\n\n\n\n<li>3 \u2013 Nerea In\u00e9s \u00c1lvarez \u2013 Biblioteca Popular \u201cAlmafuerte\u201d de Henderson<\/li>\n\n\n\n<li>4 \u2013 Juana Liliana Valtman &#8211; Biblioteca de la Ciudad de Buenos Aires<\/li>\n\n\n\n<li>5 \u2013 Noem\u00ed Rubiano \u2013 Biblioteca \u201cFlorentino Ameghino\u201d de Embajador Martini. La Pampa                                                                                                         <\/li>\n\n\n\n<li>6 \u2013 Alicia Mar\u00eda Salazar \u2013 Entre p\u00e1ginas y sue\u00f1os- Biblioteca  \u201cJos\u00e9 Ingenieros\u201d de C.arlos Casares                                                                                                           <\/li>\n\n\n\n<li>7 \u2013 Mirta Luj\u00e1n Mantovani \u2013 Biblioteca \u201cRafael Obligado\u201d de San Pedro<\/li>\n\n\n\n<li>8 \u2013 Armando Centofanti \u2013 Biblioteca M\u00f3vil de Merlo <\/li>\n\n\n\n<li>9 \u2013 Andr\u00e9 Norberto Baodoino \u2013 Biblioteca Nacional \u201cMariano Moreno\u201d \u2013 Buenos Aires<\/li>\n\n\n\n<li>10- Mar\u00eda Claudia Armesto \u2013 Biblioteca ONU de Mar del Plata.<\/li>\n\n\n\n<li>11 \u2013 Estela Mabel Acosta \u2013 Biblioteca \u201cBernardino Rivadavia\u201d de Tres Lomas, Bs. As.<\/li>\n\n\n\n<li>12 \u2013 Noem\u00ed Galarraga \u2013 Biblioteca \u201cAntonio Mentruyt\u201d de Lomas de Zamora.<\/li>\n\n\n\n<li>13 \u2013 Jorge Claudio Simiz \u2013 Historias presentes\u2026 Biblioteca \u201cM. Moreno\u201d Capilla del  Monte, C\u00f3rdoba.   <\/li>\n\n\n\n<li>14 \u2013 Olga Faus\u00f3n \u2013 Biblioteca \u201cJos\u00e9 Ingenieros\u201d de 9 de Julio.<\/li>\n\n\n\n<li>15 \u2013 Mauro Rastelli Polanco \u2013 Biblioteca Municipal de Mor\u00f3n \u201cD. F. Sarmiento\u201d  <\/li>\n\n\n\n<li>16 \u2013 Argelia D\u00edaz \u2013 La Biblioteca ONU: \u201cUn santuario de conocimiento en las  b\u00fasqueda de la Paz Global\u201d \u2013 Mar del Plata<\/li>\n\n\n\n<li>17 \u2013 Eduardo Ceballos \u2013 Biblioteca \u201cJ. Armando Caro\u201d: orgullo de Salta<\/li>\n\n\n\n<li>18 \u2013 Facundo Iv\u00e1n S\u00e1nchez \u2013 El Maestro <\/li>\n\n\n\n<li>19 \u2013 Bruna Mucignat \u2013 Biblioteca antiguas y el Santuario de libro de Jerusal\u00e9n<\/li>\n\n\n\n<li>20 \u2013 Sherry Puga  (Chile) \u2013 Biblioteca \u201cMariano Moreno\u201d de Argentina<\/li>\n\n\n\n<li>21 \u2013 Elba Noem\u00ed  Iberbia \u2013 Biblioteca \u201cJuan Bautista Alberdi\u201d de Carmen de Areco <\/li>\n\n\n\n<li>22 \u2013 Ceferino Lazcano \u2013 El lugar del Saber 1912 &#8211;  Biblioteca \u201cPrimero de Mayo\u201d de  Olavarr\u00eda.                                                                                                   <\/li>\n\n\n\n<li>23 \u2013 Jonny Guevara Hammond (Colombia) \u2013 La Biblioteca de mi t\u00eda Alice.<\/li>\n\n\n\n<li>24 \u2013 Stella Maris Dodd \u2013 Biblioteca \u201cRichard Jones Berwyn\u201d  de Gaiman, Chubut<\/li>\n\n\n\n<li>25 &#8211; Graciela Brown \u2013 Las voces  prohibidas<\/li>\n\n\n\n<li>26 \u2013 Diego Alberto Covarrubias Pezet (M\u00ebxico) \u2013 Perdiendo el tiempo.  <\/li>\n\n\n\n<li>27 \u2013 Rene Julio Milla Auger (Chile) \u2013 Recorrido<\/li>\n\n\n\n<li>28 \u2013 Alcira Cufr\u00e9 &#8211;  Biblioteca Museo Palacio \u201cL\u00f3pez Merino\u201d de La Plata<\/li>\n\n\n\n<li>29 \u2013 Jorge Marcelo Etchegoyen \u2013 Todo comenz\u00f3 all\u00ed.<\/li>\n\n\n\n<li>30 \u2013 Mar\u00eda Amelia Dinova Castro \u2013 A las bibliotecas.<\/li>\n\n\n\n<li>31 \u2013 Mar\u00eda Isabel Andriola \u2013 Primera Biblioteca P\u00fablica de Junin<\/li>\n\n\n\n<li>31 \u2013 Jorge A. Citr\u00e1ngolo Casal \u2013 La primer biblioteca.<\/li>\n<\/ul>\n","protected":false},"excerpt":{"rendered":"<p>El pasado s\u00e1bado 19 de abril, se cumpli\u00f3 un nuevo aniversario del nacimiento del escritor \u00f1, periodista, dramaturgo y primer &#8230; <a title=\"Mercedes SADE I rindi\u00f3 homenaje a Roberto J. Payr\u00f3\" class=\"read-more\" href=\"https:\/\/www.hoymercedes.com.ar\/principal\/2025\/04\/20\/mercedes-sade-rindio-homenaje-a-roberto-j-payro\/\" aria-label=\"Leer m\u00e1s sobre Mercedes SADE I rindi\u00f3 homenaje a Roberto J. Payr\u00f3\">Leer m\u00e1s<\/a><\/p>\n","protected":false},"author":1,"featured_media":184097,"comment_status":"closed","ping_status":"open","sticky":false,"template":"","format":"standard","meta":{"_monsterinsights_skip_tracking":false,"_monsterinsights_sitenote_active":false,"_monsterinsights_sitenote_note":"","_monsterinsights_sitenote_category":0,"jetpack_post_was_ever_published":false,"_jetpack_newsletter_access":"","_jetpack_dont_email_post_to_subs":false,"_jetpack_newsletter_tier_id":0,"_jetpack_memberships_contains_paywalled_content":false,"_jetpack_memberships_contains_paid_content":false,"footnotes":"","jetpack_publicize_message":"","jetpack_publicize_feature_enabled":true,"jetpack_social_post_already_shared":true,"jetpack_social_options":{"image_generator_settings":{"template":"highway","default_image_id":0,"font":"","enabled":false},"version":2},"_wpas_customize_per_network":false},"categories":[8],"tags":[],"class_list":["post-184073","post","type-post","status-publish","format-standard","has-post-thumbnail","hentry","category-sociedad","generate-columns","tablet-grid-50","mobile-grid-100","grid-parent","grid-50"],"jetpack_publicize_connections":[],"jetpack_featured_media_url":"https:\/\/www.hoymercedes.com.ar\/principal\/wp-content\/uploads\/2025\/04\/FB_IMG_1745189187466_copy_800x533.jpg","wps_subtitle":"","jetpack_sharing_enabled":true,"_links":{"self":[{"href":"https:\/\/www.hoymercedes.com.ar\/principal\/wp-json\/wp\/v2\/posts\/184073","targetHints":{"allow":["GET"]}}],"collection":[{"href":"https:\/\/www.hoymercedes.com.ar\/principal\/wp-json\/wp\/v2\/posts"}],"about":[{"href":"https:\/\/www.hoymercedes.com.ar\/principal\/wp-json\/wp\/v2\/types\/post"}],"author":[{"embeddable":true,"href":"https:\/\/www.hoymercedes.com.ar\/principal\/wp-json\/wp\/v2\/users\/1"}],"replies":[{"embeddable":true,"href":"https:\/\/www.hoymercedes.com.ar\/principal\/wp-json\/wp\/v2\/comments?post=184073"}],"version-history":[{"count":3,"href":"https:\/\/www.hoymercedes.com.ar\/principal\/wp-json\/wp\/v2\/posts\/184073\/revisions"}],"predecessor-version":[{"id":184102,"href":"https:\/\/www.hoymercedes.com.ar\/principal\/wp-json\/wp\/v2\/posts\/184073\/revisions\/184102"}],"wp:featuredmedia":[{"embeddable":true,"href":"https:\/\/www.hoymercedes.com.ar\/principal\/wp-json\/wp\/v2\/media\/184097"}],"wp:attachment":[{"href":"https:\/\/www.hoymercedes.com.ar\/principal\/wp-json\/wp\/v2\/media?parent=184073"}],"wp:term":[{"taxonomy":"category","embeddable":true,"href":"https:\/\/www.hoymercedes.com.ar\/principal\/wp-json\/wp\/v2\/categories?post=184073"},{"taxonomy":"post_tag","embeddable":true,"href":"https:\/\/www.hoymercedes.com.ar\/principal\/wp-json\/wp\/v2\/tags?post=184073"}],"curies":[{"name":"wp","href":"https:\/\/api.w.org\/{rel}","templated":true}]}}