{"id":18408,"date":"2012-12-02T19:58:28","date_gmt":"2012-12-02T19:58:28","guid":{"rendered":"http:\/\/www.hoymercedes.com.ar\/principal\/?p=18408"},"modified":"2012-12-02T19:59:57","modified_gmt":"2012-12-02T19:59:57","slug":"mercedinos-en-plenario-de-peronistas-sin-fronteras","status":"publish","type":"post","link":"https:\/\/www.hoymercedes.com.ar\/principal\/2012\/12\/02\/mercedinos-en-plenario-de-peronistas-sin-fronteras\/","title":{"rendered":"Mercedinos en plenario de \u00abPeronistas sin fronteras\u00bb"},"content":{"rendered":"<figure id=\"attachment_18410\" aria-describedby=\"caption-attachment-18410\" style=\"width: 608px\" class=\"wp-caption aligncenter\"><a href=\"https:\/\/www.hoymercedes.com.ar\/principal\/wp-content\/uploads\/2012\/12\/Melo-Arlia.jpg\"><img loading=\"lazy\" decoding=\"async\" data-attachment-id=\"18410\" data-permalink=\"https:\/\/www.hoymercedes.com.ar\/principal\/2012\/12\/02\/mercedinos-en-plenario-de-peronistas-sin-fronteras\/melo-arlia\/#main\" data-orig-file=\"https:\/\/www.hoymercedes.com.ar\/principal\/wp-content\/uploads\/2012\/12\/Melo-Arlia.jpg\" data-orig-size=\"618,478\" data-comments-opened=\"1\" data-image-meta=\"{&quot;aperture&quot;:&quot;0&quot;,&quot;credit&quot;:&quot;&quot;,&quot;camera&quot;:&quot;&quot;,&quot;caption&quot;:&quot;&quot;,&quot;created_timestamp&quot;:&quot;0&quot;,&quot;copyright&quot;:&quot;&quot;,&quot;focal_length&quot;:&quot;0&quot;,&quot;iso&quot;:&quot;0&quot;,&quot;shutter_speed&quot;:&quot;0&quot;,&quot;title&quot;:&quot;&quot;}\" data-image-title=\"Melo-Arlia\" data-image-description=\"&lt;p&gt;Marcelo Melo junto al Ministro Arl\u00eda en \u00abPeronistas sin Frontera\u00bb&lt;\/p&gt;\n\" data-image-caption=\"&lt;p&gt;Marcelo Melo junto al Ministro Arl\u00eda en \u00abPeronistas sin Frontera\u00bb&lt;\/p&gt;\n\" data-large-file=\"https:\/\/www.hoymercedes.com.ar\/principal\/wp-content\/uploads\/2012\/12\/Melo-Arlia.jpg\" class=\"size-full wp-image-18410\" title=\"Melo-Arlia\" src=\"https:\/\/www.hoymercedes.com.ar\/principal\/wp-content\/uploads\/2012\/12\/Melo-Arlia.jpg\" alt=\"Marcelo Melo junto al Ministro Arl\u00eda en &quot;Peronistas sin Frontera&quot;\" width=\"618\" height=\"478\" \/><\/a><figcaption id=\"caption-attachment-18410\" class=\"wp-caption-text\">Marcelo Melo junto al Ministro Arl\u00eda en \u00abPeronistas sin Frontera\u00bb<\/figcaption><\/figure>\n<p>Un importante grupo de militantes de nuestra ciudad participaron de un acto en la ciudad de Brandsen donde se llev\u00f3 a cabo un plenario de peronistas convocado por el grupo \u201cPeronistas sin fronteras\u201d que apoyan al gobernador Daniel Scioli.<\/p>\n<p>Estuvo en la reuni\u00f3n toda la liturgia peronista: bombos, c\u00e1nticos, fotos de Scioli, Per\u00f3n y de la presidenta Cristina Fern\u00e1ndez, sombrillas y sobre todo militancia y, en particular, los m\u00e1s j\u00f3venes.<\/p>\n<p>Brandsen es la ciudad gobernada por Arias donde se llev\u00f3 a cabo el plenario encabezado por el Ministro de Infraestructura Alejandro Arl\u00eda, la Ministra de Econom\u00eda Silvina Batakis y referentes de toda la provincia. Tambi\u00e9n estuvieron Mart\u00edn Di Bella, Ignacio Crotto, Nora De Luc\u00eda, entre otros.<\/p>\n<p><a href=\"https:\/\/www.hoymercedes.com.ar\/principal\/wp-content\/uploads\/2012\/12\/Peronistas-Sin-Fronteras.jpg\"><img loading=\"lazy\" decoding=\"async\" data-attachment-id=\"18411\" data-permalink=\"https:\/\/www.hoymercedes.com.ar\/principal\/2012\/12\/02\/mercedinos-en-plenario-de-peronistas-sin-fronteras\/peronistas-sin-fronteras\/#main\" data-orig-file=\"https:\/\/www.hoymercedes.com.ar\/principal\/wp-content\/uploads\/2012\/12\/Peronistas-Sin-Fronteras.jpg\" data-orig-size=\"618,390\" data-comments-opened=\"1\" data-image-meta=\"{&quot;aperture&quot;:&quot;0&quot;,&quot;credit&quot;:&quot;&quot;,&quot;camera&quot;:&quot;&quot;,&quot;caption&quot;:&quot;&quot;,&quot;created_timestamp&quot;:&quot;0&quot;,&quot;copyright&quot;:&quot;&quot;,&quot;focal_length&quot;:&quot;0&quot;,&quot;iso&quot;:&quot;0&quot;,&quot;shutter_speed&quot;:&quot;0&quot;,&quot;title&quot;:&quot;&quot;}\" data-image-title=\"Peronistas-Sin-Fronteras\" data-image-description=\"&lt;p&gt;Marcelo Melo junto al Ministro Arl\u00eda en \u00abPeronistas sin Frontera\u00bb&lt;\/p&gt;\n\" data-image-caption=\"\" data-large-file=\"https:\/\/www.hoymercedes.com.ar\/principal\/wp-content\/uploads\/2012\/12\/Peronistas-Sin-Fronteras.jpg\" class=\"aligncenter size-full wp-image-18411\" title=\"Peronistas-Sin-Fronteras\" src=\"https:\/\/www.hoymercedes.com.ar\/principal\/wp-content\/uploads\/2012\/12\/Peronistas-Sin-Fronteras.jpg\" alt=\"Marcelo Melo junto al Ministro Arl\u00eda en &quot;Peronistas sin Frontera&quot;\" width=\"618\" height=\"390\" srcset=\"https:\/\/www.hoymercedes.com.ar\/principal\/wp-content\/uploads\/2012\/12\/Peronistas-Sin-Fronteras.jpg 618w, https:\/\/www.hoymercedes.com.ar\/principal\/wp-content\/uploads\/2012\/12\/Peronistas-Sin-Fronteras-300x189.jpg 300w\" sizes=\"auto, (max-width: 618px) 100vw, 618px\" \/><\/a><\/p>\n<p>Desde Mercedes sali\u00f3 un micro con importante cantidad de j\u00f3venes y hombres de la militancia selvista que dieron su apoyo adem\u00e1s de estar hombres cercanos a la agrupaci\u00f3n Peronistas sin Fronteras, como Marcelo Melo. En la locuci\u00f3n del acto estuvo Diego Mar\u00fa. La salida se hizo desde la Agrupaci\u00f3n 17 de Octubre el d\u00eda s\u00e1bado por la ma\u00f1ana.<\/p>\n<p>Los mercedinos tuvieron su lugar en el acto ocupando no s\u00f3lo una parte del club sino que fueron animadores principales con todo el c\u00e1ntico tradicional, de ritmo futbolero, y con claras expresiones populares.<\/p>\n<p>Loe j\u00f3venes selvistas, de esta manera, no s\u00f3lo dieron el presente, sino que, adem\u00e1s, fueron parte de la jornada quedando retratados, como acto curioso, en varios sitios de noticias alrededor de la provincia.<\/p>\n","protected":false},"excerpt":{"rendered":"<p>Un importante grupo de militantes de nuestra ciudad participaron de un acto en la ciudad de Brandsen donde se llev\u00f3 &#8230; <a title=\"Mercedinos en plenario de \u00abPeronistas sin fronteras\u00bb\" class=\"read-more\" href=\"https:\/\/www.hoymercedes.com.ar\/principal\/2012\/12\/02\/mercedinos-en-plenario-de-peronistas-sin-fronteras\/\" aria-label=\"Leer m\u00e1s sobre Mercedinos en plenario de \u00abPeronistas sin fronteras\u00bb\">Leer m\u00e1s<\/a><\/p>\n","protected":false},"author":1,"featured_media":0,"comment_status":"open","ping_status":"open","sticky":false,"template":"","format":"standard","meta":{"_monsterinsights_skip_tracking":false,"_monsterinsights_sitenote_active":false,"_monsterinsights_sitenote_note":"","_monsterinsights_sitenote_category":0,"jetpack_post_was_ever_published":false,"_jetpack_newsletter_access":"","_jetpack_dont_email_post_to_subs":false,"_jetpack_newsletter_tier_id":0,"_jetpack_memberships_contains_paywalled_content":false,"_jetpack_memberships_contains_paid_content":false,"footnotes":"","jetpack_publicize_message":"","jetpack_publicize_feature_enabled":true,"jetpack_social_post_already_shared":false,"jetpack_social_options":{"image_generator_settings":{"template":"highway","default_image_id":0,"font":"","enabled":false},"version":2},"_wpas_customize_per_network":false},"categories":[5],"tags":[403,3040],"class_list":["post-18408","post","type-post","status-publish","format-standard","hentry","category-politica","tag-marcelo-melo","tag-peronistas-sin-frontera","generate-columns","tablet-grid-50","mobile-grid-100","grid-parent","grid-50"],"jetpack_publicize_connections":[],"jetpack_featured_media_url":"","wps_subtitle":"","jetpack_sharing_enabled":true,"_links":{"self":[{"href":"https:\/\/www.hoymercedes.com.ar\/principal\/wp-json\/wp\/v2\/posts\/18408","targetHints":{"allow":["GET"]}}],"collection":[{"href":"https:\/\/www.hoymercedes.com.ar\/principal\/wp-json\/wp\/v2\/posts"}],"about":[{"href":"https:\/\/www.hoymercedes.com.ar\/principal\/wp-json\/wp\/v2\/types\/post"}],"author":[{"embeddable":true,"href":"https:\/\/www.hoymercedes.com.ar\/principal\/wp-json\/wp\/v2\/users\/1"}],"replies":[{"embeddable":true,"href":"https:\/\/www.hoymercedes.com.ar\/principal\/wp-json\/wp\/v2\/comments?post=18408"}],"version-history":[{"count":0,"href":"https:\/\/www.hoymercedes.com.ar\/principal\/wp-json\/wp\/v2\/posts\/18408\/revisions"}],"wp:attachment":[{"href":"https:\/\/www.hoymercedes.com.ar\/principal\/wp-json\/wp\/v2\/media?parent=18408"}],"wp:term":[{"taxonomy":"category","embeddable":true,"href":"https:\/\/www.hoymercedes.com.ar\/principal\/wp-json\/wp\/v2\/categories?post=18408"},{"taxonomy":"post_tag","embeddable":true,"href":"https:\/\/www.hoymercedes.com.ar\/principal\/wp-json\/wp\/v2\/tags?post=18408"}],"curies":[{"name":"wp","href":"https:\/\/api.w.org\/{rel}","templated":true}]}}