{"id":184090,"date":"2025-04-20T19:35:37","date_gmt":"2025-04-20T22:35:37","guid":{"rendered":"https:\/\/www.hoymercedes.com.ar\/principal\/?p=184090"},"modified":"2025-04-20T19:36:09","modified_gmt":"2025-04-20T22:36:09","slug":"auto-despista-en-ruta-5","status":"publish","type":"post","link":"https:\/\/www.hoymercedes.com.ar\/principal\/2025\/04\/20\/auto-despista-en-ruta-5\/","title":{"rendered":"Auto despista en Ruta 5"},"content":{"rendered":"\n<p>En la ma\u00f1ana de este domingo se produjo el despiste de un autom\u00f3vil a la altura del kil\u00f3metro 138,300 de la ruta 5 jurisdicci\u00f3n del partido de Suipacha.<\/p>\n\n\n\n<figure class=\"wp-block-image size-large\"><img loading=\"lazy\" decoding=\"async\" width=\"1024\" height=\"768\" data-attachment-id=\"184092\" data-permalink=\"https:\/\/www.hoymercedes.com.ar\/principal\/2025\/04\/20\/auto-despista-en-ruta-5\/fb_img_1745188455509\/#main\" data-orig-file=\"https:\/\/www.hoymercedes.com.ar\/principal\/wp-content\/uploads\/2025\/04\/FB_IMG_1745188455509.jpg\" data-orig-size=\"1080,810\" data-comments-opened=\"0\" data-image-meta=\"{&quot;aperture&quot;:&quot;0&quot;,&quot;credit&quot;:&quot;&quot;,&quot;camera&quot;:&quot;&quot;,&quot;caption&quot;:&quot;&quot;,&quot;created_timestamp&quot;:&quot;0&quot;,&quot;copyright&quot;:&quot;&quot;,&quot;focal_length&quot;:&quot;0&quot;,&quot;iso&quot;:&quot;0&quot;,&quot;shutter_speed&quot;:&quot;0&quot;,&quot;title&quot;:&quot;&quot;,&quot;orientation&quot;:&quot;0&quot;}\" data-image-title=\"FB_IMG_1745188455509\" data-image-description=\"\" data-image-caption=\"\" data-large-file=\"https:\/\/www.hoymercedes.com.ar\/principal\/wp-content\/uploads\/2025\/04\/FB_IMG_1745188455509-1024x768.jpg\" src=\"https:\/\/www.hoymercedes.com.ar\/principal\/wp-content\/uploads\/2025\/04\/FB_IMG_1745188455509-1024x768.jpg\" alt=\"\" class=\"wp-image-184092\" srcset=\"https:\/\/www.hoymercedes.com.ar\/principal\/wp-content\/uploads\/2025\/04\/FB_IMG_1745188455509-1024x768.jpg 1024w, https:\/\/www.hoymercedes.com.ar\/principal\/wp-content\/uploads\/2025\/04\/FB_IMG_1745188455509-630x473.jpg 630w, https:\/\/www.hoymercedes.com.ar\/principal\/wp-content\/uploads\/2025\/04\/FB_IMG_1745188455509-150x113.jpg 150w, https:\/\/www.hoymercedes.com.ar\/principal\/wp-content\/uploads\/2025\/04\/FB_IMG_1745188455509.jpg 1080w\" sizes=\"auto, (max-width: 1024px) 100vw, 1024px\" \/><\/figure>\n\n\n\n<p>El siniestro se produjo a la bajada del puente sobre el arroyo \u00abLas Saladas\u00bb a metros del l\u00edmite entre los partidos de Suipacha y Chivilcoy, cuando el conductor de un autom\u00f3vil Citroen C5, color Celeste que circulaba en sentido Suipacha-Chivilcoy, al bajar el puente debi\u00f3 maniobrar hacia su banquina para evitar colisionar de frente con un cami\u00f3n que invadi\u00f3 su mano al adelantarse a una motocicleta, debido a lo cual pierde el control del automovil despistandose hacia la mano contraria cayendo a la zona de prestamo con agua.<\/p>\n\n\n\n<p>Afortunadamente los ocupantes lograron salir del habitaculo sin lesiones.<\/p>\n\n\n\n<p>En el veh\u00edculo viajaba una familia de Trenque Lauquen que se dirig\u00eda desde Capital Federal hacia est\u00e1 ciudad, compuesta por Ra\u00fal Oscar Su\u00e1rez , de 63 a\u00f1os , su esposa Delia Mabel Sollosqui , de 61 a\u00f1os , su hija Yamila Yanet Su\u00e1rez de 32 y dos menores,quienes si bien no sufrieron lesiones fueron atendidos por ambulancias del SAME de Suipacha y Chivilcoy.<br>Intervino Bomberos Voluntarios, Personal de Subcomisar\u00eda OI Dardo Garelli, policial vial de Chivilcoy y Polic\u00eda Comunal , CPR , ambulancia de Same de Suipacha.<\/p>\n\n\n\n<p>Se gener\u00f3 en primer momento amplio despliegue de elementos de emergencia debido a que el llamado al sistema 911 alertaba sobre un choque entre cuatro veh\u00edculos sobre el puente.<\/p>\n\n\n\n<p>Colaboraci\u00f3n: Jorge Lasala de Suipacha <\/p>\n","protected":false},"excerpt":{"rendered":"<p>En la ma\u00f1ana de este domingo se produjo el despiste de un autom\u00f3vil a la altura del kil\u00f3metro 138,300 de &#8230; <a title=\"Auto despista en Ruta 5\" class=\"read-more\" href=\"https:\/\/www.hoymercedes.com.ar\/principal\/2025\/04\/20\/auto-despista-en-ruta-5\/\" aria-label=\"Leer m\u00e1s sobre Auto despista en Ruta 5\">Leer m\u00e1s<\/a><\/p>\n","protected":false},"author":1,"featured_media":184091,"comment_status":"closed","ping_status":"open","sticky":false,"template":"","format":"standard","meta":{"_monsterinsights_skip_tracking":false,"_monsterinsights_sitenote_active":false,"_monsterinsights_sitenote_note":"","_monsterinsights_sitenote_category":0,"jetpack_post_was_ever_published":false,"_jetpack_newsletter_access":"","_jetpack_dont_email_post_to_subs":false,"_jetpack_newsletter_tier_id":0,"_jetpack_memberships_contains_paywalled_content":false,"_jetpack_memberships_contains_paid_content":false,"footnotes":"","jetpack_publicize_message":"","jetpack_publicize_feature_enabled":true,"jetpack_social_post_already_shared":true,"jetpack_social_options":{"image_generator_settings":{"template":"highway","default_image_id":0,"font":"","enabled":false},"version":2},"_wpas_customize_per_network":false},"categories":[8],"tags":[],"class_list":["post-184090","post","type-post","status-publish","format-standard","has-post-thumbnail","hentry","category-sociedad","generate-columns","tablet-grid-50","mobile-grid-100","grid-parent","grid-50"],"jetpack_publicize_connections":[],"jetpack_featured_media_url":"https:\/\/www.hoymercedes.com.ar\/principal\/wp-content\/uploads\/2025\/04\/FB_IMG_1745188450374.jpg","wps_subtitle":"","jetpack_sharing_enabled":true,"_links":{"self":[{"href":"https:\/\/www.hoymercedes.com.ar\/principal\/wp-json\/wp\/v2\/posts\/184090","targetHints":{"allow":["GET"]}}],"collection":[{"href":"https:\/\/www.hoymercedes.com.ar\/principal\/wp-json\/wp\/v2\/posts"}],"about":[{"href":"https:\/\/www.hoymercedes.com.ar\/principal\/wp-json\/wp\/v2\/types\/post"}],"author":[{"embeddable":true,"href":"https:\/\/www.hoymercedes.com.ar\/principal\/wp-json\/wp\/v2\/users\/1"}],"replies":[{"embeddable":true,"href":"https:\/\/www.hoymercedes.com.ar\/principal\/wp-json\/wp\/v2\/comments?post=184090"}],"version-history":[{"count":1,"href":"https:\/\/www.hoymercedes.com.ar\/principal\/wp-json\/wp\/v2\/posts\/184090\/revisions"}],"predecessor-version":[{"id":184093,"href":"https:\/\/www.hoymercedes.com.ar\/principal\/wp-json\/wp\/v2\/posts\/184090\/revisions\/184093"}],"wp:featuredmedia":[{"embeddable":true,"href":"https:\/\/www.hoymercedes.com.ar\/principal\/wp-json\/wp\/v2\/media\/184091"}],"wp:attachment":[{"href":"https:\/\/www.hoymercedes.com.ar\/principal\/wp-json\/wp\/v2\/media?parent=184090"}],"wp:term":[{"taxonomy":"category","embeddable":true,"href":"https:\/\/www.hoymercedes.com.ar\/principal\/wp-json\/wp\/v2\/categories?post=184090"},{"taxonomy":"post_tag","embeddable":true,"href":"https:\/\/www.hoymercedes.com.ar\/principal\/wp-json\/wp\/v2\/tags?post=184090"}],"curies":[{"name":"wp","href":"https:\/\/api.w.org\/{rel}","templated":true}]}}