{"id":184106,"date":"2025-04-21T13:10:37","date_gmt":"2025-04-21T16:10:37","guid":{"rendered":"https:\/\/www.hoymercedes.com.ar\/principal\/?p=184106"},"modified":"2025-04-21T13:10:41","modified_gmt":"2025-04-21T16:10:41","slug":"habra-misa-por-el-papa-francisco","status":"publish","type":"post","link":"https:\/\/www.hoymercedes.com.ar\/principal\/2025\/04\/21\/habra-misa-por-el-papa-francisco\/","title":{"rendered":"Habr\u00e1 misa por el Papa Francisco"},"content":{"rendered":"\n<p><\/p>\n\n\n\n<p>Monse\u00f1or <strong>Jorge Eduardo Scheining<\/strong> oficiar\u00e1 una misa en honor y homenaje al fallecido Papa Francisco, el argentino Jorge Bergoglio. La actividad ser\u00e1 a las 19hs este 21 de abril de 2024 en Catedral Bas\u00edlica.<\/p>\n\n\n\n<p>Francisco, de nombre secular Jorge Mario Bergoglio (Buenos Aires, 17 de diciembre de 1936-Ciudad del Vaticano, 21 de abril de 2025 fue el 266. \u00ba Papa de la Iglesia cat\u00f3lica. Como tal, fue el jefe de Estado y el octavo soberano de la Ciudad del Vaticano. Tras la renuncia de Benedicto XVI al pontificado, fue elegido el 13 de marzo de 2013 en la quinta votaci\u00f3n efectuada durante el segundo d\u00eda de c\u00f3nclave<\/p>\n\n\n\n<p>La invitaci\u00f3n es para toda la comunidad.<\/p>\n\n\n\n<p><\/p>\n","protected":false},"excerpt":{"rendered":"<p>Monse\u00f1or Jorge Eduardo Scheining oficiar\u00e1 una misa en honor y homenaje al fallecido Papa Francisco, el argentino Jorge Bergoglio. La &#8230; <a title=\"Habr\u00e1 misa por el Papa Francisco\" class=\"read-more\" href=\"https:\/\/www.hoymercedes.com.ar\/principal\/2025\/04\/21\/habra-misa-por-el-papa-francisco\/\" aria-label=\"Leer m\u00e1s sobre Habr\u00e1 misa por el Papa Francisco\">Leer m\u00e1s<\/a><\/p>\n","protected":false},"author":1,"featured_media":184107,"comment_status":"closed","ping_status":"open","sticky":false,"template":"","format":"standard","meta":{"_monsterinsights_skip_tracking":false,"_monsterinsights_sitenote_active":false,"_monsterinsights_sitenote_note":"","_monsterinsights_sitenote_category":0,"jetpack_post_was_ever_published":false,"_jetpack_newsletter_access":"","_jetpack_dont_email_post_to_subs":false,"_jetpack_newsletter_tier_id":0,"_jetpack_memberships_contains_paywalled_content":false,"_jetpack_memberships_contains_paid_content":false,"footnotes":"","jetpack_publicize_message":"","jetpack_publicize_feature_enabled":true,"jetpack_social_post_already_shared":true,"jetpack_social_options":{"image_generator_settings":{"template":"highway","default_image_id":0,"font":"","enabled":false},"version":2},"_wpas_customize_per_network":false},"categories":[8],"tags":[20399,20400],"class_list":["post-184106","post","type-post","status-publish","format-standard","has-post-thumbnail","hentry","category-sociedad","tag-jorge-educardo-scheining","tag-misa-papa-francisco","generate-columns","tablet-grid-50","mobile-grid-100","grid-parent","grid-50"],"jetpack_publicize_connections":[],"jetpack_featured_media_url":"https:\/\/www.hoymercedes.com.ar\/principal\/wp-content\/uploads\/2025\/04\/ParaFrancisco.jpg","wps_subtitle":"Papa Argentino","jetpack_sharing_enabled":true,"_links":{"self":[{"href":"https:\/\/www.hoymercedes.com.ar\/principal\/wp-json\/wp\/v2\/posts\/184106","targetHints":{"allow":["GET"]}}],"collection":[{"href":"https:\/\/www.hoymercedes.com.ar\/principal\/wp-json\/wp\/v2\/posts"}],"about":[{"href":"https:\/\/www.hoymercedes.com.ar\/principal\/wp-json\/wp\/v2\/types\/post"}],"author":[{"embeddable":true,"href":"https:\/\/www.hoymercedes.com.ar\/principal\/wp-json\/wp\/v2\/users\/1"}],"replies":[{"embeddable":true,"href":"https:\/\/www.hoymercedes.com.ar\/principal\/wp-json\/wp\/v2\/comments?post=184106"}],"version-history":[{"count":2,"href":"https:\/\/www.hoymercedes.com.ar\/principal\/wp-json\/wp\/v2\/posts\/184106\/revisions"}],"predecessor-version":[{"id":184109,"href":"https:\/\/www.hoymercedes.com.ar\/principal\/wp-json\/wp\/v2\/posts\/184106\/revisions\/184109"}],"wp:featuredmedia":[{"embeddable":true,"href":"https:\/\/www.hoymercedes.com.ar\/principal\/wp-json\/wp\/v2\/media\/184107"}],"wp:attachment":[{"href":"https:\/\/www.hoymercedes.com.ar\/principal\/wp-json\/wp\/v2\/media?parent=184106"}],"wp:term":[{"taxonomy":"category","embeddable":true,"href":"https:\/\/www.hoymercedes.com.ar\/principal\/wp-json\/wp\/v2\/categories?post=184106"},{"taxonomy":"post_tag","embeddable":true,"href":"https:\/\/www.hoymercedes.com.ar\/principal\/wp-json\/wp\/v2\/tags?post=184106"}],"curies":[{"name":"wp","href":"https:\/\/api.w.org\/{rel}","templated":true}]}}