{"id":184110,"date":"2025-04-21T16:17:58","date_gmt":"2025-04-21T19:17:58","guid":{"rendered":"https:\/\/www.hoymercedes.com.ar\/principal\/?p=184110"},"modified":"2025-04-21T16:18:18","modified_gmt":"2025-04-21T19:18:18","slug":"cambios-en-la-circulacion-vehicular-por-obras","status":"publish","type":"post","link":"https:\/\/www.hoymercedes.com.ar\/principal\/2025\/04\/21\/cambios-en-la-circulacion-vehicular-por-obras\/","title":{"rendered":"Cambios en la circulaci\u00f3n vehicular por obras"},"content":{"rendered":"\n<p>La Municipalidad de Mercedes, a trav\u00e9s de la Secretar\u00eda de Obras P\u00fablicas, anunci\u00f3 que habr\u00e1 dos modificaciones en estos d\u00edas dado que avanza la construcci\u00f3n del canal h\u00eddrico que se conocer\u00e1 como el \u201cCanal Santa Mar\u00eda\u201d.<\/p>\n\n\n\n<p>A partir de las obras, se solicita precauci\u00f3n en la circulaci\u00f3n vehicular, especialmente en:<\/p>\n\n\n\n<p>En 103, de 26 bis a avenida 30, se encuentra reducida a media calzada dado que ya se volc\u00f3 el hormig\u00f3n y por tal motivo se puede circular por uno de los sectores de la calle.<\/p>\n\n\n\n<p>En calle 24, de 105 a 109, la circulaci\u00f3n estar\u00e1 totalmente cortada desde el lunes 21 de abril dado que es la zona actual de obra, con maquinarias y excavaciones.<\/p>\n\n\n\n<p>\u00abPor tal motivo se solicita a la ciudadan\u00eda circular con precauci\u00f3n y se agradece la paciencia\u00bb, destacan desde el Municipio.<\/p>\n\n\n\n<figure class=\"wp-block-image size-large\"><img loading=\"lazy\" decoding=\"async\" width=\"1024\" height=\"1024\" data-attachment-id=\"184111\" data-permalink=\"https:\/\/www.hoymercedes.com.ar\/principal\/2025\/04\/21\/cambios-en-la-circulacion-vehicular-por-obras\/img-20250421-wa0008\/#main\" data-orig-file=\"https:\/\/www.hoymercedes.com.ar\/principal\/wp-content\/uploads\/2025\/04\/IMG-20250421-WA0008.jpg\" data-orig-size=\"1600,1600\" data-comments-opened=\"0\" data-image-meta=\"{&quot;aperture&quot;:&quot;0&quot;,&quot;credit&quot;:&quot;&quot;,&quot;camera&quot;:&quot;&quot;,&quot;caption&quot;:&quot;&quot;,&quot;created_timestamp&quot;:&quot;0&quot;,&quot;copyright&quot;:&quot;&quot;,&quot;focal_length&quot;:&quot;0&quot;,&quot;iso&quot;:&quot;0&quot;,&quot;shutter_speed&quot;:&quot;0&quot;,&quot;title&quot;:&quot;&quot;,&quot;orientation&quot;:&quot;0&quot;}\" data-image-title=\"IMG-20250421-WA0008\" data-image-description=\"\" data-image-caption=\"\" data-large-file=\"https:\/\/www.hoymercedes.com.ar\/principal\/wp-content\/uploads\/2025\/04\/IMG-20250421-WA0008-1024x1024.jpg\" src=\"https:\/\/www.hoymercedes.com.ar\/principal\/wp-content\/uploads\/2025\/04\/IMG-20250421-WA0008-1024x1024.jpg\" alt=\"\" class=\"wp-image-184111\" srcset=\"https:\/\/www.hoymercedes.com.ar\/principal\/wp-content\/uploads\/2025\/04\/IMG-20250421-WA0008-1024x1024.jpg 1024w, https:\/\/www.hoymercedes.com.ar\/principal\/wp-content\/uploads\/2025\/04\/IMG-20250421-WA0008-620x620.jpg 620w, https:\/\/www.hoymercedes.com.ar\/principal\/wp-content\/uploads\/2025\/04\/IMG-20250421-WA0008-150x150.jpg 150w, https:\/\/www.hoymercedes.com.ar\/principal\/wp-content\/uploads\/2025\/04\/IMG-20250421-WA0008-1536x1536.jpg 1536w, https:\/\/www.hoymercedes.com.ar\/principal\/wp-content\/uploads\/2025\/04\/IMG-20250421-WA0008.jpg 1600w\" sizes=\"auto, (max-width: 1024px) 100vw, 1024px\" \/><\/figure>\n","protected":false},"excerpt":{"rendered":"<p>La Municipalidad de Mercedes, a trav\u00e9s de la Secretar\u00eda de Obras P\u00fablicas, anunci\u00f3 que habr\u00e1 dos modificaciones en estos d\u00edas &#8230; <a title=\"Cambios en la circulaci\u00f3n vehicular por obras\" class=\"read-more\" href=\"https:\/\/www.hoymercedes.com.ar\/principal\/2025\/04\/21\/cambios-en-la-circulacion-vehicular-por-obras\/\" aria-label=\"Leer m\u00e1s sobre Cambios en la circulaci\u00f3n vehicular por obras\">Leer m\u00e1s<\/a><\/p>\n","protected":false},"author":1,"featured_media":184111,"comment_status":"closed","ping_status":"open","sticky":false,"template":"","format":"standard","meta":{"_monsterinsights_skip_tracking":false,"_monsterinsights_sitenote_active":false,"_monsterinsights_sitenote_note":"","_monsterinsights_sitenote_category":0,"jetpack_post_was_ever_published":false,"_jetpack_newsletter_access":"","_jetpack_dont_email_post_to_subs":false,"_jetpack_newsletter_tier_id":0,"_jetpack_memberships_contains_paywalled_content":false,"_jetpack_memberships_contains_paid_content":false,"footnotes":"","jetpack_publicize_message":"","jetpack_publicize_feature_enabled":true,"jetpack_social_post_already_shared":true,"jetpack_social_options":{"image_generator_settings":{"template":"highway","default_image_id":0,"font":"","enabled":false},"version":2},"_wpas_customize_per_network":false},"categories":[8],"tags":[],"class_list":["post-184110","post","type-post","status-publish","format-standard","has-post-thumbnail","hentry","category-sociedad","generate-columns","tablet-grid-50","mobile-grid-100","grid-parent","grid-50"],"jetpack_publicize_connections":[],"jetpack_featured_media_url":"https:\/\/www.hoymercedes.com.ar\/principal\/wp-content\/uploads\/2025\/04\/IMG-20250421-WA0008.jpg","wps_subtitle":"","jetpack_sharing_enabled":true,"_links":{"self":[{"href":"https:\/\/www.hoymercedes.com.ar\/principal\/wp-json\/wp\/v2\/posts\/184110","targetHints":{"allow":["GET"]}}],"collection":[{"href":"https:\/\/www.hoymercedes.com.ar\/principal\/wp-json\/wp\/v2\/posts"}],"about":[{"href":"https:\/\/www.hoymercedes.com.ar\/principal\/wp-json\/wp\/v2\/types\/post"}],"author":[{"embeddable":true,"href":"https:\/\/www.hoymercedes.com.ar\/principal\/wp-json\/wp\/v2\/users\/1"}],"replies":[{"embeddable":true,"href":"https:\/\/www.hoymercedes.com.ar\/principal\/wp-json\/wp\/v2\/comments?post=184110"}],"version-history":[{"count":2,"href":"https:\/\/www.hoymercedes.com.ar\/principal\/wp-json\/wp\/v2\/posts\/184110\/revisions"}],"predecessor-version":[{"id":184113,"href":"https:\/\/www.hoymercedes.com.ar\/principal\/wp-json\/wp\/v2\/posts\/184110\/revisions\/184113"}],"wp:featuredmedia":[{"embeddable":true,"href":"https:\/\/www.hoymercedes.com.ar\/principal\/wp-json\/wp\/v2\/media\/184111"}],"wp:attachment":[{"href":"https:\/\/www.hoymercedes.com.ar\/principal\/wp-json\/wp\/v2\/media?parent=184110"}],"wp:term":[{"taxonomy":"category","embeddable":true,"href":"https:\/\/www.hoymercedes.com.ar\/principal\/wp-json\/wp\/v2\/categories?post=184110"},{"taxonomy":"post_tag","embeddable":true,"href":"https:\/\/www.hoymercedes.com.ar\/principal\/wp-json\/wp\/v2\/tags?post=184110"}],"curies":[{"name":"wp","href":"https:\/\/api.w.org\/{rel}","templated":true}]}}